{"id":888,"date":"2020-07-23T07:44:13","date_gmt":"2020-07-23T07:44:13","guid":{"rendered":"https:\/\/que-barato.es\/blog\/?p=888"},"modified":"2020-11-04T10:15:47","modified_gmt":"2020-11-04T08:15:47","slug":"tu-casa-siempre-a-la-moda","status":"publish","type":"post","link":"https:\/\/que-sofas.es\/blog\/tu-casa-siempre-a-la-moda\/","title":{"rendered":"Tu casa, siempre a la moda."},"content":{"rendered":"\r\n<p class=\"has-drop-cap\">Con el buen tiempo, la mayor\u00eda de las personas aprovechamos para hacer reformas en nuestra casa y este a\u00f1o nos apetece m\u00e1s que nunca una renovaci\u00f3n. Estas pueden ir desde obras de gran envergadura hasta simple lavados de cara, como son: pintar, cambiar la distribuci\u00f3n de alguna estancia, <a href=\"https:\/\/que-barato.es\/\" target=\"_blank\" rel=\"noreferrer noopener\">alg\u00fan mueble<\/a>\u2026<\/p>\r\n\r\n\r\n\r\n<p>Es cierto que elegir el color de este cambio, en muchas ocasiones, nos puede llegar a provocar dolor de cabeza, ya que el miedo a que no quede bien juega un papel importante.<\/p>\r\n\r\n\r\n\r\n<div class=\"wp-block-image\">\r\n<figure class=\"aligncenter size-large\"><img decoding=\"async\" loading=\"lazy\" width=\"1030\" height=\"687\" class=\"wp-image-889\" src=\"https:\/\/que-barato.es\/blog\/wp-content\/uploads\/2020\/07\/1-5-1030x687.jpg\" alt=\"\" srcset=\"https:\/\/que-sofas.es\/blog\/wp-content\/uploads\/2020\/07\/1-5-1030x687.jpg 1030w, https:\/\/que-sofas.es\/blog\/wp-content\/uploads\/2020\/07\/1-5-300x200.jpg 300w, https:\/\/que-sofas.es\/blog\/wp-content\/uploads\/2020\/07\/1-5-768x512.jpg 768w, https:\/\/que-sofas.es\/blog\/wp-content\/uploads\/2020\/07\/1-5.jpg 1126w\" sizes=\"(max-width: 1030px) 100vw, 1030px\" \/><\/figure>\r\n<\/div>\r\n\r\n\r\n\r\n<p class=\"has-text-color has-col-711874-color\"><strong>\u00bfC\u00f3mo definir\u00edas el Verano en colores?<\/strong><\/p>\r\n\r\n\r\n\r\n<p><strong><span class=\"has-inline-color has-col-000000-color\">Para ayudaros un poco en este proceso de cambio,<\/span><\/strong> quiero daros a conocer al \u201cInstituto del Color Pantone\u201d. Ellos son los encargados de elegir el color de tendencia de cada a\u00f1o, donde se incluyen sectores como son la moda, dise\u00f1o gr\u00e1fico, dise\u00f1o industria, el mueble, entre otros.<\/p>\r\n\r\n\r\n\r\n<p><br \/><strong>El color elegido en este a\u00f1o 2020 es el PANTONE 19-4052 Classic blue. <\/strong><\/p>\r\n\r\n\r\n\r\n<p>Se trata de un tono de azul que nos aporta confianza, calma, tranquilidad, paz, conexi\u00f3n y elegancia. Es perfecto para la situaci\u00f3n que estamos viviendo a nivel mundial, porque lo que necesitamos es llegar a casa y relajarnos con nuestra familia en nuestro <span class=\"has-inline-color\" style=\"color: #000ba3;\"><a href=\"https:\/\/que-barato.es\/12-sofas\" target=\"_blank\" rel=\"noreferrer noopener\">sof\u00e1.<\/a> <\/span><\/p>\r\n\r\n\r\n\r\n<div class=\"wp-block-image\">\r\n<figure class=\"aligncenter size-large\"><img decoding=\"async\" loading=\"lazy\" width=\"1030\" height=\"356\" class=\"wp-image-890\" src=\"https:\/\/que-barato.es\/blog\/wp-content\/uploads\/2020\/07\/2-3-1030x356.jpg\" alt=\"\" srcset=\"https:\/\/que-sofas.es\/blog\/wp-content\/uploads\/2020\/07\/2-3-1030x356.jpg 1030w, https:\/\/que-sofas.es\/blog\/wp-content\/uploads\/2020\/07\/2-3-300x104.jpg 300w, https:\/\/que-sofas.es\/blog\/wp-content\/uploads\/2020\/07\/2-3-768x266.jpg 768w, https:\/\/que-sofas.es\/blog\/wp-content\/uploads\/2020\/07\/2-3.jpg 1200w\" sizes=\"(max-width: 1030px) 100vw, 1030px\" \/>\r\n<figcaption>M\u00e1s info aqu\u00ed: <a href=\"https:\/\/store.pantone.com\/es\/es\/color-of-the-year-2020-paletas-de-color\" target=\"_blank\" rel=\"noreferrer noopener\">Color del a\u00f1o 2020<\/a><\/figcaption>\r\n<\/figure>\r\n<\/div>\r\n\r\n\r\n\r\n<p class=\"has-text-color has-text-align-center has-col-444444-color\">\u00bfC\u00d3MO APLICAR ESTE COLOR EN CASA?<\/p>\r\n\r\n\r\n\r\n<h2 class=\"has-col-711874-color has-text-color wp-block-heading\">1-Paredes<\/h2>\r\n\r\n\r\n\r\n<p>El azul es un color fr\u00edo por excelencia, es por ello que genera un clima de frescura en el ambiente donde sea utilizado.<\/p>\r\n\r\n\r\n\r\n<p><strong>El color en la pared es muy vibrante,<\/strong> hay que tener cuidado ya que si pintamos todas las paredes de la habitaci\u00f3n de color azul, como resultado, puede provocar un efecto contrario al deseado. Pintar las paredes de azul puede ser arriesgado; <strong>es importante tener en cuenta varios elementos a la hora de pintar nuestra casa<\/strong>, sobre todo, suelo, <a href=\"https:\/\/que-barato.es\/12-sofas\" target=\"_blank\" rel=\"noreferrer noopener\">sof\u00e1<\/a>, <a href=\"https:\/\/que-barato.es\/17-armarios\" target=\"_blank\" rel=\"noreferrer noopener\">armarios,<\/a> el resto de las paredes, cortinas, etc..<\/p>\r\n\r\n\r\n\r\n<p>Hay una gama inmensa de azules que van desde los m\u00e1s claros hasta el azul m\u00e1s intenso, sin embargo, <strong>el efecto de pintar en una tonalidad u otra, cambia por completo. <\/strong><\/p>\r\n\r\n\r\n\r\n<p><strong>Lo m\u00e1s aconsejable<\/strong> es pintar una de las paredes en color azul y combinarla con un mobiliario y elementos decorativos en tonos blanco, tierra amarillos y\/o dorados. Por consiguiente, Elije tonos que se adecuen a la cantidad de luz de la habitaci\u00f3n, las dimensiones, sin dejar los gustos de lado.<\/p>\r\n\r\n\r\n\r\n<div class=\"wp-block-image\">\r\n<figure class=\"aligncenter size-large\"><img decoding=\"async\" loading=\"lazy\" width=\"1030\" height=\"579\" class=\"wp-image-891\" src=\"https:\/\/que-barato.es\/blog\/wp-content\/uploads\/2020\/07\/3-6-1030x579.jpg\" alt=\"\" srcset=\"https:\/\/que-sofas.es\/blog\/wp-content\/uploads\/2020\/07\/3-6-1030x579.jpg 1030w, https:\/\/que-sofas.es\/blog\/wp-content\/uploads\/2020\/07\/3-6-300x169.jpg 300w, https:\/\/que-sofas.es\/blog\/wp-content\/uploads\/2020\/07\/3-6-768x432.jpg 768w, https:\/\/que-sofas.es\/blog\/wp-content\/uploads\/2020\/07\/3-6.jpg 1280w\" sizes=\"(max-width: 1030px) 100vw, 1030px\" \/><\/figure>\r\n<\/div>\r\n\r\n\r\n\r\n<h2 class=\"has-col-711874-color has-text-color wp-block-heading\">2- Mobiliario<\/h2>\r\n\r\n\r\n\r\n<p>Si en lugar de aplicar el color de moda en la pared preferimos hacerlo en el <a href=\"https:\/\/que-barato.es\/19-mesas\" target=\"_blank\" rel=\"noreferrer noopener\">mobiliario de la casa<\/a>, la pieza m\u00e1s adecuada para empezar ser\u00eda el <a href=\"https:\/\/que-barato.es\/15-sofas-baratos\" target=\"_blank\" rel=\"noreferrer noopener\">sof\u00e1<\/a>. Claro est\u00e1 que se trata del elemento protagonista de<a href=\"https:\/\/que-barato.es\/\" target=\"_blank\" rel=\"noreferrer noopener\"> nuestro sal\u00f3n<\/a>, y elegir el chaiselongue en tono Classic Blue aportar\u00e1 a nuestra estancia, elegancia y estilo.<\/p>\r\n\r\n\r\n\r\n<p>&nbsp;<\/p>\r\n\r\n\r\n\r\n<figure class=\"wp-block-gallery columns-2 is-cropped wp-block-gallery-1 is-layout-flex wp-block-gallery-is-layout-flex\">\r\n<ul class=\"blocks-gallery-grid\">\r\n<li class=\"blocks-gallery-item\">\r\n<figure><img decoding=\"async\" loading=\"lazy\" width=\"800\" height=\"687\" class=\"wp-image-893\" src=\"https:\/\/que-barato.es\/blog\/wp-content\/uploads\/2020\/07\/451KNVCN.jpg\" alt=\"\" data-id=\"893\" data-full-url=\"https:\/\/que-barato.es\/blog\/wp-content\/uploads\/2020\/07\/451KNVCN.jpg\" data-link=\"https:\/\/que-barato.es\/blog\/?attachment_id=893\" srcset=\"https:\/\/que-sofas.es\/blog\/wp-content\/uploads\/2020\/07\/451KNVCN.jpg 800w, https:\/\/que-sofas.es\/blog\/wp-content\/uploads\/2020\/07\/451KNVCN-300x258.jpg 300w, https:\/\/que-sofas.es\/blog\/wp-content\/uploads\/2020\/07\/451KNVCN-768x660.jpg 768w\" sizes=\"(max-width: 800px) 100vw, 800px\" \/>\r\n<figcaption class=\"blocks-gallery-item__caption\">M\u00e1s info aqu\u00ed: <a href=\"https:\/\/que-barato.es\/sofas-baratos\/80-321-sofa-modular-konversi.html#\/100-colores-oceano\/106-n_plazas-3\" target=\"_blank\" rel=\"noreferrer noopener\">Sof\u00e1 3 plazas convertible en chaiselongue y cama<\/a><\/figcaption>\r\n<\/figure>\r\n<\/li>\r\n<li class=\"blocks-gallery-item\">\r\n<figure><img decoding=\"async\" loading=\"lazy\" width=\"800\" height=\"687\" class=\"wp-image-892\" src=\"https:\/\/que-barato.es\/blog\/wp-content\/uploads\/2020\/07\/451KNVCN_1.jpg\" alt=\"\" data-id=\"892\" data-link=\"https:\/\/que-barato.es\/blog\/?attachment_id=892\" srcset=\"https:\/\/que-sofas.es\/blog\/wp-content\/uploads\/2020\/07\/451KNVCN_1.jpg 800w, https:\/\/que-sofas.es\/blog\/wp-content\/uploads\/2020\/07\/451KNVCN_1-300x258.jpg 300w, https:\/\/que-sofas.es\/blog\/wp-content\/uploads\/2020\/07\/451KNVCN_1-768x660.jpg 768w\" sizes=\"(max-width: 800px) 100vw, 800px\" \/><\/figure>\r\n<\/li>\r\n<\/ul>\r\n<\/figure>\r\n\r\n\r\n\r\n<h2 class=\"has-col-711874-color has-text-color wp-block-heading\">3- Elementos decorativos.<\/h2>\r\n\r\n\r\n\r\n<p>Para que exista un hilo conductor con el resto de la casa, los distintos tonos azules, podemos emplearlo en elementos decorativos como son cortinas, s\u00e1banas, cojines, cabeceros, jarrones, l\u00e1mparas\u2026De esta forma, conseguiremos de cada estancia un espacio de relajaci\u00f3n y calma propio del color Classic Blue<\/p>\r\n\r\n\r\n\r\n<div class=\"wp-block-image\">\r\n<figure class=\"aligncenter size-large\"><img decoding=\"async\" loading=\"lazy\" width=\"1030\" height=\"687\" class=\"wp-image-894\" src=\"https:\/\/que-barato.es\/blog\/wp-content\/uploads\/2020\/07\/4-2-1030x687.jpg\" alt=\"\" srcset=\"https:\/\/que-sofas.es\/blog\/wp-content\/uploads\/2020\/07\/4-2-1030x687.jpg 1030w, https:\/\/que-sofas.es\/blog\/wp-content\/uploads\/2020\/07\/4-2-300x200.jpg 300w, https:\/\/que-sofas.es\/blog\/wp-content\/uploads\/2020\/07\/4-2-768x512.jpg 768w, https:\/\/que-sofas.es\/blog\/wp-content\/uploads\/2020\/07\/4-2.jpg 1193w\" sizes=\"(max-width: 1030px) 100vw, 1030px\" \/><\/figure>\r\n<\/div>\r\n\r\n\r\n\r\n<p><strong>Por lo tanto, elegir los colores que van a decorar nuestro hogar no tarea f\u00e1cil.<\/strong> Por esta raz\u00f3n, es muy importante tener en cuenta la luz de la habitaci\u00f3n, el tama\u00f1o y para que se utiliza la estancia. <strong>Tambi\u00e9n con el color, podemos diferenciar ambientes, crear espacios \u00fanicos que se conviertan en nuestro rinc\u00f3n de casa favorito.<\/strong> Con este post queremos daros a conocer el color m\u00e1s actual, los colores que est\u00e1n de moda y saber como combinarlos.<\/p>\r\n\r\n\r\n\r\n<p>Finalmente deciros que en nuestras tiendas contamos con profesionales que te ayudaran a <a href=\"https:\/\/que-barato.es\/12-sofas\" target=\"_blank\" rel=\"noreferrer noopener\">combinar tu sof\u00e1<\/a> con el resto de mobiliario y decoraci\u00f3n. \u00bfTe animas este Verano a poner en pr\u00e1ctica el color de moda PANTONE 19,4052 Classic blue?<\/p>\r\n\r\n\r\n\r\n<p>&nbsp;<\/p>\r\n\r\n\r\n\r\n<p class=\"has-text-align-center\">Visita nuestra tienda online las 24h en www.que-barato.es<\/p>\r\n\r\n\r\n\r\n<p class=\"has-text-align-center\">Nuestras redes sociales, \u00a1\u00a1S\u00edguenos!!<\/p>\r\n\r\n\r\n\r\n<p class=\"has-text-align-center\">Facebook<\/p>\r\n\r\n\r\n\r\n<p class=\"has-text-align-center\">Instagram<\/p>\r\n\r\n\r\n\r\n<p class=\"has-text-align-center\">Twitter<\/p>\r\n\r\n\r\n\r\n<p class=\"has-text-align-center\">Pinterest<\/p>\r\n\r\n<p>&nbsp;<\/p>","protected":false},"excerpt":{"rendered":"<p>Con el buen tiempo, la mayor\u00eda de las personas aprovechamos para hacer reformas en nuestra casa y este a\u00f1o nos apetece m\u00e1s que nunca una renovaci\u00f3n. Estas pueden ir desde obras de gran envergadura hasta simple lavados de cara, como son: pintar, cambiar la distribuci\u00f3n de alguna estancia, alg\u00fan mueble\u2026 Es cierto que elegir el [&hellip;]<\/p>\n","protected":false},"author":3,"featured_media":895,"comment_status":"open","ping_status":"open","sticky":false,"template":"","format":"standard","meta":{"footnotes":""},"categories":[39],"tags":[60,91,98,106,149,171,177,180,182,195,222,229,231,232,251],"yoast_head":"<!-- This site is optimized with the Yoast SEO plugin v21.2 - https:\/\/yoast.com\/wordpress\/plugins\/seo\/ -->\n<title>Tu casa, siempre a la moda. | Qu\u00e9 Barato Blog<\/title>\n<meta name=\"description\" content=\"Tu casa siempre a la moda\" \/>\n<meta name=\"robots\" content=\"index, follow, max-snippet:-1, max-image-preview:large, max-video-preview:-1\" \/>\n<link rel=\"canonical\" href=\"https:\/\/que-sofas.es\/blog\/tu-casa-siempre-a-la-moda\/\" \/>\n<meta property=\"og:locale\" content=\"es_ES\" \/>\n<meta property=\"og:type\" content=\"article\" \/>\n<meta property=\"og:title\" content=\"Tu casa, siempre a la moda. | Qu\u00e9 Barato Blog\" \/>\n<meta property=\"og:description\" content=\"Tu casa siempre a la moda\" \/>\n<meta property=\"og:url\" content=\"https:\/\/que-sofas.es\/blog\/tu-casa-siempre-a-la-moda\/\" \/>\n<meta property=\"og:site_name\" content=\"Que Sof\u00e1s Blog\" \/>\n<meta property=\"article:publisher\" content=\"https:\/\/www.facebook.com\/quesofasbarato\" \/>\n<meta property=\"article:published_time\" content=\"2020-07-23T07:44:13+00:00\" \/>\n<meta property=\"article:modified_time\" content=\"2020-11-04T08:15:47+00:00\" \/>\n<meta property=\"og:image\" content=\"https:\/\/que-sofas.es\/blog\/wp-content\/uploads\/2020\/07\/1-6.jpg\" \/>\n\t<meta property=\"og:image:width\" content=\"1126\" \/>\n\t<meta property=\"og:image:height\" content=\"751\" \/>\n\t<meta property=\"og:image:type\" content=\"image\/jpeg\" \/>\n<meta name=\"author\" content=\"Que Barato\" \/>\n<meta name=\"twitter:card\" content=\"summary_large_image\" \/>\n<meta name=\"twitter:label1\" content=\"Escrito por\" \/>\n\t<meta name=\"twitter:data1\" content=\"Que Barato\" \/>\n\t<meta name=\"twitter:label2\" content=\"Tiempo de lectura\" \/>\n\t<meta name=\"twitter:data2\" content=\"3 minutos\" \/>\n<script type=\"application\/ld+json\" class=\"yoast-schema-graph\">{\"@context\":\"https:\/\/schema.org\",\"@graph\":[{\"@type\":\"Article\",\"@id\":\"https:\/\/que-sofas.es\/blog\/tu-casa-siempre-a-la-moda\/#article\",\"isPartOf\":{\"@id\":\"https:\/\/que-sofas.es\/blog\/tu-casa-siempre-a-la-moda\/\"},\"author\":{\"name\":\"Que Barato\",\"@id\":\"https:\/\/que-sofas.es\/blog\/#\/schema\/person\/70cf32421bda4ee10a724cebf2437836\"},\"headline\":\"Tu casa, siempre a la moda.\",\"datePublished\":\"2020-07-23T07:44:13+00:00\",\"dateModified\":\"2020-11-04T08:15:47+00:00\",\"mainEntityOfPage\":{\"@id\":\"https:\/\/que-sofas.es\/blog\/tu-casa-siempre-a-la-moda\/\"},\"wordCount\":680,\"commentCount\":0,\"publisher\":{\"@id\":\"https:\/\/que-sofas.es\/blog\/#organization\"},\"keywords\":[\"armario\",\"chaiselongue\",\"colorazul\",\"Consejos\",\"ideas\",\"mesa\",\"moda\",\"muebles\",\"mueblesbaratos\",\"pintarparedes\",\"silla\",\"sof\u00e1\",\"sofabarato\",\"sofacama\",\"tendencia\"],\"articleSection\":[\"Ideas y consejos\"],\"inLanguage\":\"es\",\"potentialAction\":[{\"@type\":\"CommentAction\",\"name\":\"Comment\",\"target\":[\"https:\/\/que-sofas.es\/blog\/tu-casa-siempre-a-la-moda\/#respond\"]}]},{\"@type\":\"WebPage\",\"@id\":\"https:\/\/que-sofas.es\/blog\/tu-casa-siempre-a-la-moda\/\",\"url\":\"https:\/\/que-sofas.es\/blog\/tu-casa-siempre-a-la-moda\/\",\"name\":\"Tu casa, siempre a la moda. | Qu\u00e9 Barato Blog\",\"isPartOf\":{\"@id\":\"https:\/\/que-sofas.es\/blog\/#website\"},\"datePublished\":\"2020-07-23T07:44:13+00:00\",\"dateModified\":\"2020-11-04T08:15:47+00:00\",\"description\":\"Tu casa siempre a la moda\",\"breadcrumb\":{\"@id\":\"https:\/\/que-sofas.es\/blog\/tu-casa-siempre-a-la-moda\/#breadcrumb\"},\"inLanguage\":\"es\",\"potentialAction\":[{\"@type\":\"ReadAction\",\"target\":[\"https:\/\/que-sofas.es\/blog\/tu-casa-siempre-a-la-moda\/\"]}]},{\"@type\":\"BreadcrumbList\",\"@id\":\"https:\/\/que-sofas.es\/blog\/tu-casa-siempre-a-la-moda\/#breadcrumb\",\"itemListElement\":[{\"@type\":\"ListItem\",\"position\":1,\"name\":\"Portada\",\"item\":\"https:\/\/que-sofas.es\/blog\/\"},{\"@type\":\"ListItem\",\"position\":2,\"name\":\"Tu casa, siempre a la moda.\"}]},{\"@type\":\"WebSite\",\"@id\":\"https:\/\/que-sofas.es\/blog\/#website\",\"url\":\"https:\/\/que-sofas.es\/blog\/\",\"name\":\"Que Sof\u00e1s Blog\",\"description\":\"\u00a1El blog de Que Sof\u00e1s!\",\"publisher\":{\"@id\":\"https:\/\/que-sofas.es\/blog\/#organization\"},\"potentialAction\":[{\"@type\":\"SearchAction\",\"target\":{\"@type\":\"EntryPoint\",\"urlTemplate\":\"https:\/\/que-sofas.es\/blog\/?s={search_term_string}\"},\"query-input\":\"required name=search_term_string\"}],\"inLanguage\":\"es\"},{\"@type\":\"Organization\",\"@id\":\"https:\/\/que-sofas.es\/blog\/#organization\",\"name\":\"Que Sof\u00e1s\",\"url\":\"https:\/\/que-sofas.es\/blog\/\",\"logo\":{\"@type\":\"ImageObject\",\"inLanguage\":\"es\",\"@id\":\"https:\/\/que-sofas.es\/blog\/#\/schema\/logo\/image\/\",\"url\":\"https:\/\/que-sofas.es\/blog\/wp-content\/uploads\/2023\/08\/logo-que-sofas-200x40px-2.png\",\"contentUrl\":\"https:\/\/que-sofas.es\/blog\/wp-content\/uploads\/2023\/08\/logo-que-sofas-200x40px-2.png\",\"width\":171,\"height\":39,\"caption\":\"Que Sof\u00e1s\"},\"image\":{\"@id\":\"https:\/\/que-sofas.es\/blog\/#\/schema\/logo\/image\/\"},\"sameAs\":[\"https:\/\/www.facebook.com\/quesofasbarato\",\"https:\/\/www.instagram.com\/que_sofas\/\"]},{\"@type\":\"Person\",\"@id\":\"https:\/\/que-sofas.es\/blog\/#\/schema\/person\/70cf32421bda4ee10a724cebf2437836\",\"name\":\"Que Barato\",\"image\":{\"@type\":\"ImageObject\",\"inLanguage\":\"es\",\"@id\":\"https:\/\/que-sofas.es\/blog\/#\/schema\/person\/image\/\",\"url\":\"https:\/\/secure.gravatar.com\/avatar\/2e4417e0f91201ea490393883aae4775?s=96&d=mm&r=g\",\"contentUrl\":\"https:\/\/secure.gravatar.com\/avatar\/2e4417e0f91201ea490393883aae4775?s=96&d=mm&r=g\",\"caption\":\"Que Barato\"}}]}<\/script>\n<!-- \/ Yoast SEO plugin. -->","yoast_head_json":{"title":"Tu casa, siempre a la moda. | Qu\u00e9 Barato Blog","description":"Tu casa siempre a la moda","robots":{"index":"index","follow":"follow","max-snippet":"max-snippet:-1","max-image-preview":"max-image-preview:large","max-video-preview":"max-video-preview:-1"},"canonical":"https:\/\/que-sofas.es\/blog\/tu-casa-siempre-a-la-moda\/","og_locale":"es_ES","og_type":"article","og_title":"Tu casa, siempre a la moda. | Qu\u00e9 Barato Blog","og_description":"Tu casa siempre a la moda","og_url":"https:\/\/que-sofas.es\/blog\/tu-casa-siempre-a-la-moda\/","og_site_name":"Que Sof\u00e1s Blog","article_publisher":"https:\/\/www.facebook.com\/quesofasbarato","article_published_time":"2020-07-23T07:44:13+00:00","article_modified_time":"2020-11-04T08:15:47+00:00","og_image":[{"width":1126,"height":751,"url":"https:\/\/que-sofas.es\/blog\/wp-content\/uploads\/2020\/07\/1-6.jpg","type":"image\/jpeg"}],"author":"Que Barato","twitter_card":"summary_large_image","twitter_misc":{"Escrito por":"Que Barato","Tiempo de lectura":"3 minutos"},"schema":{"@context":"https:\/\/schema.org","@graph":[{"@type":"Article","@id":"https:\/\/que-sofas.es\/blog\/tu-casa-siempre-a-la-moda\/#article","isPartOf":{"@id":"https:\/\/que-sofas.es\/blog\/tu-casa-siempre-a-la-moda\/"},"author":{"name":"Que Barato","@id":"https:\/\/que-sofas.es\/blog\/#\/schema\/person\/70cf32421bda4ee10a724cebf2437836"},"headline":"Tu casa, siempre a la moda.","datePublished":"2020-07-23T07:44:13+00:00","dateModified":"2020-11-04T08:15:47+00:00","mainEntityOfPage":{"@id":"https:\/\/que-sofas.es\/blog\/tu-casa-siempre-a-la-moda\/"},"wordCount":680,"commentCount":0,"publisher":{"@id":"https:\/\/que-sofas.es\/blog\/#organization"},"keywords":["armario","chaiselongue","colorazul","Consejos","ideas","mesa","moda","muebles","mueblesbaratos","pintarparedes","silla","sof\u00e1","sofabarato","sofacama","tendencia"],"articleSection":["Ideas y consejos"],"inLanguage":"es","potentialAction":[{"@type":"CommentAction","name":"Comment","target":["https:\/\/que-sofas.es\/blog\/tu-casa-siempre-a-la-moda\/#respond"]}]},{"@type":"WebPage","@id":"https:\/\/que-sofas.es\/blog\/tu-casa-siempre-a-la-moda\/","url":"https:\/\/que-sofas.es\/blog\/tu-casa-siempre-a-la-moda\/","name":"Tu casa, siempre a la moda. | Qu\u00e9 Barato Blog","isPartOf":{"@id":"https:\/\/que-sofas.es\/blog\/#website"},"datePublished":"2020-07-23T07:44:13+00:00","dateModified":"2020-11-04T08:15:47+00:00","description":"Tu casa siempre a la moda","breadcrumb":{"@id":"https:\/\/que-sofas.es\/blog\/tu-casa-siempre-a-la-moda\/#breadcrumb"},"inLanguage":"es","potentialAction":[{"@type":"ReadAction","target":["https:\/\/que-sofas.es\/blog\/tu-casa-siempre-a-la-moda\/"]}]},{"@type":"BreadcrumbList","@id":"https:\/\/que-sofas.es\/blog\/tu-casa-siempre-a-la-moda\/#breadcrumb","itemListElement":[{"@type":"ListItem","position":1,"name":"Portada","item":"https:\/\/que-sofas.es\/blog\/"},{"@type":"ListItem","position":2,"name":"Tu casa, siempre a la moda."}]},{"@type":"WebSite","@id":"https:\/\/que-sofas.es\/blog\/#website","url":"https:\/\/que-sofas.es\/blog\/","name":"Que Sof\u00e1s Blog","description":"\u00a1El blog de Que Sof\u00e1s!","publisher":{"@id":"https:\/\/que-sofas.es\/blog\/#organization"},"potentialAction":[{"@type":"SearchAction","target":{"@type":"EntryPoint","urlTemplate":"https:\/\/que-sofas.es\/blog\/?s={search_term_string}"},"query-input":"required name=search_term_string"}],"inLanguage":"es"},{"@type":"Organization","@id":"https:\/\/que-sofas.es\/blog\/#organization","name":"Que Sof\u00e1s","url":"https:\/\/que-sofas.es\/blog\/","logo":{"@type":"ImageObject","inLanguage":"es","@id":"https:\/\/que-sofas.es\/blog\/#\/schema\/logo\/image\/","url":"https:\/\/que-sofas.es\/blog\/wp-content\/uploads\/2023\/08\/logo-que-sofas-200x40px-2.png","contentUrl":"https:\/\/que-sofas.es\/blog\/wp-content\/uploads\/2023\/08\/logo-que-sofas-200x40px-2.png","width":171,"height":39,"caption":"Que Sof\u00e1s"},"image":{"@id":"https:\/\/que-sofas.es\/blog\/#\/schema\/logo\/image\/"},"sameAs":["https:\/\/www.facebook.com\/quesofasbarato","https:\/\/www.instagram.com\/que_sofas\/"]},{"@type":"Person","@id":"https:\/\/que-sofas.es\/blog\/#\/schema\/person\/70cf32421bda4ee10a724cebf2437836","name":"Que Barato","image":{"@type":"ImageObject","inLanguage":"es","@id":"https:\/\/que-sofas.es\/blog\/#\/schema\/person\/image\/","url":"https:\/\/secure.gravatar.com\/avatar\/2e4417e0f91201ea490393883aae4775?s=96&d=mm&r=g","contentUrl":"https:\/\/secure.gravatar.com\/avatar\/2e4417e0f91201ea490393883aae4775?s=96&d=mm&r=g","caption":"Que Barato"}}]}},"_links":{"self":[{"href":"https:\/\/que-sofas.es\/blog\/wp-json\/wp\/v2\/posts\/888"}],"collection":[{"href":"https:\/\/que-sofas.es\/blog\/wp-json\/wp\/v2\/posts"}],"about":[{"href":"https:\/\/que-sofas.es\/blog\/wp-json\/wp\/v2\/types\/post"}],"author":[{"embeddable":true,"href":"https:\/\/que-sofas.es\/blog\/wp-json\/wp\/v2\/users\/3"}],"replies":[{"embeddable":true,"href":"https:\/\/que-sofas.es\/blog\/wp-json\/wp\/v2\/comments?post=888"}],"version-history":[{"count":2,"href":"https:\/\/que-sofas.es\/blog\/wp-json\/wp\/v2\/posts\/888\/revisions"}],"predecessor-version":[{"id":3457,"href":"https:\/\/que-sofas.es\/blog\/wp-json\/wp\/v2\/posts\/888\/revisions\/3457"}],"wp:featuredmedia":[{"embeddable":true,"href":"https:\/\/que-sofas.es\/blog\/wp-json\/wp\/v2\/media\/895"}],"wp:attachment":[{"href":"https:\/\/que-sofas.es\/blog\/wp-json\/wp\/v2\/media?parent=888"}],"wp:term":[{"taxonomy":"category","embeddable":true,"href":"https:\/\/que-sofas.es\/blog\/wp-json\/wp\/v2\/categories?post=888"},{"taxonomy":"post_tag","embeddable":true,"href":"https:\/\/que-sofas.es\/blog\/wp-json\/wp\/v2\/tags?post=888"}],"curies":[{"name":"wp","href":"https:\/\/api.w.org\/{rel}","templated":true}]}}