{"id":843,"date":"2020-07-09T06:26:37","date_gmt":"2020-07-09T06:26:37","guid":{"rendered":"https:\/\/que-barato.es\/blog\/?p=843"},"modified":"2020-11-04T10:24:07","modified_gmt":"2020-11-04T08:24:07","slug":"la-pata-alta-en-el-sofa-esta-de-moda","status":"publish","type":"post","link":"https:\/\/que-sofas.es\/blog\/la-pata-alta-en-el-sofa-esta-de-moda\/","title":{"rendered":"Las patas altas en el sof\u00e1, \u00a1est\u00e1 de moda!"},"content":{"rendered":"\r\n<p class=\"has-drop-cap\">Por fin esta semana consegu\u00ed quedar con mis amigas para tomar algo despu\u00e9s del confinamiento. Hac\u00eda meses que no nos ve\u00edamos y, la verdad, es que a medida que vamos creciendo esto va siendo cada vez m\u00e1s dif\u00edcil: que si la casa, los ni\u00f1os, la familia, el trabajo\u2026 no hay manera de cuadrarnos. \u00a1Con lo sencillo que era antes cuando estudi\u00e1bamos! Porque cada viernes nos ve\u00edamos s\u00ed o s\u00ed.<\/p>\r\n\r\n\r\n\r\n<p>La quedada fue en casa de una de mis amigas.<strong> Estaba entusiasmada por ense\u00f1arnos el <a href=\"https:\/\/que-barato.es\/12-sofas\" target=\"_blank\" rel=\"noreferrer noopener\">nuevo sof\u00e1<\/a> que se hab\u00eda comprado, era un sof\u00e1 con patas altas y quedaba genial en su sal\u00f3n. <\/strong>\u00a0Nada m\u00e1s llegar a su casa pude entender ese entusiasmo. Ah\u00ed estaba. \u00a1Era lo que m\u00e1s llamaba la atenci\u00f3n de todo el sal\u00f3n, junto a la <a href=\"https:\/\/que-barato.es\/19-mesas\" target=\"_blank\" rel=\"noreferrer noopener\">mesa<\/a> y las <a href=\"https:\/\/que-barato.es\/23-sillas\" target=\"_blank\" rel=\"noreferrer noopener\">sillas<\/a>! Ten\u00eda un color muy fino, un tono plata que, con la tela aterciopelada, lo hac\u00eda brillar. <a href=\"https:\/\/que-barato.es\/chaiselongue-baratos\/67-sofa-chaise-longue-cozy.html\" target=\"_blank\" rel=\"noreferrer noopener\">Un sof\u00e1 con patas altas<\/a> aporta un toque muy elegante y sofisticado (algo que encaja perfectamente con el estilo de mi amiga), y cuando me sent\u00e9\u2026 \u00a1Madre m\u00eda! Qu\u00e9 agusto se estaba en \u00e9l. El sof\u00e1 es como si te atrapase y el tacto de la tela lo hac\u00eda mucho m\u00e1s agradable.<\/p>\r\n\r\n\r\n\r\n<figure class=\"wp-block-gallery columns-1 is-cropped wp-block-gallery-1 is-layout-flex wp-block-gallery-is-layout-flex\">\r\n<ul class=\"blocks-gallery-grid\">\r\n<li class=\"blocks-gallery-item\">\r\n<figure><img decoding=\"async\" loading=\"lazy\" width=\"1030\" height=\"687\" class=\"wp-image-844\" src=\"https:\/\/que-barato.es\/blog\/wp-content\/uploads\/2020\/07\/123-1030x687.jpg\" alt=\"\" data-id=\"844\" data-full-url=\"https:\/\/que-barato.es\/blog\/wp-content\/uploads\/2020\/07\/123.jpg\" data-link=\"https:\/\/que-barato.es\/blog\/?attachment_id=844\" srcset=\"https:\/\/que-sofas.es\/blog\/wp-content\/uploads\/2020\/07\/123-1030x687.jpg 1030w, https:\/\/que-sofas.es\/blog\/wp-content\/uploads\/2020\/07\/123-768x512.jpg 768w, https:\/\/que-sofas.es\/blog\/wp-content\/uploads\/2020\/07\/123.jpg 1299w\" sizes=\"(max-width: 1030px) 100vw, 1030px\" \/><\/figure>\r\n<\/li>\r\n<\/ul>\r\n<\/figure>\r\n\r\n\r\n\r\n<p>Echamos un buen ratito de risas recordando viejos tiempos y comentando lo dif\u00edcil que hab\u00eda sido cuadrarlo todo para poder quedar las tres. Y, como de la nada, empezamos a conversar para ver c\u00f3mo pod\u00edamos sacar m\u00e1s tiempo. Nos hacen falta m\u00e1s horas en el d\u00eda. \u00bfQu\u00e9 tal un d\u00eda de 26h? La mayor\u00eda est\u00e1bamos de acuerdo que lo que m\u00e1s nos absorb\u00eda era el trabajo y tener la casa de punta en blanco porque, aunque las tareas en casa vayan repartidas a partes iguales en la pareja, en la mayor\u00eda de los casos somos los dos los que trabajamos y nos sigue faltando tiempo.<\/p>\r\n\r\n\r\n\r\n<p>Acerca de este tema, mi amiga nos coment\u00f3 que esto ya no era un gran problema para ella desde que <a href=\"https:\/\/que-barato.es\/31-sofas-rinconera\" target=\"_blank\" rel=\"noreferrer noopener\">se compr\u00f3 el sof\u00e1, ya que le regalaron un robot aspirador; el modelo \u201cConga 950\u201d<\/a> de la marca espa\u00f1ola Cecotec. Nos dijo que ese peque\u00f1o electrodom\u00e9stico lo hac\u00eda todo: barrer, aspirar, pasar la mopa e incluso fregar\u2026 Es m\u00e1s, ella lo programa y lo deja en funcionamiento mientras est\u00e1 en el trabajo, y cuando vuelve a casa todo est\u00e1 limpio.<\/p>\r\n\r\n\r\n\r\n<div class=\"wp-block-image\">\r\n<figure class=\"aligncenter size-large\"><img decoding=\"async\" loading=\"lazy\" width=\"1030\" height=\"773\" class=\"wp-image-845\" src=\"https:\/\/que-barato.es\/blog\/wp-content\/uploads\/2020\/07\/124-1030x773.jpg\" alt=\"\" srcset=\"https:\/\/que-sofas.es\/blog\/wp-content\/uploads\/2020\/07\/124-1030x773.jpg 1030w, https:\/\/que-sofas.es\/blog\/wp-content\/uploads\/2020\/07\/124-300x225.jpg 300w, https:\/\/que-sofas.es\/blog\/wp-content\/uploads\/2020\/07\/124-768x576.jpg 768w, https:\/\/que-sofas.es\/blog\/wp-content\/uploads\/2020\/07\/124.jpg 1290w\" sizes=\"(max-width: 1030px) 100vw, 1030px\" \/><\/figure>\r\n<\/div>\r\n\r\n\r\n\r\n<p>Entre las charlas y las risas se nos hizo bastante tarde, y, a decir verdad, estaba muy cansada como para conducir una hora de vuelta a casa. As\u00ed que mi amiga me ofreci\u00f3 pasar la noche en su<a href=\"https:\/\/que-barato.es\/12-sofas\" target=\"_blank\" rel=\"noreferrer noopener\"> nuevo sof\u00e1<\/a>, y la verdad es que acept\u00e9 encantada. En un segundo lo prepar\u00f3 todo: <strong>desliz\u00f3 los asientos del sof\u00e1, abri\u00f3 el arc\u00f3n del chaiselongue, sac\u00f3 las sabanas y un coj\u00edn, y\u2026 \u00a1Listo! \u00a1La cama ya estaba preparada!<\/strong><\/p>\r\n\r\n\r\n\r\n<p class=\"has-drop-cap\"><br \/>A la ma\u00f1ana siguiente de vuelta a casa, me qued\u00e9 pensando en la buena compra que hab\u00eda hecho mi amiga. Era un <a href=\"https:\/\/que-barato.es\/13-chaiselongue-baratos\" target=\"_blank\" rel=\"noreferrer noopener\">chaiselongue<\/a> bastante grande, bonito y pr\u00e1ctico. La idea de poder deslizar los asientos y dormir en \u00e9l me llamaba mucho la atenci\u00f3n, porque en casa no tengo espacio para un dormitorio de invitados; Siempre me he planteado comprar un<a href=\"https:\/\/que-barato.es\/14-sofas-cama-baratos\" target=\"_blank\" rel=\"noreferrer noopener\"> sof\u00e1 cama<\/a> pero no esta opci\u00f3n. Y la verdad es que tener un <a href=\"https:\/\/que-barato.es\/13-chaiselongue-baratos\" target=\"_blank\" rel=\"noreferrer noopener\">sof\u00e1 chaiselongue<\/a> as\u00ed es muy c\u00f3modo. Dorm\u00ed muy bien en \u00e9l anoche. El extra del arc\u00f3n es otro punto a su favor, ya que, al igual que mi amiga, podr\u00eda guardar las s\u00e1banas y mantas en su interior. El detalle de la pata alta me gusta mucho y, adem\u00e1s, si te regalan el robot aspirador, \u00a1es todo un acierto!<\/p>\r\n\r\n\r\n\r\n<p>No lo pienso m\u00e1s, voy a las <a href=\"https:\/\/que-barato.es\/tiendas\" target=\"_blank\" rel=\"noreferrer noopener\">tiendas Que Barato<\/a>, muebles con coraz\u00f3n para que me informen y asesoren. Adem\u00e1s ahora puedo pagarlo en c\u00f3modos plazos sin intereses.<\/p>\r\n\r\n\r\n\r\n<figure class=\"wp-block-gallery columns-1 is-cropped wp-block-gallery-3 is-layout-flex wp-block-gallery-is-layout-flex\">\r\n<ul class=\"blocks-gallery-grid\">\r\n<li class=\"blocks-gallery-item\">\r\n<figure><img decoding=\"async\" loading=\"lazy\" width=\"1030\" height=\"858\" class=\"wp-image-846\" src=\"https:\/\/que-barato.es\/blog\/wp-content\/uploads\/2020\/07\/sofa-chaise-longue-cozy-1030x858.jpg\" alt=\"\" data-id=\"846\" data-full-url=\"https:\/\/que-barato.es\/blog\/wp-content\/uploads\/2020\/07\/sofa-chaise-longue-cozy.jpg\" data-link=\"https:\/\/que-barato.es\/blog\/?attachment_id=846\" srcset=\"https:\/\/que-sofas.es\/blog\/wp-content\/uploads\/2020\/07\/sofa-chaise-longue-cozy-1030x858.jpg 1030w, https:\/\/que-sofas.es\/blog\/wp-content\/uploads\/2020\/07\/sofa-chaise-longue-cozy-300x250.jpg 300w, https:\/\/que-sofas.es\/blog\/wp-content\/uploads\/2020\/07\/sofa-chaise-longue-cozy-768x640.jpg 768w, https:\/\/que-sofas.es\/blog\/wp-content\/uploads\/2020\/07\/sofa-chaise-longue-cozy.jpg 1100w\" sizes=\"(max-width: 1030px) 100vw, 1030px\" \/><\/figure>\r\n<\/li>\r\n<\/ul>\r\n<\/figure>\r\n\r\n\r\n\r\n<p class=\"has-text-align-center\">Visita nuestra\u00a0<strong>tienda online las 24h<\/strong>\u00a0en\u00a0<a href=\"http:\/\/www.que-barato.es\/\">www.que-barato.es<\/a><\/p>\r\n\r\n\r\n\r\n<p class=\"has-text-align-center\"><strong>Nuestras redes sociales, \u00a1\u00a1S\u00edguenos!!<\/strong><\/p>\r\n\r\n\r\n\r\n<p class=\"has-text-align-center\"><a href=\"https:\/\/www.facebook.com\/quebaratocalidadalmejorprecio\/\" target=\"_blank\" rel=\"noreferrer noopener\">Facebook<\/a><\/p>\r\n\r\n\r\n\r\n<p class=\"has-text-align-center\"><a href=\"https:\/\/www.instagram.com\/quebaratomuebles\/\" target=\"_blank\" rel=\"noreferrer noopener\">Instagram<\/a><\/p>\r\n\r\n\r\n\r\n<p class=\"has-text-align-center\"><a href=\"https:\/\/twitter.com\/Quebaratomueble\" target=\"_blank\" rel=\"noreferrer noopener\">Twitter<\/a><\/p>\r\n\r\n\r\n\r\n<p class=\"has-text-align-center\"><a href=\"https:\/\/www.pinterest.es\/quebaratomueble\/\" target=\"_blank\" rel=\"noreferrer noopener\">Pinterest<\/a><\/p>\r\n\r\n<p>&nbsp;<\/p>","protected":false},"excerpt":{"rendered":"<p>Por fin esta semana consegu\u00ed quedar con mis amigas para tomar algo despu\u00e9s del confinamiento. Hac\u00eda meses que no nos ve\u00edamos y, la verdad, es que a medida que vamos creciendo esto va siendo cada vez m\u00e1s dif\u00edcil: que si la casa, los ni\u00f1os, la familia, el trabajo\u2026 no hay manera de cuadrarnos. \u00a1Con lo [&hellip;]<\/p>\n","protected":false},"author":3,"featured_media":844,"comment_status":"open","ping_status":"open","sticky":false,"template":"","format":"standard","meta":{"footnotes":""},"categories":[41],"tags":[54,74,81,85,87,91,92,114,137,171,224,229,232,234,252],"yoast_head":"<!-- This site is optimized with the Yoast SEO plugin v21.2 - https:\/\/yoast.com\/wordpress\/plugins\/seo\/ -->\n<title>Las patas altas en el sof\u00e1, \u00a1est\u00e1 de moda! | Qu\u00e9 Barato Blog<\/title>\n<meta name=\"description\" content=\"Los sof\u00e1s de patas altas es la mejor opci\u00f3n para la limpieza.\" \/>\n<meta name=\"robots\" content=\"index, follow, max-snippet:-1, max-image-preview:large, max-video-preview:-1\" \/>\n<link rel=\"canonical\" href=\"https:\/\/que-sofas.es\/blog\/la-pata-alta-en-el-sofa-esta-de-moda\/\" \/>\n<meta property=\"og:locale\" content=\"es_ES\" \/>\n<meta property=\"og:type\" content=\"article\" \/>\n<meta property=\"og:title\" content=\"Las patas altas en el sof\u00e1, \u00a1est\u00e1 de moda! | Qu\u00e9 Barato Blog\" \/>\n<meta property=\"og:description\" content=\"Los sof\u00e1s de patas altas es la mejor opci\u00f3n para la limpieza.\" \/>\n<meta property=\"og:url\" content=\"https:\/\/que-sofas.es\/blog\/la-pata-alta-en-el-sofa-esta-de-moda\/\" \/>\n<meta property=\"og:site_name\" content=\"Que Sof\u00e1s Blog\" \/>\n<meta property=\"article:publisher\" content=\"https:\/\/www.facebook.com\/quesofasbarato\" \/>\n<meta property=\"article:published_time\" content=\"2020-07-09T06:26:37+00:00\" \/>\n<meta property=\"article:modified_time\" content=\"2020-11-04T08:24:07+00:00\" \/>\n<meta property=\"og:image\" content=\"https:\/\/que-sofas.es\/blog\/wp-content\/uploads\/2020\/07\/123.jpg\" \/>\n\t<meta property=\"og:image:width\" content=\"1299\" \/>\n\t<meta property=\"og:image:height\" content=\"866\" \/>\n\t<meta property=\"og:image:type\" content=\"image\/jpeg\" \/>\n<meta name=\"author\" content=\"Que Barato\" \/>\n<meta name=\"twitter:card\" content=\"summary_large_image\" \/>\n<meta name=\"twitter:label1\" content=\"Escrito por\" \/>\n\t<meta name=\"twitter:data1\" content=\"Que Barato\" \/>\n\t<meta name=\"twitter:label2\" content=\"Tiempo de lectura\" \/>\n\t<meta name=\"twitter:data2\" content=\"3 minutos\" \/>\n<script type=\"application\/ld+json\" class=\"yoast-schema-graph\">{\"@context\":\"https:\/\/schema.org\",\"@graph\":[{\"@type\":\"Article\",\"@id\":\"https:\/\/que-sofas.es\/blog\/la-pata-alta-en-el-sofa-esta-de-moda\/#article\",\"isPartOf\":{\"@id\":\"https:\/\/que-sofas.es\/blog\/la-pata-alta-en-el-sofa-esta-de-moda\/\"},\"author\":{\"name\":\"Que Barato\",\"@id\":\"https:\/\/que-sofas.es\/blog\/#\/schema\/person\/70cf32421bda4ee10a724cebf2437836\"},\"headline\":\"Las patas altas en el sof\u00e1, \u00a1est\u00e1 de moda!\",\"datePublished\":\"2020-07-09T06:26:37+00:00\",\"dateModified\":\"2020-11-04T08:24:07+00:00\",\"mainEntityOfPage\":{\"@id\":\"https:\/\/que-sofas.es\/blog\/la-pata-alta-en-el-sofa-esta-de-moda\/\"},\"wordCount\":704,\"commentCount\":0,\"publisher\":{\"@id\":\"https:\/\/que-sofas.es\/blog\/#organization\"},\"keywords\":[\"amigas\",\"Butaca\",\"cama\",\"canap\u00e9\",\"casa\",\"chaiselongue\",\"chaiselongueconarcon\",\"descanso\",\"familia\",\"mesa\",\"sillas\",\"sof\u00e1\",\"sofacama\",\"sofaconpatas\",\"trabajo\"],\"articleSection\":[\"Sof\u00e1s y sillones\"],\"inLanguage\":\"es\",\"potentialAction\":[{\"@type\":\"CommentAction\",\"name\":\"Comment\",\"target\":[\"https:\/\/que-sofas.es\/blog\/la-pata-alta-en-el-sofa-esta-de-moda\/#respond\"]}]},{\"@type\":\"WebPage\",\"@id\":\"https:\/\/que-sofas.es\/blog\/la-pata-alta-en-el-sofa-esta-de-moda\/\",\"url\":\"https:\/\/que-sofas.es\/blog\/la-pata-alta-en-el-sofa-esta-de-moda\/\",\"name\":\"Las patas altas en el sof\u00e1, \u00a1est\u00e1 de moda! | Qu\u00e9 Barato Blog\",\"isPartOf\":{\"@id\":\"https:\/\/que-sofas.es\/blog\/#website\"},\"datePublished\":\"2020-07-09T06:26:37+00:00\",\"dateModified\":\"2020-11-04T08:24:07+00:00\",\"description\":\"Los sof\u00e1s de patas altas es la mejor opci\u00f3n para la limpieza.\",\"breadcrumb\":{\"@id\":\"https:\/\/que-sofas.es\/blog\/la-pata-alta-en-el-sofa-esta-de-moda\/#breadcrumb\"},\"inLanguage\":\"es\",\"potentialAction\":[{\"@type\":\"ReadAction\",\"target\":[\"https:\/\/que-sofas.es\/blog\/la-pata-alta-en-el-sofa-esta-de-moda\/\"]}]},{\"@type\":\"BreadcrumbList\",\"@id\":\"https:\/\/que-sofas.es\/blog\/la-pata-alta-en-el-sofa-esta-de-moda\/#breadcrumb\",\"itemListElement\":[{\"@type\":\"ListItem\",\"position\":1,\"name\":\"Portada\",\"item\":\"https:\/\/que-sofas.es\/blog\/\"},{\"@type\":\"ListItem\",\"position\":2,\"name\":\"Las patas altas en el sof\u00e1, \u00a1est\u00e1 de moda!\"}]},{\"@type\":\"WebSite\",\"@id\":\"https:\/\/que-sofas.es\/blog\/#website\",\"url\":\"https:\/\/que-sofas.es\/blog\/\",\"name\":\"Que Sof\u00e1s Blog\",\"description\":\"\u00a1El blog de Que Sof\u00e1s!\",\"publisher\":{\"@id\":\"https:\/\/que-sofas.es\/blog\/#organization\"},\"potentialAction\":[{\"@type\":\"SearchAction\",\"target\":{\"@type\":\"EntryPoint\",\"urlTemplate\":\"https:\/\/que-sofas.es\/blog\/?s={search_term_string}\"},\"query-input\":\"required name=search_term_string\"}],\"inLanguage\":\"es\"},{\"@type\":\"Organization\",\"@id\":\"https:\/\/que-sofas.es\/blog\/#organization\",\"name\":\"Que Sof\u00e1s\",\"url\":\"https:\/\/que-sofas.es\/blog\/\",\"logo\":{\"@type\":\"ImageObject\",\"inLanguage\":\"es\",\"@id\":\"https:\/\/que-sofas.es\/blog\/#\/schema\/logo\/image\/\",\"url\":\"https:\/\/que-sofas.es\/blog\/wp-content\/uploads\/2023\/08\/logo-que-sofas-200x40px-2.png\",\"contentUrl\":\"https:\/\/que-sofas.es\/blog\/wp-content\/uploads\/2023\/08\/logo-que-sofas-200x40px-2.png\",\"width\":171,\"height\":39,\"caption\":\"Que Sof\u00e1s\"},\"image\":{\"@id\":\"https:\/\/que-sofas.es\/blog\/#\/schema\/logo\/image\/\"},\"sameAs\":[\"https:\/\/www.facebook.com\/quesofasbarato\",\"https:\/\/www.instagram.com\/que_sofas\/\"]},{\"@type\":\"Person\",\"@id\":\"https:\/\/que-sofas.es\/blog\/#\/schema\/person\/70cf32421bda4ee10a724cebf2437836\",\"name\":\"Que Barato\",\"image\":{\"@type\":\"ImageObject\",\"inLanguage\":\"es\",\"@id\":\"https:\/\/que-sofas.es\/blog\/#\/schema\/person\/image\/\",\"url\":\"https:\/\/secure.gravatar.com\/avatar\/2e4417e0f91201ea490393883aae4775?s=96&d=mm&r=g\",\"contentUrl\":\"https:\/\/secure.gravatar.com\/avatar\/2e4417e0f91201ea490393883aae4775?s=96&d=mm&r=g\",\"caption\":\"Que Barato\"}}]}<\/script>\n<!-- \/ Yoast SEO plugin. -->","yoast_head_json":{"title":"Las patas altas en el sof\u00e1, \u00a1est\u00e1 de moda! | Qu\u00e9 Barato Blog","description":"Los sof\u00e1s de patas altas es la mejor opci\u00f3n para la limpieza.","robots":{"index":"index","follow":"follow","max-snippet":"max-snippet:-1","max-image-preview":"max-image-preview:large","max-video-preview":"max-video-preview:-1"},"canonical":"https:\/\/que-sofas.es\/blog\/la-pata-alta-en-el-sofa-esta-de-moda\/","og_locale":"es_ES","og_type":"article","og_title":"Las patas altas en el sof\u00e1, \u00a1est\u00e1 de moda! | Qu\u00e9 Barato Blog","og_description":"Los sof\u00e1s de patas altas es la mejor opci\u00f3n para la limpieza.","og_url":"https:\/\/que-sofas.es\/blog\/la-pata-alta-en-el-sofa-esta-de-moda\/","og_site_name":"Que Sof\u00e1s Blog","article_publisher":"https:\/\/www.facebook.com\/quesofasbarato","article_published_time":"2020-07-09T06:26:37+00:00","article_modified_time":"2020-11-04T08:24:07+00:00","og_image":[{"width":1299,"height":866,"url":"https:\/\/que-sofas.es\/blog\/wp-content\/uploads\/2020\/07\/123.jpg","type":"image\/jpeg"}],"author":"Que Barato","twitter_card":"summary_large_image","twitter_misc":{"Escrito por":"Que Barato","Tiempo de lectura":"3 minutos"},"schema":{"@context":"https:\/\/schema.org","@graph":[{"@type":"Article","@id":"https:\/\/que-sofas.es\/blog\/la-pata-alta-en-el-sofa-esta-de-moda\/#article","isPartOf":{"@id":"https:\/\/que-sofas.es\/blog\/la-pata-alta-en-el-sofa-esta-de-moda\/"},"author":{"name":"Que Barato","@id":"https:\/\/que-sofas.es\/blog\/#\/schema\/person\/70cf32421bda4ee10a724cebf2437836"},"headline":"Las patas altas en el sof\u00e1, \u00a1est\u00e1 de moda!","datePublished":"2020-07-09T06:26:37+00:00","dateModified":"2020-11-04T08:24:07+00:00","mainEntityOfPage":{"@id":"https:\/\/que-sofas.es\/blog\/la-pata-alta-en-el-sofa-esta-de-moda\/"},"wordCount":704,"commentCount":0,"publisher":{"@id":"https:\/\/que-sofas.es\/blog\/#organization"},"keywords":["amigas","Butaca","cama","canap\u00e9","casa","chaiselongue","chaiselongueconarcon","descanso","familia","mesa","sillas","sof\u00e1","sofacama","sofaconpatas","trabajo"],"articleSection":["Sof\u00e1s y sillones"],"inLanguage":"es","potentialAction":[{"@type":"CommentAction","name":"Comment","target":["https:\/\/que-sofas.es\/blog\/la-pata-alta-en-el-sofa-esta-de-moda\/#respond"]}]},{"@type":"WebPage","@id":"https:\/\/que-sofas.es\/blog\/la-pata-alta-en-el-sofa-esta-de-moda\/","url":"https:\/\/que-sofas.es\/blog\/la-pata-alta-en-el-sofa-esta-de-moda\/","name":"Las patas altas en el sof\u00e1, \u00a1est\u00e1 de moda! | Qu\u00e9 Barato Blog","isPartOf":{"@id":"https:\/\/que-sofas.es\/blog\/#website"},"datePublished":"2020-07-09T06:26:37+00:00","dateModified":"2020-11-04T08:24:07+00:00","description":"Los sof\u00e1s de patas altas es la mejor opci\u00f3n para la limpieza.","breadcrumb":{"@id":"https:\/\/que-sofas.es\/blog\/la-pata-alta-en-el-sofa-esta-de-moda\/#breadcrumb"},"inLanguage":"es","potentialAction":[{"@type":"ReadAction","target":["https:\/\/que-sofas.es\/blog\/la-pata-alta-en-el-sofa-esta-de-moda\/"]}]},{"@type":"BreadcrumbList","@id":"https:\/\/que-sofas.es\/blog\/la-pata-alta-en-el-sofa-esta-de-moda\/#breadcrumb","itemListElement":[{"@type":"ListItem","position":1,"name":"Portada","item":"https:\/\/que-sofas.es\/blog\/"},{"@type":"ListItem","position":2,"name":"Las patas altas en el sof\u00e1, \u00a1est\u00e1 de moda!"}]},{"@type":"WebSite","@id":"https:\/\/que-sofas.es\/blog\/#website","url":"https:\/\/que-sofas.es\/blog\/","name":"Que Sof\u00e1s Blog","description":"\u00a1El blog de Que Sof\u00e1s!","publisher":{"@id":"https:\/\/que-sofas.es\/blog\/#organization"},"potentialAction":[{"@type":"SearchAction","target":{"@type":"EntryPoint","urlTemplate":"https:\/\/que-sofas.es\/blog\/?s={search_term_string}"},"query-input":"required name=search_term_string"}],"inLanguage":"es"},{"@type":"Organization","@id":"https:\/\/que-sofas.es\/blog\/#organization","name":"Que Sof\u00e1s","url":"https:\/\/que-sofas.es\/blog\/","logo":{"@type":"ImageObject","inLanguage":"es","@id":"https:\/\/que-sofas.es\/blog\/#\/schema\/logo\/image\/","url":"https:\/\/que-sofas.es\/blog\/wp-content\/uploads\/2023\/08\/logo-que-sofas-200x40px-2.png","contentUrl":"https:\/\/que-sofas.es\/blog\/wp-content\/uploads\/2023\/08\/logo-que-sofas-200x40px-2.png","width":171,"height":39,"caption":"Que Sof\u00e1s"},"image":{"@id":"https:\/\/que-sofas.es\/blog\/#\/schema\/logo\/image\/"},"sameAs":["https:\/\/www.facebook.com\/quesofasbarato","https:\/\/www.instagram.com\/que_sofas\/"]},{"@type":"Person","@id":"https:\/\/que-sofas.es\/blog\/#\/schema\/person\/70cf32421bda4ee10a724cebf2437836","name":"Que Barato","image":{"@type":"ImageObject","inLanguage":"es","@id":"https:\/\/que-sofas.es\/blog\/#\/schema\/person\/image\/","url":"https:\/\/secure.gravatar.com\/avatar\/2e4417e0f91201ea490393883aae4775?s=96&d=mm&r=g","contentUrl":"https:\/\/secure.gravatar.com\/avatar\/2e4417e0f91201ea490393883aae4775?s=96&d=mm&r=g","caption":"Que Barato"}}]}},"_links":{"self":[{"href":"https:\/\/que-sofas.es\/blog\/wp-json\/wp\/v2\/posts\/843"}],"collection":[{"href":"https:\/\/que-sofas.es\/blog\/wp-json\/wp\/v2\/posts"}],"about":[{"href":"https:\/\/que-sofas.es\/blog\/wp-json\/wp\/v2\/types\/post"}],"author":[{"embeddable":true,"href":"https:\/\/que-sofas.es\/blog\/wp-json\/wp\/v2\/users\/3"}],"replies":[{"embeddable":true,"href":"https:\/\/que-sofas.es\/blog\/wp-json\/wp\/v2\/comments?post=843"}],"version-history":[{"count":2,"href":"https:\/\/que-sofas.es\/blog\/wp-json\/wp\/v2\/posts\/843\/revisions"}],"predecessor-version":[{"id":3460,"href":"https:\/\/que-sofas.es\/blog\/wp-json\/wp\/v2\/posts\/843\/revisions\/3460"}],"wp:featuredmedia":[{"embeddable":true,"href":"https:\/\/que-sofas.es\/blog\/wp-json\/wp\/v2\/media\/844"}],"wp:attachment":[{"href":"https:\/\/que-sofas.es\/blog\/wp-json\/wp\/v2\/media?parent=843"}],"wp:term":[{"taxonomy":"category","embeddable":true,"href":"https:\/\/que-sofas.es\/blog\/wp-json\/wp\/v2\/categories?post=843"},{"taxonomy":"post_tag","embeddable":true,"href":"https:\/\/que-sofas.es\/blog\/wp-json\/wp\/v2\/tags?post=843"}],"curies":[{"name":"wp","href":"https:\/\/api.w.org\/{rel}","templated":true}]}}