{"id":758,"date":"2020-04-30T10:00:16","date_gmt":"2020-04-30T10:00:16","guid":{"rendered":"http:\/\/www.que-barato.es\/blog\/?p=758"},"modified":"2020-04-30T10:00:16","modified_gmt":"2020-04-30T10:00:16","slug":"el-tamano-si-que-importa","status":"publish","type":"post","link":"https:\/\/que-sofas.es\/blog\/el-tamano-si-que-importa\/","title":{"rendered":"El tama\u00f1o s\u00ed que importa"},"content":{"rendered":"\n<p class=\"has-drop-cap\">La decoraci\u00f3n de nuestros hogares para muchos supone un enorme quebradero de cabeza y m\u00e1s cuando la superficie media de la vivienda en Espa\u00f1a se reduce cada vez m\u00e1s. Sin embargo, esto debemos verlo como un ejercicio de s\u00edntesis en el que cada cent\u00edmetro cuente, porque no existen espacios peque\u00f1os sino mal utilizados. As\u00ed que, echando mano de varias ideas, soluciones y consejos vamos a plantear como hacer un mayor aprovechamiento de nuestros espacios reducidos.  Esperamos que llegu\u00e9is hasta el final de esta entrada para disfrutar de un <strong>regalito. <\/strong><\/p>\n\n\n\n<div id=\"ez-toc-container\" class=\"ez-toc-v2_0_55 counter-hierarchy ez-toc-counter ez-toc-grey ez-toc-container-direction\">\n<p class=\"ez-toc-title\">&iquest;De qu&eacute; hablamos en este post?<\/p>\n<label for=\"ez-toc-cssicon-toggle-item-69f59adfc6c12\"><span class=\"\"><span style=\"display:none;\">Toggle<\/span><span class=\"ez-toc-icon-toggle-span\"><svg style=\"fill: #999;color:#999\" xmlns=\"http:\/\/www.w3.org\/2000\/svg\" class=\"list-377408\" width=\"20px\" height=\"20px\" viewBox=\"0 0 24 24\" fill=\"none\"><path d=\"M6 6H4v2h2V6zm14 0H8v2h12V6zM4 11h2v2H4v-2zm16 0H8v2h12v-2zM4 16h2v2H4v-2zm16 0H8v2h12v-2z\" fill=\"currentColor\"><\/path><\/svg><svg style=\"fill: #999;color:#999\" class=\"arrow-unsorted-368013\" xmlns=\"http:\/\/www.w3.org\/2000\/svg\" width=\"10px\" height=\"10px\" viewBox=\"0 0 24 24\" version=\"1.2\" baseProfile=\"tiny\"><path d=\"M18.2 9.3l-6.2-6.3-6.2 6.3c-.2.2-.3.4-.3.7s.1.5.3.7c.2.2.4.3.7.3h11c.3 0 .5-.1.7-.3.2-.2.3-.5.3-.7s-.1-.5-.3-.7zM5.8 14.7l6.2 6.3 6.2-6.3c.2-.2.3-.5.3-.7s-.1-.5-.3-.7c-.2-.2-.4-.3-.7-.3h-11c-.3 0-.5.1-.7.3-.2.2-.3.5-.3.7s.1.5.3.7z\"\/><\/svg><\/span><\/span><\/label><input type=\"checkbox\"  id=\"ez-toc-cssicon-toggle-item-69f59adfc6c12\"  aria-label=\"Toggle\" \/><nav><ul class='ez-toc-list ez-toc-list-level-1 ' ><li class='ez-toc-page-1 ez-toc-heading-level-2'><a class=\"ez-toc-link ez-toc-heading-1\" href=\"https:\/\/que-sofas.es\/blog\/el-tamano-si-que-importa\/#Minimalismo\" title=\"Minimalismo\">Minimalismo<\/a><\/li><li class='ez-toc-page-1 ez-toc-heading-level-2'><a class=\"ez-toc-link ez-toc-heading-2\" href=\"https:\/\/que-sofas.es\/blog\/el-tamano-si-que-importa\/#Y_se_hizo_la_luz\" title=\"Y se hizo la luz\">Y se hizo la luz<\/a><\/li><li class='ez-toc-page-1 ez-toc-heading-level-2'><a class=\"ez-toc-link ez-toc-heading-3\" href=\"https:\/\/que-sofas.es\/blog\/el-tamano-si-que-importa\/#Cada_centimetro_cuenta\" title=\"Cada cent\u00edmetro cuenta\">Cada cent\u00edmetro cuenta<\/a><\/li><li class='ez-toc-page-1 ez-toc-heading-level-2'><a class=\"ez-toc-link ez-toc-heading-4\" href=\"https:\/\/que-sofas.es\/blog\/el-tamano-si-que-importa\/#Equilibrio\" title=\"Equilibrio\">Equilibrio<\/a><\/li><li class='ez-toc-page-1 ez-toc-heading-level-2'><a class=\"ez-toc-link ez-toc-heading-5\" href=\"https:\/\/que-sofas.es\/blog\/el-tamano-si-que-importa\/#El_pastel_es_tu_aliado\" title=\" El pastel es tu aliado\"> El pastel es tu aliado<\/a><\/li><li class='ez-toc-page-1 ez-toc-heading-level-2'><a class=\"ez-toc-link ez-toc-heading-6\" href=\"https:\/\/que-sofas.es\/blog\/el-tamano-si-que-importa\/#Hacia_el_cielo\" title=\"Hacia el cielo\">Hacia el cielo<\/a><\/li><li class='ez-toc-page-1 ez-toc-heading-level-2'><a class=\"ez-toc-link ez-toc-heading-7\" href=\"https:\/\/que-sofas.es\/blog\/el-tamano-si-que-importa\/#El_tamano_si_que_importa\" title=\"El tama\u00f1o s\u00ed que importa\">El tama\u00f1o s\u00ed que importa<\/a><\/li><\/ul><\/nav><\/div>\n<h2 class=\"wp-block-heading\"><span class=\"ez-toc-section\" id=\"Minimalismo\"><\/span>Minimalismo<span class=\"ez-toc-section-end\"><\/span><\/h2>\n\n\n\n<p>Las tres premisas principales del <em>minimalismo<\/em> son: <strong>FUNCIONALIDAD, ORDEN Y EQUILIBRIO.<\/strong> Es importante partir de la idea de que menos, es m\u00e1s, por lo que hacer un ejercicio de s\u00edntesis sobre qu\u00e9 es lo verdaderamente necesario es fundamental para lograr que nuestro espacio cumpla nuestras premisas. <\/p>\n\n\n\n<p>Por tanto, es fundamental que despejes tus habitaciones y las descargues de muebles ya que el <em>Rococ\u00f3<\/em> pas\u00f3 de largo. A\u00f1os atr\u00e1s se tend\u00eda al exceso, pero las tendencias futuristas y minimalistas vienen pisando fuerte y nos sugieren aprovechar cada cent\u00edmetro marcando la tendencia actual. Por eso, el mobiliario con almacenamiento incorporado se presenta como el pilar fundamental del interiorismo. <\/p>\n\n\n\n<div class=\"wp-block-image is-style-default\"><figure class=\"aligncenter size-medium\"><img decoding=\"async\" src=\"https:\/\/www.que-barato.es\/blog\/wp-content\/uploads\/2020\/04\/1-400x267.jpg\" alt=\"\" class=\"wp-image-759\"\/><figcaption><em>Sal\u00f3n comedor minimalista<\/em><\/figcaption><\/figure><\/div>\n\n\n\n<h2 class=\"wp-block-heading\"><span class=\"ez-toc-section\" id=\"Y_se_hizo_la_luz\"><\/span>Y se hizo la luz<span class=\"ez-toc-section-end\"><\/span><\/h2>\n\n\n\n<p>La <em>iluminaci\u00f3n<\/em> tambi\u00e9n juega un papel importante en el aprovechamiento de nuestros espacios reducidos. Para lograr una mayor sensaci\u00f3n de amplitud, tenemos que recurrir a la <strong>luz natural<\/strong>, por lo que tendremos que huir de <em>\u201clas casas cuevas\u201d<\/em> para dar paso a los espacios di\u00e1fanos y a los grandes ventanales. Sin embargo, no podemos dejar de lado el buen uso de la iluminaci\u00f3n artificial para dar \u00e9nfasis a cada rinc\u00f3n de nuestra casa. <\/p>\n\n\n\n<div class=\"wp-block-image is-style-default\"><figure class=\"aligncenter size-featured_large\"><img decoding=\"async\" src=\"https:\/\/www.que-barato.es\/blog\/wp-content\/uploads\/2020\/04\/photo-of-green-leaf-potted-plants-on-window-and-stand-930004-1500x630.jpg\" alt=\"\" class=\"wp-image-760\"\/><figcaption><em>Ventanal de luz natural<\/em><\/figcaption><\/figure><\/div>\n\n\n\n<p>Es hora de decir adi\u00f3s a esos terribles visillos para abrir\nlas puertas a los tejidos vaporosos que dejan entrever todo el exterior y,\nsobre todo, dejan pasar la luz natural. <\/p>\n\n\n\n<p>En definitiva, la iluminaci\u00f3n es un buen aliado para diferenciar los espacios y ganar amplitud en nuestros hogares.<\/p>\n\n\n\n<h2 class=\"wp-block-heading\"><span class=\"ez-toc-section\" id=\"Cada_centimetro_cuenta\"><\/span>Cada cent\u00edmetro cuenta<span class=\"ez-toc-section-end\"><\/span><\/h2>\n\n\n\n<p>Cuando disponemos de espacios reducidos, otro factor a tener en cuenta es intentar aprovechar al m\u00e1ximo cada rinc\u00f3n de nuestro hogar. <strong>\u00a1Ojo!<\/strong> Con esta idea no queremos decir que lo sobrecarguemos, sino todo lo contrario. <\/p>\n\n\n\n<p>La eliminaci\u00f3n de paredes en nuestro espacio puede ayudar a unificarlo ayudando a suprimir <em>\u201czonas muertas\u201d<\/em> y d\u00e1ndonos m\u00e1s perspectiva, algo poco habitual en espacios reducidos. <\/p>\n\n\n\n<p>\u00bfQu\u00e9 mobiliario nos puede ayudar a aprovechar cada cent\u00edmetro? Una opci\u00f3n podr\u00eda ser recurrir a armarios con puertas correderas, que resultan pr\u00e1cticos y funcionales, como el <a href=\"https:\/\/www.que-barato.es\/comprar\/248649-armario-puertas-correderas-200x195x60-mod.homy-(color-blanco-\/-roble-sonoma)#.Xqa_yWgzaM8\">armario Winner<\/a> ya que no necesitas espacio extra para abrir sus puertas.<\/p>\n\n\n\n<div class=\"wp-block-image is-style-default\"><figure class=\"aligncenter size-medium\"><img decoding=\"async\" src=\"https:\/\/www.que-barato.es\/blog\/wp-content\/uploads\/2020\/04\/440HM200R-400x344.jpg\" alt=\"\" class=\"wp-image-761\"\/><figcaption>Armario Winner<\/figcaption><\/figure><\/div>\n\n\n\n<p>Otra de ejemplo podr\u00eda ser el uso de canap\u00e9s, como el <a href=\"https:\/\/www.que-barato.es\/comprar\/216444-canape-madera-nature-basic-blanco-150x190#.XqbBFWgzaM8\">canap\u00e9 Nature Basic<\/a>, que ayuda no solo a almacenar cualquier objeto de tu hogar, sino que tambi\u00e9n aporta un refuerzo a tu descanso. Porque como mencionamos anteriormente, la funcionalidad es lo primero.  <\/p>\n\n\n\n<div class=\"wp-block-image is-style-default\"><figure class=\"aligncenter size-medium\"><img decoding=\"async\" src=\"https:\/\/www.que-barato.es\/blog\/wp-content\/uploads\/2020\/04\/063VG150190B-400x333.jpg\" alt=\"\" class=\"wp-image-762\"\/><figcaption>Canap\u00e9 Nature Basic<\/figcaption><\/figure><\/div>\n\n\n\n<p>Tambi\u00e9n podemos hacer uso de puertas correderas, que nos regalan espacio adicional en paredes, suelo e incluso techo. <\/p>\n\n\n\n<h2 class=\"wp-block-heading\"><span class=\"ez-toc-section\" id=\"Equilibrio\"><\/span>Equilibrio<span class=\"ez-toc-section-end\"><\/span><\/h2>\n\n\n\n<p>Para conseguir un espacio funcional y ordenado es fundamental la organizaci\u00f3n y establecer una serie de prioridades que nos lleve al <em>equilibrio perfecto<\/em>. Para ello, es necesario crear ambientes dentro de nuestro hogar, que nos ayude a diferenciar nuestros espacios sin necesidad de barreras arquitect\u00f3nicas y dar prioridad a los espacios m\u00e1s relevantes. <\/p>\n\n\n\n<p>La distribuci\u00f3n final de nuestros espacios debe resultar equilibrada, por lo que no es aconsejable hacer uso de estilos opuestos ya que puede llevar a una sensaci\u00f3n de desorden y caos.<\/p>\n\n\n\n<h2 class=\"wp-block-heading\"><span class=\"ez-toc-section\" id=\"El_pastel_es_tu_aliado\"><\/span> El pastel es tu aliado<span class=\"ez-toc-section-end\"><\/span><\/h2>\n\n\n\n<p>En espacios reducidos,<strong> el color blanco es el rey<\/strong> d\u00e1ndonos una mayor sensaci\u00f3n de amplitud. En este aspecto, debemos tener en cuenta dos factores; el color de nuestras paredes y el color de suelos y muebles. <\/p>\n\n\n\n<p>Por un lado, degradar o modificar la tonalidad de tus paredes\nhar\u00e1 que tu cerebro se relacione con una estancia diferente de tu hogar. En\ncontraste con los tonos pastel, un color intenso en una pared de fondo aportar\u00e1\nuna mayor sensaci\u00f3n de profundidad.<\/p>\n\n\n\n<p>Los <em>tonos neutros y pastel<\/em>, con ayuda de la luz natural y el posicionamiento estrat\u00e9gico de nuestras luces artificiales multiplicar\u00e1n nuestra percepci\u00f3n de amplitud del hogar. <\/p>\n\n\n\n<p>Pintar el techo de un tono m\u00e1s claro que las paredes har\u00e1 que nuestros espacios parezcan m\u00e1s altos, aspecto importante para nuestro espacio reducido como veremos en el siguiente apartado.<\/p>\n\n\n\n<h2 class=\"wp-block-heading\"><span class=\"ez-toc-section\" id=\"Hacia_el_cielo\"><\/span>Hacia el cielo<span class=\"ez-toc-section-end\"><\/span><\/h2>\n\n\n\n<p>Pensar en<em> vertical<\/em> nos ayudar\u00e1 a liberar el suelo y, por tanto, ganaremos espacio. Nuestro aliado en espacios como el dormitorio ser\u00e1 la cama-litera, como la <a href=\"https:\/\/www.que-barato.es\/comprar\/78471-litera-tutto-pino-8400-color-blanco#.XqbIsmgzaM8\">litera Tutto Pino<\/a>. <\/p>\n\n\n\n<div class=\"wp-block-image is-style-default\"><figure class=\"aligncenter size-medium\"><img decoding=\"async\" src=\"https:\/\/www.que-barato.es\/blog\/wp-content\/uploads\/2020\/04\/TULI8400BL-400x333.jpg\" alt=\"\" class=\"wp-image-763\"\/><figcaption>Litera Tutto Pino<\/figcaption><\/figure><\/div>\n\n\n\n<p>Las dobles alturas son eficaces en espacios estrechos, pero de grandes alturas. La creaci\u00f3n de altillos o la ubicaci\u00f3n de nuestros colchones en una segunda altura son sin\u00f3nimos de aprovechamiento del espacio.<\/p>\n\n\n\n<h2 class=\"wp-block-heading\"><span class=\"ez-toc-section\" id=\"El_tamano_si_que_importa\"><\/span>El tama\u00f1o s\u00ed que importa<span class=\"ez-toc-section-end\"><\/span><\/h2>\n\n\n\n<p>Pensar en un espacio reducido no est\u00e1 relacionado con mobiliario de tama\u00f1o reducido, sino todo lo contrario. En cambio, lo que si debemos reducir es el n\u00famero de elementos en el mismo.<strong> Simplificando, pocos muebles y de gran tama\u00f1o.<\/strong> \u00bfQu\u00e9 conseguiremos? Que nuestro hogar siga una l\u00ednea que tenga continuidad y sea ordenada, evitando de esta forma el ruido visual. <\/p>\n\n\n\n<p>Recurrir al<em> \u201cdise\u00f1o a medida\u201d<\/em> es una opci\u00f3n que podemos contemplar si lo que queremos es ganar amplitud y que nuestro mobiliario est\u00e9 adaptado al espacio que disponemos, y no al rev\u00e9s. A priori, puede resultar una opci\u00f3n que no puede permitirse todos los bolsillos, pero existen opciones que se pueden adaptar como el <a href=\"https:\/\/www.que-barato.es\/comprar\/249415-sofa-chaiselongue-nature-petty-frente-izquierdo-color-tierra#.XqbN7mgzaM8\">chaiselongue Petty<\/a>, que no solo te aportar\u00e1 comodidad, sino adaptabilidad y un extra de almacenamiento.<\/p>\n\n\n\n<div class=\"wp-block-image is-style-default\"><figure class=\"aligncenter size-medium\"><img decoding=\"async\" src=\"https:\/\/www.que-barato.es\/blog\/wp-content\/uploads\/2020\/04\/460PEDEGR_2-400x298.jpg\" alt=\"\" class=\"wp-image-764\"\/><figcaption>Chaiselongue Petty<\/figcaption><\/figure><\/div>\n\n\n\n<p>Por tanto, queremos ayudarte a que la decoraci\u00f3n y distribuci\u00f3n del hogar en espacios reducidos suponga una forma de disfrute y no algo que te quite horas de sue\u00f1o, por ello recurrir al orden te ayudar\u00e1 a conseguir un <strong>equilibrio funcional.<\/strong><\/p>\n\n\n\n<p>Como prometimos al principio de la entrada, aqu\u00ed os dejamos <em>un regalito,<\/em> una infograf\u00eda a modo de resumen para que la descarguen de forma <strong>gratuita<\/strong> y puedan aplicar estos trucos. <strong>Desc\u00e1rgala y ponte a trabajar en tu hogar.<\/strong><\/p>\n\n\n\n<div class=\"wp-block-image is-style-default\"><figure class=\"aligncenter size-large is-resized\"><img decoding=\"async\" loading=\"lazy\" src=\"https:\/\/www.que-barato.es\/blog\/wp-content\/uploads\/2020\/04\/infographic-412x1030.png\" alt=\"Infograf\u00eda - El tama\u00f1o s\u00ed que importa\" class=\"wp-image-766\" width=\"417\" height=\"1040\"\/><figcaption><strong>Regalo<\/strong> &#8211; <em>El tama\u00f1o s\u00ed que importa (infograf\u00eda)<\/em><\/figcaption><\/figure><\/div>\n\n\n\n<p class=\"has-text-align-center\">Visita nuestra&nbsp;<strong>tienda\nonline las 24h<\/strong>&nbsp;en&nbsp;<a href=\"http:\/\/www.que-barato.es\/\">www.que-barato.es<\/a><\/p>\n\n\n\n<p class=\"has-text-align-center\"><strong>Nuestras\nredes sociales, \u00a1\u00a1S\u00edguenos!!<\/strong><\/p>\n\n\n\n<p class=\"has-text-align-center\"><a href=\"https:\/\/www.facebook.com\/quebaratocalidadalmejorprecio\/\">Facebook<\/a><\/p>\n\n\n\n<p class=\"has-text-align-center\"><a href=\"https:\/\/www.instagram.com\/quebaratomuebles\/\">Instagram<\/a><\/p>\n\n\n\n<p class=\"has-text-align-center\"><a href=\"https:\/\/twitter.com\/Quebaratomueble\">Twitter<\/a><\/p>\n\n\n\n<p class=\"has-text-align-center\"><a href=\"https:\/\/www.pinterest.es\/quebaratomueble\/\">Pinterest<\/a><\/p>\n    \t","protected":false},"excerpt":{"rendered":"<p>La decoraci\u00f3n de nuestros hogares para muchos supone un enorme quebradero de cabeza y m\u00e1s cuando la superficie media de la vivienda en Espa\u00f1a se reduce cada vez m\u00e1s. Sin embargo, esto debemos verlo como un ejercicio de s\u00edntesis en el que cada cent\u00edmetro cuente, porque no existen espacios peque\u00f1os sino mal utilizados. As\u00ed que, [&hellip;]<\/p>\n","protected":false},"author":3,"featured_media":768,"comment_status":"open","ping_status":"open","sticky":false,"template":"","format":"standard","meta":{"footnotes":""},"categories":[39],"tags":[106,111,129,149,175,253],"yoast_head":"<!-- This site is optimized with the Yoast SEO plugin v21.2 - https:\/\/yoast.com\/wordpress\/plugins\/seo\/ -->\n<title>El tama\u00f1o s\u00ed que importa | Qu\u00e9 Barato Blog<\/title>\n<meta name=\"robots\" content=\"index, follow, max-snippet:-1, max-image-preview:large, max-video-preview:-1\" \/>\n<link rel=\"canonical\" href=\"https:\/\/que-sofas.es\/blog\/el-tamano-si-que-importa\/\" \/>\n<meta property=\"og:locale\" content=\"es_ES\" \/>\n<meta property=\"og:type\" content=\"article\" \/>\n<meta property=\"og:title\" content=\"El tama\u00f1o s\u00ed que importa | Qu\u00e9 Barato Blog\" \/>\n<meta property=\"og:description\" content=\"La decoraci\u00f3n de nuestros hogares para muchos supone un enorme quebradero de cabeza y m\u00e1s cuando la superficie media de la vivienda en Espa\u00f1a se reduce cada vez m\u00e1s. Sin embargo, esto debemos verlo como un ejercicio de s\u00edntesis en el que cada cent\u00edmetro cuente, porque no existen espacios peque\u00f1os sino mal utilizados. As\u00ed que, [&hellip;]\" \/>\n<meta property=\"og:url\" content=\"https:\/\/que-sofas.es\/blog\/el-tamano-si-que-importa\/\" \/>\n<meta property=\"og:site_name\" content=\"Que Sof\u00e1s Blog\" \/>\n<meta property=\"article:publisher\" content=\"https:\/\/www.facebook.com\/quesofasbarato\" \/>\n<meta property=\"article:published_time\" content=\"2020-04-30T10:00:16+00:00\" \/>\n<meta property=\"og:image\" content=\"https:\/\/que-sofas.es\/blog\/wp-content\/uploads\/2020\/04\/photo-of-bedroom-2082093_opt.jpg\" \/>\n\t<meta property=\"og:image:width\" content=\"400\" \/>\n\t<meta property=\"og:image:height\" content=\"198\" \/>\n\t<meta property=\"og:image:type\" content=\"image\/jpeg\" \/>\n<meta name=\"author\" content=\"Que Barato\" \/>\n<meta name=\"twitter:card\" content=\"summary_large_image\" \/>\n<meta name=\"twitter:label1\" content=\"Escrito por\" \/>\n\t<meta name=\"twitter:data1\" content=\"Que Barato\" \/>\n\t<meta name=\"twitter:label2\" content=\"Tiempo de lectura\" \/>\n\t<meta name=\"twitter:data2\" content=\"6 minutos\" \/>\n<script type=\"application\/ld+json\" class=\"yoast-schema-graph\">{\"@context\":\"https:\/\/schema.org\",\"@graph\":[{\"@type\":\"Article\",\"@id\":\"https:\/\/que-sofas.es\/blog\/el-tamano-si-que-importa\/#article\",\"isPartOf\":{\"@id\":\"https:\/\/que-sofas.es\/blog\/el-tamano-si-que-importa\/\"},\"author\":{\"name\":\"Que Barato\",\"@id\":\"https:\/\/que-sofas.es\/blog\/#\/schema\/person\/70cf32421bda4ee10a724cebf2437836\"},\"headline\":\"El tama\u00f1o s\u00ed que importa\",\"datePublished\":\"2020-04-30T10:00:16+00:00\",\"dateModified\":\"2020-04-30T10:00:16+00:00\",\"mainEntityOfPage\":{\"@id\":\"https:\/\/que-sofas.es\/blog\/el-tamano-si-que-importa\/\"},\"wordCount\":1111,\"commentCount\":0,\"publisher\":{\"@id\":\"https:\/\/que-sofas.es\/blog\/#organization\"},\"keywords\":[\"Consejos\",\"decoraci\u00f3n\",\"espacio\",\"ideas\",\"minimalismo\",\"trucos\"],\"articleSection\":[\"Ideas y consejos\"],\"inLanguage\":\"es\",\"potentialAction\":[{\"@type\":\"CommentAction\",\"name\":\"Comment\",\"target\":[\"https:\/\/que-sofas.es\/blog\/el-tamano-si-que-importa\/#respond\"]}]},{\"@type\":\"WebPage\",\"@id\":\"https:\/\/que-sofas.es\/blog\/el-tamano-si-que-importa\/\",\"url\":\"https:\/\/que-sofas.es\/blog\/el-tamano-si-que-importa\/\",\"name\":\"El tama\u00f1o s\u00ed que importa | Qu\u00e9 Barato Blog\",\"isPartOf\":{\"@id\":\"https:\/\/que-sofas.es\/blog\/#website\"},\"datePublished\":\"2020-04-30T10:00:16+00:00\",\"dateModified\":\"2020-04-30T10:00:16+00:00\",\"breadcrumb\":{\"@id\":\"https:\/\/que-sofas.es\/blog\/el-tamano-si-que-importa\/#breadcrumb\"},\"inLanguage\":\"es\",\"potentialAction\":[{\"@type\":\"ReadAction\",\"target\":[\"https:\/\/que-sofas.es\/blog\/el-tamano-si-que-importa\/\"]}]},{\"@type\":\"BreadcrumbList\",\"@id\":\"https:\/\/que-sofas.es\/blog\/el-tamano-si-que-importa\/#breadcrumb\",\"itemListElement\":[{\"@type\":\"ListItem\",\"position\":1,\"name\":\"Portada\",\"item\":\"https:\/\/que-sofas.es\/blog\/\"},{\"@type\":\"ListItem\",\"position\":2,\"name\":\"El tama\u00f1o s\u00ed que importa\"}]},{\"@type\":\"WebSite\",\"@id\":\"https:\/\/que-sofas.es\/blog\/#website\",\"url\":\"https:\/\/que-sofas.es\/blog\/\",\"name\":\"Que Sof\u00e1s Blog\",\"description\":\"\u00a1El blog de Que Sof\u00e1s!\",\"publisher\":{\"@id\":\"https:\/\/que-sofas.es\/blog\/#organization\"},\"potentialAction\":[{\"@type\":\"SearchAction\",\"target\":{\"@type\":\"EntryPoint\",\"urlTemplate\":\"https:\/\/que-sofas.es\/blog\/?s={search_term_string}\"},\"query-input\":\"required name=search_term_string\"}],\"inLanguage\":\"es\"},{\"@type\":\"Organization\",\"@id\":\"https:\/\/que-sofas.es\/blog\/#organization\",\"name\":\"Que Sof\u00e1s\",\"url\":\"https:\/\/que-sofas.es\/blog\/\",\"logo\":{\"@type\":\"ImageObject\",\"inLanguage\":\"es\",\"@id\":\"https:\/\/que-sofas.es\/blog\/#\/schema\/logo\/image\/\",\"url\":\"https:\/\/que-sofas.es\/blog\/wp-content\/uploads\/2023\/08\/logo-que-sofas-200x40px-2.png\",\"contentUrl\":\"https:\/\/que-sofas.es\/blog\/wp-content\/uploads\/2023\/08\/logo-que-sofas-200x40px-2.png\",\"width\":171,\"height\":39,\"caption\":\"Que Sof\u00e1s\"},\"image\":{\"@id\":\"https:\/\/que-sofas.es\/blog\/#\/schema\/logo\/image\/\"},\"sameAs\":[\"https:\/\/www.facebook.com\/quesofasbarato\",\"https:\/\/www.instagram.com\/que_sofas\/\"]},{\"@type\":\"Person\",\"@id\":\"https:\/\/que-sofas.es\/blog\/#\/schema\/person\/70cf32421bda4ee10a724cebf2437836\",\"name\":\"Que Barato\",\"image\":{\"@type\":\"ImageObject\",\"inLanguage\":\"es\",\"@id\":\"https:\/\/que-sofas.es\/blog\/#\/schema\/person\/image\/\",\"url\":\"https:\/\/secure.gravatar.com\/avatar\/2e4417e0f91201ea490393883aae4775?s=96&d=mm&r=g\",\"contentUrl\":\"https:\/\/secure.gravatar.com\/avatar\/2e4417e0f91201ea490393883aae4775?s=96&d=mm&r=g\",\"caption\":\"Que Barato\"}}]}<\/script>\n<!-- \/ Yoast SEO plugin. -->","yoast_head_json":{"title":"El tama\u00f1o s\u00ed que importa | Qu\u00e9 Barato Blog","robots":{"index":"index","follow":"follow","max-snippet":"max-snippet:-1","max-image-preview":"max-image-preview:large","max-video-preview":"max-video-preview:-1"},"canonical":"https:\/\/que-sofas.es\/blog\/el-tamano-si-que-importa\/","og_locale":"es_ES","og_type":"article","og_title":"El tama\u00f1o s\u00ed que importa | Qu\u00e9 Barato Blog","og_description":"La decoraci\u00f3n de nuestros hogares para muchos supone un enorme quebradero de cabeza y m\u00e1s cuando la superficie media de la vivienda en Espa\u00f1a se reduce cada vez m\u00e1s. Sin embargo, esto debemos verlo como un ejercicio de s\u00edntesis en el que cada cent\u00edmetro cuente, porque no existen espacios peque\u00f1os sino mal utilizados. As\u00ed que, [&hellip;]","og_url":"https:\/\/que-sofas.es\/blog\/el-tamano-si-que-importa\/","og_site_name":"Que Sof\u00e1s Blog","article_publisher":"https:\/\/www.facebook.com\/quesofasbarato","article_published_time":"2020-04-30T10:00:16+00:00","og_image":[{"width":400,"height":198,"url":"https:\/\/que-sofas.es\/blog\/wp-content\/uploads\/2020\/04\/photo-of-bedroom-2082093_opt.jpg","type":"image\/jpeg"}],"author":"Que Barato","twitter_card":"summary_large_image","twitter_misc":{"Escrito por":"Que Barato","Tiempo de lectura":"6 minutos"},"schema":{"@context":"https:\/\/schema.org","@graph":[{"@type":"Article","@id":"https:\/\/que-sofas.es\/blog\/el-tamano-si-que-importa\/#article","isPartOf":{"@id":"https:\/\/que-sofas.es\/blog\/el-tamano-si-que-importa\/"},"author":{"name":"Que Barato","@id":"https:\/\/que-sofas.es\/blog\/#\/schema\/person\/70cf32421bda4ee10a724cebf2437836"},"headline":"El tama\u00f1o s\u00ed que importa","datePublished":"2020-04-30T10:00:16+00:00","dateModified":"2020-04-30T10:00:16+00:00","mainEntityOfPage":{"@id":"https:\/\/que-sofas.es\/blog\/el-tamano-si-que-importa\/"},"wordCount":1111,"commentCount":0,"publisher":{"@id":"https:\/\/que-sofas.es\/blog\/#organization"},"keywords":["Consejos","decoraci\u00f3n","espacio","ideas","minimalismo","trucos"],"articleSection":["Ideas y consejos"],"inLanguage":"es","potentialAction":[{"@type":"CommentAction","name":"Comment","target":["https:\/\/que-sofas.es\/blog\/el-tamano-si-que-importa\/#respond"]}]},{"@type":"WebPage","@id":"https:\/\/que-sofas.es\/blog\/el-tamano-si-que-importa\/","url":"https:\/\/que-sofas.es\/blog\/el-tamano-si-que-importa\/","name":"El tama\u00f1o s\u00ed que importa | Qu\u00e9 Barato Blog","isPartOf":{"@id":"https:\/\/que-sofas.es\/blog\/#website"},"datePublished":"2020-04-30T10:00:16+00:00","dateModified":"2020-04-30T10:00:16+00:00","breadcrumb":{"@id":"https:\/\/que-sofas.es\/blog\/el-tamano-si-que-importa\/#breadcrumb"},"inLanguage":"es","potentialAction":[{"@type":"ReadAction","target":["https:\/\/que-sofas.es\/blog\/el-tamano-si-que-importa\/"]}]},{"@type":"BreadcrumbList","@id":"https:\/\/que-sofas.es\/blog\/el-tamano-si-que-importa\/#breadcrumb","itemListElement":[{"@type":"ListItem","position":1,"name":"Portada","item":"https:\/\/que-sofas.es\/blog\/"},{"@type":"ListItem","position":2,"name":"El tama\u00f1o s\u00ed que importa"}]},{"@type":"WebSite","@id":"https:\/\/que-sofas.es\/blog\/#website","url":"https:\/\/que-sofas.es\/blog\/","name":"Que Sof\u00e1s Blog","description":"\u00a1El blog de Que Sof\u00e1s!","publisher":{"@id":"https:\/\/que-sofas.es\/blog\/#organization"},"potentialAction":[{"@type":"SearchAction","target":{"@type":"EntryPoint","urlTemplate":"https:\/\/que-sofas.es\/blog\/?s={search_term_string}"},"query-input":"required name=search_term_string"}],"inLanguage":"es"},{"@type":"Organization","@id":"https:\/\/que-sofas.es\/blog\/#organization","name":"Que Sof\u00e1s","url":"https:\/\/que-sofas.es\/blog\/","logo":{"@type":"ImageObject","inLanguage":"es","@id":"https:\/\/que-sofas.es\/blog\/#\/schema\/logo\/image\/","url":"https:\/\/que-sofas.es\/blog\/wp-content\/uploads\/2023\/08\/logo-que-sofas-200x40px-2.png","contentUrl":"https:\/\/que-sofas.es\/blog\/wp-content\/uploads\/2023\/08\/logo-que-sofas-200x40px-2.png","width":171,"height":39,"caption":"Que Sof\u00e1s"},"image":{"@id":"https:\/\/que-sofas.es\/blog\/#\/schema\/logo\/image\/"},"sameAs":["https:\/\/www.facebook.com\/quesofasbarato","https:\/\/www.instagram.com\/que_sofas\/"]},{"@type":"Person","@id":"https:\/\/que-sofas.es\/blog\/#\/schema\/person\/70cf32421bda4ee10a724cebf2437836","name":"Que Barato","image":{"@type":"ImageObject","inLanguage":"es","@id":"https:\/\/que-sofas.es\/blog\/#\/schema\/person\/image\/","url":"https:\/\/secure.gravatar.com\/avatar\/2e4417e0f91201ea490393883aae4775?s=96&d=mm&r=g","contentUrl":"https:\/\/secure.gravatar.com\/avatar\/2e4417e0f91201ea490393883aae4775?s=96&d=mm&r=g","caption":"Que Barato"}}]}},"_links":{"self":[{"href":"https:\/\/que-sofas.es\/blog\/wp-json\/wp\/v2\/posts\/758"}],"collection":[{"href":"https:\/\/que-sofas.es\/blog\/wp-json\/wp\/v2\/posts"}],"about":[{"href":"https:\/\/que-sofas.es\/blog\/wp-json\/wp\/v2\/types\/post"}],"author":[{"embeddable":true,"href":"https:\/\/que-sofas.es\/blog\/wp-json\/wp\/v2\/users\/3"}],"replies":[{"embeddable":true,"href":"https:\/\/que-sofas.es\/blog\/wp-json\/wp\/v2\/comments?post=758"}],"version-history":[{"count":0,"href":"https:\/\/que-sofas.es\/blog\/wp-json\/wp\/v2\/posts\/758\/revisions"}],"wp:featuredmedia":[{"embeddable":true,"href":"https:\/\/que-sofas.es\/blog\/wp-json\/wp\/v2\/media\/768"}],"wp:attachment":[{"href":"https:\/\/que-sofas.es\/blog\/wp-json\/wp\/v2\/media?parent=758"}],"wp:term":[{"taxonomy":"category","embeddable":true,"href":"https:\/\/que-sofas.es\/blog\/wp-json\/wp\/v2\/categories?post=758"},{"taxonomy":"post_tag","embeddable":true,"href":"https:\/\/que-sofas.es\/blog\/wp-json\/wp\/v2\/tags?post=758"}],"curies":[{"name":"wp","href":"https:\/\/api.w.org\/{rel}","templated":true}]}}