{"id":472,"date":"2018-09-24T06:44:15","date_gmt":"2018-09-24T06:44:15","guid":{"rendered":"http:\/\/www.que-barato.es\/blog\/?p=472"},"modified":"2018-09-24T06:44:15","modified_gmt":"2018-09-24T06:44:15","slug":"mesa-de-camilla-peli-y-palomitas","status":"publish","type":"post","link":"https:\/\/que-sofas.es\/blog\/mesa-de-camilla-peli-y-palomitas\/","title":{"rendered":"Mesa de camilla, peli y palomitas."},"content":{"rendered":"<p><a href=\"https:\/\/que-barato.es\/blog\/wp-content\/uploads\/2018\/09\/sorteo_9_original.jpg\"><img decoding=\"async\" loading=\"lazy\" class=\"alignleft wp-image-473 \" src=\"https:\/\/que-barato.es\/blog\/wp-content\/uploads\/2018\/09\/sorteo_9_original.jpg\" alt=\"sorteo_9_original\" width=\"1192\" height=\"324\" srcset=\"https:\/\/que-sofas.es\/blog\/wp-content\/uploads\/2018\/09\/sorteo_9_original-300x82.jpg 300w, https:\/\/que-sofas.es\/blog\/wp-content\/uploads\/2018\/09\/sorteo_9_original-768x210.jpg 768w\" sizes=\"(max-width: 1192px) 100vw, 1192px\" \/><\/a><\/p>\n<p style=\"text-align: center;\"><a href=\"http:\/\/www.que-barato.es\/productos.php?texto_buscar2=camilla\" target=\"_blank\" rel=\"noopener noreferrer\">Las mesas de camilla<\/a> son una soluci\u00f3n pr\u00e1ctica, c\u00f3moda y econ\u00f3mica para solventar los problemas de fr\u00edo en casa.<\/p>\n<p><a href=\"https:\/\/que-barato.es\/blog\/wp-content\/uploads\/2018\/09\/mail2.jpg\" target=\"_blank\" rel=\"noopener noreferrer\"><img decoding=\"async\" loading=\"lazy\" class=\"aligncenter wp-image-474 size-portfolio\" title=\"Mesa de camilla \" src=\"http:\/\/www.que-barato.es\/blog\/wp-content\/uploads\/2018\/09\/mail2-495x400.jpg\" alt=\"mail2\" width=\"495\" height=\"400\" \/><\/a><\/p>\n<ul>\n<li style=\"text-align: center;\">\n<address><strong>MEDIDAS DISPONIBLES: 110X70cm o 120x70cm\u00a0<\/strong><\/address>\n<\/li>\n<li style=\"text-align: center;\">\n<address><strong>VARIOS TAPIZADOS A ELEGIR (Gris, Beige y Choco).<\/strong><\/address>\n<\/li>\n<\/ul>\n<p style=\"text-align: center;\"><a href=\"https:\/\/que-barato.es\/blog\/wp-content\/uploads\/2018\/09\/tapi.jpg\"><img decoding=\"async\" loading=\"lazy\" class=\"aligncenter wp-image-475 size-full\" src=\"https:\/\/que-barato.es\/blog\/wp-content\/uploads\/2018\/09\/tapi.jpg\" alt=\"tapi\" width=\"604\" height=\"121\" srcset=\"https:\/\/que-sofas.es\/blog\/wp-content\/uploads\/2018\/09\/tapi.jpg 604w, https:\/\/que-sofas.es\/blog\/wp-content\/uploads\/2018\/09\/tapi-300x60.jpg 300w\" sizes=\"(max-width: 604px) 100vw, 604px\" \/><\/a><\/p>\n<p style=\"text-align: center;\"><strong>IDEAL PARA LAS ESTACIONES M\u00c1S FR\u00cdAS.<\/strong><\/p>\n<p style=\"text-align: center;\">En <a href=\"http:\/\/que-barato.es\/\" target=\"_blank\" rel=\"noopener noreferrer\">nuestras tiendas<\/a> puedes encontrar una gran variedad de <a href=\"http:\/\/www.que-barato.es\/blog\/?p=376\" target=\"_blank\" rel=\"noopener noreferrer\">mesas<\/a> con distintas medidas y telas a elegir.<\/p>\n<p style=\"text-align: center;\">Tambi\u00e9n en nuestras tiendas, contamos con mesas de camilla de forja con la tapa en cristal. Este modelo podr\u00e1s utilizarlo en cualquier estilo decorativo y cuando pasen los meses de fr\u00edo s\u00f3lo tendr\u00e1s que quitarle la ropa y quedar\u00e1 una elegante mesa de forja en el sal\u00f3n.<\/p>\n<p style=\"text-align: center;\">Compl\u00e9tala con este <a href=\"http:\/\/www.que-barato.es\/comprar\/224526-brasero-para-mesa-camilla-orbegozo-ref.br-50-900w#.W6iG22gza70\" target=\"_blank\" rel=\"noopener noreferrer\">brasero<\/a>.<\/p>\n<address style=\"text-align: center;\"><strong>Con estas mesas, resulta dif\u00edcil que no entren\u00a0ganas de que llegue el Oto\u00f1o o el Invierno<\/strong><\/address>\n<address style=\"text-align: center;\"><strong> para sentarnos alrededor de la esperada mesa de camilla y cubrirnos con su c\u00e1lida ropa al calor de la estufa.<\/strong><\/address>\n<p style=\"text-align: center;\">Mesas de camilla cruda, mesa de camilla forja, mesa de madera madera, \u00bfPor cual te decantas?<\/p>\n<p style=\"text-align: center;\">Precios incre\u00edbles y calidad al mejor precio.<\/p>\n<p style=\"text-align: center;\">Compralo\u00a0online las 24h en<a href=\"http:\/\/que-barato.es\/\" target=\"_blank\" rel=\"noopener noreferrer\">\u00a0www.que-barato.es<\/a>\u00a0o en una de nuestras tiendas:<\/p>\n<p style=\"text-align: center;\"><a href=\"https:\/\/que-barato.es\/blog\/wp-content\/uploads\/2018\/09\/direcciones_1_original.png\" target=\"_blank\" rel=\"noopener noreferrer\"><img decoding=\"async\" loading=\"lazy\" class=\"aligncenter wp-image-477 size-full\" title=\"Direcciones tiendas. \" src=\"https:\/\/que-barato.es\/blog\/wp-content\/uploads\/2018\/09\/direcciones_1_original.png\" alt=\"direcciones_1_original\" width=\"1200\" height=\"630\" srcset=\"https:\/\/que-sofas.es\/blog\/wp-content\/uploads\/2018\/09\/direcciones_1_original.png 1200w, https:\/\/que-sofas.es\/blog\/wp-content\/uploads\/2018\/09\/direcciones_1_original-300x158.png 300w, https:\/\/que-sofas.es\/blog\/wp-content\/uploads\/2018\/09\/direcciones_1_original-1030x541.png 1030w, https:\/\/que-sofas.es\/blog\/wp-content\/uploads\/2018\/09\/direcciones_1_original-768x403.png 768w\" sizes=\"(max-width: 1200px) 100vw, 1200px\" \/><\/a><\/p>\n<p style=\"color: #666666; text-align: center;\"><strong style=\"font-weight: bold; font-style: inherit; color: #711874;\">Nuestras redes sociales, \u00a1\u00a1S\u00edguenos!!<\/strong><\/p>\n<p style=\"color: #666666; text-align: center;\"><a style=\"color: #711874;\" href=\"https:\/\/www.facebook.com\/quebaratocalidadalmejorprecio\/\">https:\/\/www.facebook.com\/quebaratocalidadalmejorprecio\/<\/a><\/p>\n<p style=\"color: #666666; text-align: center;\"><a style=\"color: #711874;\" href=\"https:\/\/twitter.com\/Quebaratomueble\">https:\/\/twitter.com\/Quebaratomueble<\/a><\/p>\n<p style=\"color: #666666; text-align: center;\">https:\/\/www.pinterest.es\/quebaratomueble\/<\/p>\n<p style=\"color: #666666; text-align: center;\">https:\/\/www.instagram.com\/quebaratomuebles\/<\/p>\n<p>&nbsp;    \t<\/p>\n","protected":false},"excerpt":{"rendered":"<p>Las mesas de camilla son una soluci\u00f3n pr\u00e1ctica, c\u00f3moda y econ\u00f3mica para solventar los problemas de fr\u00edo en casa. MEDIDAS DISPONIBLES: 110X70cm o 120x70cm\u00a0 VARIOS TAPIZADOS A ELEGIR (Gris, Beige y Choco). IDEAL PARA LAS ESTACIONES M\u00c1S FR\u00cdAS. En nuestras tiendas puedes encontrar una gran variedad de mesas con distintas medidas y telas a elegir. [&hellip;]<\/p>\n","protected":false},"author":3,"featured_media":478,"comment_status":"open","ping_status":"open","sticky":false,"template":"","format":"standard","meta":{"footnotes":""},"categories":[40],"tags":[73,87,111,134,141,147,171,172,180,192,194,213,215,229,250],"yoast_head":"<!-- This site is optimized with the Yoast SEO plugin v21.2 - https:\/\/yoast.com\/wordpress\/plugins\/seo\/ -->\n<title>Mesa de camilla, peli y palomitas. | Qu\u00e9 Barato Blog<\/title>\n<meta name=\"description\" content=\"La mesa de camilla es la soluci\u00f3n perfecta a la bajada de temperatura. Nada mejor que disfrutar del calor de la estufa con una buena pel\u00edcula y palomitas.\" \/>\n<meta name=\"robots\" content=\"index, follow, max-snippet:-1, max-image-preview:large, max-video-preview:-1\" \/>\n<link rel=\"canonical\" href=\"https:\/\/que-sofas.es\/blog\/mesa-de-camilla-peli-y-palomitas\/\" \/>\n<meta property=\"og:locale\" content=\"es_ES\" \/>\n<meta property=\"og:type\" content=\"article\" \/>\n<meta property=\"og:title\" content=\"Mesa de camilla, peli y palomitas. | Qu\u00e9 Barato Blog\" \/>\n<meta property=\"og:description\" content=\"La mesa de camilla es la soluci\u00f3n perfecta a la bajada de temperatura. Nada mejor que disfrutar del calor de la estufa con una buena pel\u00edcula y palomitas.\" \/>\n<meta property=\"og:url\" content=\"https:\/\/que-sofas.es\/blog\/mesa-de-camilla-peli-y-palomitas\/\" \/>\n<meta property=\"og:site_name\" content=\"Que Sof\u00e1s Blog\" \/>\n<meta property=\"article:publisher\" content=\"https:\/\/www.facebook.com\/quesofasbarato\" \/>\n<meta property=\"article:published_time\" content=\"2018-09-24T06:44:15+00:00\" \/>\n<meta property=\"og:image\" content=\"https:\/\/que-sofas.es\/blog\/wp-content\/uploads\/2018\/09\/06317PMRCB110C_mini.jpg\" \/>\n\t<meta property=\"og:image:width\" content=\"611\" \/>\n\t<meta property=\"og:image:height\" content=\"402\" \/>\n\t<meta property=\"og:image:type\" content=\"image\/jpeg\" \/>\n<meta name=\"author\" content=\"Que Barato\" \/>\n<meta name=\"twitter:card\" content=\"summary_large_image\" \/>\n<meta name=\"twitter:label1\" content=\"Escrito por\" \/>\n\t<meta name=\"twitter:data1\" content=\"Que Barato\" \/>\n\t<meta name=\"twitter:label2\" content=\"Tiempo de lectura\" \/>\n\t<meta name=\"twitter:data2\" content=\"1 minuto\" \/>\n<script type=\"application\/ld+json\" class=\"yoast-schema-graph\">{\"@context\":\"https:\/\/schema.org\",\"@graph\":[{\"@type\":\"Article\",\"@id\":\"https:\/\/que-sofas.es\/blog\/mesa-de-camilla-peli-y-palomitas\/#article\",\"isPartOf\":{\"@id\":\"https:\/\/que-sofas.es\/blog\/mesa-de-camilla-peli-y-palomitas\/\"},\"author\":{\"name\":\"Que Barato\",\"@id\":\"https:\/\/que-sofas.es\/blog\/#\/schema\/person\/70cf32421bda4ee10a724cebf2437836\"},\"headline\":\"Mesa de camilla, peli y palomitas.\",\"datePublished\":\"2018-09-24T06:44:15+00:00\",\"dateModified\":\"2018-09-24T06:44:15+00:00\",\"mainEntityOfPage\":{\"@id\":\"https:\/\/que-sofas.es\/blog\/mesa-de-camilla-peli-y-palomitas\/\"},\"wordCount\":231,\"commentCount\":0,\"publisher\":{\"@id\":\"https:\/\/que-sofas.es\/blog\/#organization\"},\"keywords\":[\"brasero\",\"casa\",\"decoraci\u00f3n\",\"estufa\",\"frio\",\"hogar\",\"mesa\",\"mesacamilla\",\"muebles\",\"palomitas\",\"pel\u00edcula\",\"ropa\",\"sal\u00f3n\",\"sof\u00e1\",\"temperatura\"],\"articleSection\":[\"Salones\"],\"inLanguage\":\"es\",\"potentialAction\":[{\"@type\":\"CommentAction\",\"name\":\"Comment\",\"target\":[\"https:\/\/que-sofas.es\/blog\/mesa-de-camilla-peli-y-palomitas\/#respond\"]}]},{\"@type\":\"WebPage\",\"@id\":\"https:\/\/que-sofas.es\/blog\/mesa-de-camilla-peli-y-palomitas\/\",\"url\":\"https:\/\/que-sofas.es\/blog\/mesa-de-camilla-peli-y-palomitas\/\",\"name\":\"Mesa de camilla, peli y palomitas. | Qu\u00e9 Barato Blog\",\"isPartOf\":{\"@id\":\"https:\/\/que-sofas.es\/blog\/#website\"},\"datePublished\":\"2018-09-24T06:44:15+00:00\",\"dateModified\":\"2018-09-24T06:44:15+00:00\",\"description\":\"La mesa de camilla es la soluci\u00f3n perfecta a la bajada de temperatura. Nada mejor que disfrutar del calor de la estufa con una buena pel\u00edcula y palomitas.\",\"breadcrumb\":{\"@id\":\"https:\/\/que-sofas.es\/blog\/mesa-de-camilla-peli-y-palomitas\/#breadcrumb\"},\"inLanguage\":\"es\",\"potentialAction\":[{\"@type\":\"ReadAction\",\"target\":[\"https:\/\/que-sofas.es\/blog\/mesa-de-camilla-peli-y-palomitas\/\"]}]},{\"@type\":\"BreadcrumbList\",\"@id\":\"https:\/\/que-sofas.es\/blog\/mesa-de-camilla-peli-y-palomitas\/#breadcrumb\",\"itemListElement\":[{\"@type\":\"ListItem\",\"position\":1,\"name\":\"Portada\",\"item\":\"https:\/\/que-sofas.es\/blog\/\"},{\"@type\":\"ListItem\",\"position\":2,\"name\":\"Mesa de camilla, peli y palomitas.\"}]},{\"@type\":\"WebSite\",\"@id\":\"https:\/\/que-sofas.es\/blog\/#website\",\"url\":\"https:\/\/que-sofas.es\/blog\/\",\"name\":\"Que Sof\u00e1s Blog\",\"description\":\"\u00a1El blog de Que Sof\u00e1s!\",\"publisher\":{\"@id\":\"https:\/\/que-sofas.es\/blog\/#organization\"},\"potentialAction\":[{\"@type\":\"SearchAction\",\"target\":{\"@type\":\"EntryPoint\",\"urlTemplate\":\"https:\/\/que-sofas.es\/blog\/?s={search_term_string}\"},\"query-input\":\"required name=search_term_string\"}],\"inLanguage\":\"es\"},{\"@type\":\"Organization\",\"@id\":\"https:\/\/que-sofas.es\/blog\/#organization\",\"name\":\"Que Sof\u00e1s\",\"url\":\"https:\/\/que-sofas.es\/blog\/\",\"logo\":{\"@type\":\"ImageObject\",\"inLanguage\":\"es\",\"@id\":\"https:\/\/que-sofas.es\/blog\/#\/schema\/logo\/image\/\",\"url\":\"https:\/\/que-sofas.es\/blog\/wp-content\/uploads\/2023\/08\/logo-que-sofas-200x40px-2.png\",\"contentUrl\":\"https:\/\/que-sofas.es\/blog\/wp-content\/uploads\/2023\/08\/logo-que-sofas-200x40px-2.png\",\"width\":171,\"height\":39,\"caption\":\"Que Sof\u00e1s\"},\"image\":{\"@id\":\"https:\/\/que-sofas.es\/blog\/#\/schema\/logo\/image\/\"},\"sameAs\":[\"https:\/\/www.facebook.com\/quesofasbarato\",\"https:\/\/www.instagram.com\/que_sofas\/\"]},{\"@type\":\"Person\",\"@id\":\"https:\/\/que-sofas.es\/blog\/#\/schema\/person\/70cf32421bda4ee10a724cebf2437836\",\"name\":\"Que Barato\",\"image\":{\"@type\":\"ImageObject\",\"inLanguage\":\"es\",\"@id\":\"https:\/\/que-sofas.es\/blog\/#\/schema\/person\/image\/\",\"url\":\"https:\/\/secure.gravatar.com\/avatar\/2e4417e0f91201ea490393883aae4775?s=96&d=mm&r=g\",\"contentUrl\":\"https:\/\/secure.gravatar.com\/avatar\/2e4417e0f91201ea490393883aae4775?s=96&d=mm&r=g\",\"caption\":\"Que Barato\"}}]}<\/script>\n<!-- \/ Yoast SEO plugin. -->","yoast_head_json":{"title":"Mesa de camilla, peli y palomitas. | Qu\u00e9 Barato Blog","description":"La mesa de camilla es la soluci\u00f3n perfecta a la bajada de temperatura. Nada mejor que disfrutar del calor de la estufa con una buena pel\u00edcula y palomitas.","robots":{"index":"index","follow":"follow","max-snippet":"max-snippet:-1","max-image-preview":"max-image-preview:large","max-video-preview":"max-video-preview:-1"},"canonical":"https:\/\/que-sofas.es\/blog\/mesa-de-camilla-peli-y-palomitas\/","og_locale":"es_ES","og_type":"article","og_title":"Mesa de camilla, peli y palomitas. | Qu\u00e9 Barato Blog","og_description":"La mesa de camilla es la soluci\u00f3n perfecta a la bajada de temperatura. Nada mejor que disfrutar del calor de la estufa con una buena pel\u00edcula y palomitas.","og_url":"https:\/\/que-sofas.es\/blog\/mesa-de-camilla-peli-y-palomitas\/","og_site_name":"Que Sof\u00e1s Blog","article_publisher":"https:\/\/www.facebook.com\/quesofasbarato","article_published_time":"2018-09-24T06:44:15+00:00","og_image":[{"width":611,"height":402,"url":"https:\/\/que-sofas.es\/blog\/wp-content\/uploads\/2018\/09\/06317PMRCB110C_mini.jpg","type":"image\/jpeg"}],"author":"Que Barato","twitter_card":"summary_large_image","twitter_misc":{"Escrito por":"Que Barato","Tiempo de lectura":"1 minuto"},"schema":{"@context":"https:\/\/schema.org","@graph":[{"@type":"Article","@id":"https:\/\/que-sofas.es\/blog\/mesa-de-camilla-peli-y-palomitas\/#article","isPartOf":{"@id":"https:\/\/que-sofas.es\/blog\/mesa-de-camilla-peli-y-palomitas\/"},"author":{"name":"Que Barato","@id":"https:\/\/que-sofas.es\/blog\/#\/schema\/person\/70cf32421bda4ee10a724cebf2437836"},"headline":"Mesa de camilla, peli y palomitas.","datePublished":"2018-09-24T06:44:15+00:00","dateModified":"2018-09-24T06:44:15+00:00","mainEntityOfPage":{"@id":"https:\/\/que-sofas.es\/blog\/mesa-de-camilla-peli-y-palomitas\/"},"wordCount":231,"commentCount":0,"publisher":{"@id":"https:\/\/que-sofas.es\/blog\/#organization"},"keywords":["brasero","casa","decoraci\u00f3n","estufa","frio","hogar","mesa","mesacamilla","muebles","palomitas","pel\u00edcula","ropa","sal\u00f3n","sof\u00e1","temperatura"],"articleSection":["Salones"],"inLanguage":"es","potentialAction":[{"@type":"CommentAction","name":"Comment","target":["https:\/\/que-sofas.es\/blog\/mesa-de-camilla-peli-y-palomitas\/#respond"]}]},{"@type":"WebPage","@id":"https:\/\/que-sofas.es\/blog\/mesa-de-camilla-peli-y-palomitas\/","url":"https:\/\/que-sofas.es\/blog\/mesa-de-camilla-peli-y-palomitas\/","name":"Mesa de camilla, peli y palomitas. | Qu\u00e9 Barato Blog","isPartOf":{"@id":"https:\/\/que-sofas.es\/blog\/#website"},"datePublished":"2018-09-24T06:44:15+00:00","dateModified":"2018-09-24T06:44:15+00:00","description":"La mesa de camilla es la soluci\u00f3n perfecta a la bajada de temperatura. Nada mejor que disfrutar del calor de la estufa con una buena pel\u00edcula y palomitas.","breadcrumb":{"@id":"https:\/\/que-sofas.es\/blog\/mesa-de-camilla-peli-y-palomitas\/#breadcrumb"},"inLanguage":"es","potentialAction":[{"@type":"ReadAction","target":["https:\/\/que-sofas.es\/blog\/mesa-de-camilla-peli-y-palomitas\/"]}]},{"@type":"BreadcrumbList","@id":"https:\/\/que-sofas.es\/blog\/mesa-de-camilla-peli-y-palomitas\/#breadcrumb","itemListElement":[{"@type":"ListItem","position":1,"name":"Portada","item":"https:\/\/que-sofas.es\/blog\/"},{"@type":"ListItem","position":2,"name":"Mesa de camilla, peli y palomitas."}]},{"@type":"WebSite","@id":"https:\/\/que-sofas.es\/blog\/#website","url":"https:\/\/que-sofas.es\/blog\/","name":"Que Sof\u00e1s Blog","description":"\u00a1El blog de Que Sof\u00e1s!","publisher":{"@id":"https:\/\/que-sofas.es\/blog\/#organization"},"potentialAction":[{"@type":"SearchAction","target":{"@type":"EntryPoint","urlTemplate":"https:\/\/que-sofas.es\/blog\/?s={search_term_string}"},"query-input":"required name=search_term_string"}],"inLanguage":"es"},{"@type":"Organization","@id":"https:\/\/que-sofas.es\/blog\/#organization","name":"Que Sof\u00e1s","url":"https:\/\/que-sofas.es\/blog\/","logo":{"@type":"ImageObject","inLanguage":"es","@id":"https:\/\/que-sofas.es\/blog\/#\/schema\/logo\/image\/","url":"https:\/\/que-sofas.es\/blog\/wp-content\/uploads\/2023\/08\/logo-que-sofas-200x40px-2.png","contentUrl":"https:\/\/que-sofas.es\/blog\/wp-content\/uploads\/2023\/08\/logo-que-sofas-200x40px-2.png","width":171,"height":39,"caption":"Que Sof\u00e1s"},"image":{"@id":"https:\/\/que-sofas.es\/blog\/#\/schema\/logo\/image\/"},"sameAs":["https:\/\/www.facebook.com\/quesofasbarato","https:\/\/www.instagram.com\/que_sofas\/"]},{"@type":"Person","@id":"https:\/\/que-sofas.es\/blog\/#\/schema\/person\/70cf32421bda4ee10a724cebf2437836","name":"Que Barato","image":{"@type":"ImageObject","inLanguage":"es","@id":"https:\/\/que-sofas.es\/blog\/#\/schema\/person\/image\/","url":"https:\/\/secure.gravatar.com\/avatar\/2e4417e0f91201ea490393883aae4775?s=96&d=mm&r=g","contentUrl":"https:\/\/secure.gravatar.com\/avatar\/2e4417e0f91201ea490393883aae4775?s=96&d=mm&r=g","caption":"Que Barato"}}]}},"_links":{"self":[{"href":"https:\/\/que-sofas.es\/blog\/wp-json\/wp\/v2\/posts\/472"}],"collection":[{"href":"https:\/\/que-sofas.es\/blog\/wp-json\/wp\/v2\/posts"}],"about":[{"href":"https:\/\/que-sofas.es\/blog\/wp-json\/wp\/v2\/types\/post"}],"author":[{"embeddable":true,"href":"https:\/\/que-sofas.es\/blog\/wp-json\/wp\/v2\/users\/3"}],"replies":[{"embeddable":true,"href":"https:\/\/que-sofas.es\/blog\/wp-json\/wp\/v2\/comments?post=472"}],"version-history":[{"count":0,"href":"https:\/\/que-sofas.es\/blog\/wp-json\/wp\/v2\/posts\/472\/revisions"}],"wp:featuredmedia":[{"embeddable":true,"href":"https:\/\/que-sofas.es\/blog\/wp-json\/wp\/v2\/media\/478"}],"wp:attachment":[{"href":"https:\/\/que-sofas.es\/blog\/wp-json\/wp\/v2\/media?parent=472"}],"wp:term":[{"taxonomy":"category","embeddable":true,"href":"https:\/\/que-sofas.es\/blog\/wp-json\/wp\/v2\/categories?post=472"},{"taxonomy":"post_tag","embeddable":true,"href":"https:\/\/que-sofas.es\/blog\/wp-json\/wp\/v2\/tags?post=472"}],"curies":[{"name":"wp","href":"https:\/\/api.w.org\/{rel}","templated":true}]}}