{"id":446,"date":"2018-08-03T09:10:05","date_gmt":"2018-08-03T09:10:05","guid":{"rendered":"http:\/\/www.que-barato.es\/blog\/?p=446"},"modified":"2018-08-03T09:10:05","modified_gmt":"2018-08-03T09:10:05","slug":"en-agosto-puff-tureo-sorteo","status":"publish","type":"post","link":"https:\/\/que-sofas.es\/blog\/en-agosto-puff-tureo-sorteo\/","title":{"rendered":"En Agosto PUFF-TUREO \u00a1\u00a1SORTEO!!"},"content":{"rendered":"<p style=\"text-align: center;\"><strong>\u00a1\u00a1Que se note que estamos en verano!!<\/strong><\/p>\n<p style=\"text-align: center;\">En Agosto PUFF-TUREO da nombre a nuestro sorteo de 3 fantasticos puff.\u00a0<!--more--><\/p>\n<p style=\"text-align: center;\"><strong>\u00a1\u00a1Sorteamos alegr\u00eda!!<\/strong> 3 puff se ponen en juego, este sorteo es divertid\u00edsimo, demos rienda a la imaginaci\u00f3n<strong> \u00a1\u00a1Queremos ver tus pies!!<\/strong><\/p>\n<p style=\"text-align: center;\">\u00bfComo participar? \u00a1Muy f\u00e1cil!<\/p>\n<p style=\"text-align: center;\"><strong>-Tienes que ser fans de nuestra p\u00e1gina.<\/strong><\/p>\n<p style=\"text-align: center;\"><strong>-Dar al \u201cMe gusta\u201d a esta publicaci\u00f3n y compartirla en tu muro.<\/strong><\/p>\n<p style=\"text-align: center;\"><strong>-Important\u00edsimo invitar a tus amigos a que indiquen que le gusta la p\u00e1gina.<\/strong><\/p>\n<p style=\"text-align: center;\"><strong>-Cu\u00e9ntanos: \u00bfQu\u00e9 te gustar\u00eda hacer sentad@ en el puff el 15 de Agosto?<\/strong><a href=\"https:\/\/que-barato.es\/blog\/wp-content\/uploads\/2018\/08\/puf7.jpg\"><img decoding=\"async\" loading=\"lazy\" class=\"aligncenter wp-image-447 size-full\" src=\"https:\/\/que-barato.es\/blog\/wp-content\/uploads\/2018\/08\/puf7.jpg\" alt=\"puf7\" width=\"600\" height=\"424\" srcset=\"https:\/\/que-sofas.es\/blog\/wp-content\/uploads\/2018\/08\/puf7.jpg 600w, https:\/\/que-sofas.es\/blog\/wp-content\/uploads\/2018\/08\/puf7-300x212.jpg 300w\" sizes=\"(max-width: 600px) 100vw, 600px\" \/><\/a><\/p>\n<p>&nbsp;<\/p>\n<p style=\"text-align: center;\"><strong>\u00a1\u00a1No escondas tus pies en verano!! Aqu\u00ed va la parte divertida.<\/strong><\/p>\n<p style=\"text-align: left;\"><strong>Para entrar en el sorteo:<\/strong><\/p>\n<p style=\"text-align: left;\">Tendr\u00e1s que subir una<strong> foto de tus pies,<\/strong> cuanto m\u00e1s original m\u00e1s posibilidades de ganar tendr\u00e1s, no se te olvide a\u00f1adir el hashtag <strong>#ENAGOSTOPUFFTUREO<\/strong><\/p>\n<p style=\"text-align: left;\"><strong>-Saca una foto de tus pies. Cuanto m\u00e1s original sea la imagen, paisaje, pintadas, etc..m\u00e1s posibilidades tendr\u00e1s de ganar.<\/strong><\/p>\n<p style=\"text-align: left;\"><strong>-S\u00fabela a tus redes sociales con el hashtag #enagostopufftuero (aseg\u00farate que tu perfil de Facebook sea p\u00fablico para que sea visible, si no es as\u00ed, esa foto no contabilizar\u00e1)<\/strong><\/p>\n<p style=\"text-align: left;\"><a href=\"https:\/\/que-barato.es\/blog\/wp-content\/uploads\/2018\/08\/Verano-para-disfrutar.jpg\"><img decoding=\"async\" loading=\"lazy\" class=\"aligncenter wp-image-453 size-full\" src=\"https:\/\/que-barato.es\/blog\/wp-content\/uploads\/2018\/08\/Verano-para-disfrutar.jpg\" alt=\"Verano-para-disfrutar\" width=\"1200\" height=\"796\" srcset=\"https:\/\/que-sofas.es\/blog\/wp-content\/uploads\/2018\/08\/Verano-para-disfrutar.jpg 1200w, https:\/\/que-sofas.es\/blog\/wp-content\/uploads\/2018\/08\/Verano-para-disfrutar-300x199.jpg 300w, https:\/\/que-sofas.es\/blog\/wp-content\/uploads\/2018\/08\/Verano-para-disfrutar-1030x683.jpg 1030w, https:\/\/que-sofas.es\/blog\/wp-content\/uploads\/2018\/08\/Verano-para-disfrutar-768x509.jpg 768w\" sizes=\"(max-width: 1200px) 100vw, 1200px\" \/><\/a><\/p>\n<p style=\"text-align: center;\"><strong>#ENAGOSTOPUFFTUREO<\/strong><\/p>\n<p><strong>Condiciones:<\/strong><\/p>\n<p>&#8211;<strong>Obligatorio<\/strong> que las fotos lleven el hashtag <strong>#enagostopufftureo<\/strong> para que sea v\u00e1lida.<\/p>\n<p><strong>-El ganador lo publicaremos el 10 de Septiembre.<\/strong><\/p>\n<p>-Las fotograf\u00edas ganadoras ser\u00e1n las m\u00e1s originales y ser\u00e1n elegidas por nosotros.<\/p>\n<p>&nbsp;<\/p>\n<p><strong>El premio se recoger\u00e1 en nuestras tiendas Que Barato.<\/strong><\/p>\n<p><b>N<\/b>o se enviar\u00e1 bajo ning\u00fan concepto por mensajer\u00eda. Se le har\u00e1 una fotograf\u00eda al ganador recogiendo su regalo que posteriormente subiremos a las distintas redes sociales de Que Barato.<\/p>\n<p>Si pasado 10 d\u00edas el ganador no reclama su premio, autom\u00e1ticamente se generar\u00e1 un nuevo sorteo.<\/p>\n<p style=\"color: #666666; text-align: center;\">Visita y nuestra tienda online las 24h en\u00a0<a style=\"color: #711874;\" href=\"http:\/\/www.que-barato.es\/\">www.que-barato.es<\/a><\/p>\n<p style=\"color: #666666; text-align: center;\"><strong style=\"font-weight: bold; font-style: inherit; color: #711874;\">Nuestras redes sociales, \u00a1\u00a1S\u00edguenos!!<\/strong><\/p>\n<p style=\"color: #666666; text-align: center;\"><a style=\"color: #711874;\" href=\"https:\/\/www.facebook.com\/quebaratocalidadalmejorprecio\/\">https:\/\/www.facebook.com\/quebaratocalidadalmejorprecio\/<\/a><\/p>\n<p style=\"color: #666666; text-align: center;\"><a style=\"color: #711874;\" href=\"https:\/\/twitter.com\/Quebaratomueble\">https:\/\/twitter.com\/Quebaratomueble<\/a><\/p>\n<p style=\"color: #666666; text-align: center;\">https:\/\/www.pinterest.es\/quebaratomueble\/<\/p>\n<p style=\"color: #666666; text-align: center;\">https:\/\/www.instagram.com\/quebaratomuebles\/<\/p>\n<p style=\"color: #666666; text-align: center;\"><a href=\"https:\/\/que-barato.es\/blog\/wp-content\/uploads\/2018\/08\/historia_3_original.png\"><img decoding=\"async\" loading=\"lazy\" class=\"aligncenter size-portfolio wp-image-448\" src=\"http:\/\/www.que-barato.es\/blog\/wp-content\/uploads\/2018\/08\/historia_3_original-495x400.png\" alt=\"historia_3_original\" width=\"495\" height=\"400\" \/><\/a><\/p>\n","protected":false},"excerpt":{"rendered":"<p>\u00a1\u00a1Que se note que estamos en verano!! En Agosto PUFF-TUREO da nombre a nuestro sorteo de 3 fantasticos puff.\u00a0<\/p>\n","protected":false},"author":3,"featured_media":451,"comment_status":"open","ping_status":"open","sticky":false,"template":"","format":"standard","meta":{"footnotes":""},"categories":[42],"tags":[50,66,81,85,95,100,111,123,124,138,144,145,166,183,200,201,215],"yoast_head":"<!-- This site is optimized with the Yoast SEO plugin v21.2 - https:\/\/yoast.com\/wordpress\/plugins\/seo\/ -->\n<title>En Agosto PUFF-TUREO \u00a1\u00a1SORTEO!! | Qu\u00e9 Barato Blog<\/title>\n<meta name=\"description\" content=\"Premiamos la fidelidad de nuestros clientes y seguidores, sorteamos 3 fant\u00e1sticos puffs. Ideales para desconectar, leer, dibujar, siestear, etc...en Agosto\" \/>\n<meta name=\"robots\" content=\"index, follow, max-snippet:-1, max-image-preview:large, max-video-preview:-1\" \/>\n<link rel=\"canonical\" href=\"https:\/\/que-sofas.es\/blog\/en-agosto-puff-tureo-sorteo\/\" \/>\n<meta property=\"og:locale\" content=\"es_ES\" \/>\n<meta property=\"og:type\" content=\"article\" \/>\n<meta property=\"og:title\" content=\"En Agosto PUFF-TUREO \u00a1\u00a1SORTEO!! | Qu\u00e9 Barato Blog\" \/>\n<meta property=\"og:description\" content=\"Premiamos la fidelidad de nuestros clientes y seguidores, sorteamos 3 fant\u00e1sticos puffs. Ideales para desconectar, leer, dibujar, siestear, etc...en Agosto\" \/>\n<meta property=\"og:url\" content=\"https:\/\/que-sofas.es\/blog\/en-agosto-puff-tureo-sorteo\/\" \/>\n<meta property=\"og:site_name\" content=\"Que Sof\u00e1s Blog\" \/>\n<meta property=\"article:publisher\" content=\"https:\/\/www.facebook.com\/quesofasbarato\" \/>\n<meta property=\"article:published_time\" content=\"2018-08-03T09:10:05+00:00\" \/>\n<meta property=\"og:image\" content=\"https:\/\/que-sofas.es\/blog\/wp-content\/uploads\/2018\/08\/sorteo_1_original1.png\" \/>\n\t<meta property=\"og:image:width\" content=\"529\" \/>\n\t<meta property=\"og:image:height\" content=\"401\" \/>\n\t<meta property=\"og:image:type\" content=\"image\/png\" \/>\n<meta name=\"author\" content=\"Que Barato\" \/>\n<meta name=\"twitter:card\" content=\"summary_large_image\" \/>\n<meta name=\"twitter:label1\" content=\"Escrito por\" \/>\n\t<meta name=\"twitter:data1\" content=\"Que Barato\" \/>\n\t<meta name=\"twitter:label2\" content=\"Tiempo de lectura\" \/>\n\t<meta name=\"twitter:data2\" content=\"2 minutos\" \/>\n<script type=\"application\/ld+json\" class=\"yoast-schema-graph\">{\"@context\":\"https:\/\/schema.org\",\"@graph\":[{\"@type\":\"Article\",\"@id\":\"https:\/\/que-sofas.es\/blog\/en-agosto-puff-tureo-sorteo\/#article\",\"isPartOf\":{\"@id\":\"https:\/\/que-sofas.es\/blog\/en-agosto-puff-tureo-sorteo\/\"},\"author\":{\"name\":\"Que Barato\",\"@id\":\"https:\/\/que-sofas.es\/blog\/#\/schema\/person\/70cf32421bda4ee10a724cebf2437836\"},\"headline\":\"En Agosto PUFF-TUREO \u00a1\u00a1SORTEO!!\",\"datePublished\":\"2018-08-03T09:10:05+00:00\",\"dateModified\":\"2018-08-03T09:10:05+00:00\",\"mainEntityOfPage\":{\"@id\":\"https:\/\/que-sofas.es\/blog\/en-agosto-puff-tureo-sorteo\/\"},\"wordCount\":333,\"commentCount\":0,\"publisher\":{\"@id\":\"https:\/\/que-sofas.es\/blog\/#organization\"},\"keywords\":[\"Ahorro\",\"barato\",\"cama\",\"canap\u00e9\",\"colch\u00f3n\",\"comedor\",\"decoraci\u00f3n\",\"emoci\u00f3n\",\"enagostopufftureo\",\"fashion\",\"happy\",\"historia\",\"love\",\"mueblesconcorazon\",\"puff\",\"puffureo\",\"sal\u00f3n\"],\"articleSection\":[\"Sorteos\"],\"inLanguage\":\"es\",\"potentialAction\":[{\"@type\":\"CommentAction\",\"name\":\"Comment\",\"target\":[\"https:\/\/que-sofas.es\/blog\/en-agosto-puff-tureo-sorteo\/#respond\"]}]},{\"@type\":\"WebPage\",\"@id\":\"https:\/\/que-sofas.es\/blog\/en-agosto-puff-tureo-sorteo\/\",\"url\":\"https:\/\/que-sofas.es\/blog\/en-agosto-puff-tureo-sorteo\/\",\"name\":\"En Agosto PUFF-TUREO \u00a1\u00a1SORTEO!! | Qu\u00e9 Barato Blog\",\"isPartOf\":{\"@id\":\"https:\/\/que-sofas.es\/blog\/#website\"},\"datePublished\":\"2018-08-03T09:10:05+00:00\",\"dateModified\":\"2018-08-03T09:10:05+00:00\",\"description\":\"Premiamos la fidelidad de nuestros clientes y seguidores, sorteamos 3 fant\u00e1sticos puffs. Ideales para desconectar, leer, dibujar, siestear, etc...en Agosto\",\"breadcrumb\":{\"@id\":\"https:\/\/que-sofas.es\/blog\/en-agosto-puff-tureo-sorteo\/#breadcrumb\"},\"inLanguage\":\"es\",\"potentialAction\":[{\"@type\":\"ReadAction\",\"target\":[\"https:\/\/que-sofas.es\/blog\/en-agosto-puff-tureo-sorteo\/\"]}]},{\"@type\":\"BreadcrumbList\",\"@id\":\"https:\/\/que-sofas.es\/blog\/en-agosto-puff-tureo-sorteo\/#breadcrumb\",\"itemListElement\":[{\"@type\":\"ListItem\",\"position\":1,\"name\":\"Portada\",\"item\":\"https:\/\/que-sofas.es\/blog\/\"},{\"@type\":\"ListItem\",\"position\":2,\"name\":\"En Agosto PUFF-TUREO \u00a1\u00a1SORTEO!!\"}]},{\"@type\":\"WebSite\",\"@id\":\"https:\/\/que-sofas.es\/blog\/#website\",\"url\":\"https:\/\/que-sofas.es\/blog\/\",\"name\":\"Que Sof\u00e1s Blog\",\"description\":\"\u00a1El blog de Que Sof\u00e1s!\",\"publisher\":{\"@id\":\"https:\/\/que-sofas.es\/blog\/#organization\"},\"potentialAction\":[{\"@type\":\"SearchAction\",\"target\":{\"@type\":\"EntryPoint\",\"urlTemplate\":\"https:\/\/que-sofas.es\/blog\/?s={search_term_string}\"},\"query-input\":\"required name=search_term_string\"}],\"inLanguage\":\"es\"},{\"@type\":\"Organization\",\"@id\":\"https:\/\/que-sofas.es\/blog\/#organization\",\"name\":\"Que Sof\u00e1s\",\"url\":\"https:\/\/que-sofas.es\/blog\/\",\"logo\":{\"@type\":\"ImageObject\",\"inLanguage\":\"es\",\"@id\":\"https:\/\/que-sofas.es\/blog\/#\/schema\/logo\/image\/\",\"url\":\"https:\/\/que-sofas.es\/blog\/wp-content\/uploads\/2023\/08\/logo-que-sofas-200x40px-2.png\",\"contentUrl\":\"https:\/\/que-sofas.es\/blog\/wp-content\/uploads\/2023\/08\/logo-que-sofas-200x40px-2.png\",\"width\":171,\"height\":39,\"caption\":\"Que Sof\u00e1s\"},\"image\":{\"@id\":\"https:\/\/que-sofas.es\/blog\/#\/schema\/logo\/image\/\"},\"sameAs\":[\"https:\/\/www.facebook.com\/quesofasbarato\",\"https:\/\/www.instagram.com\/que_sofas\/\"]},{\"@type\":\"Person\",\"@id\":\"https:\/\/que-sofas.es\/blog\/#\/schema\/person\/70cf32421bda4ee10a724cebf2437836\",\"name\":\"Que Barato\",\"image\":{\"@type\":\"ImageObject\",\"inLanguage\":\"es\",\"@id\":\"https:\/\/que-sofas.es\/blog\/#\/schema\/person\/image\/\",\"url\":\"https:\/\/secure.gravatar.com\/avatar\/2e4417e0f91201ea490393883aae4775?s=96&d=mm&r=g\",\"contentUrl\":\"https:\/\/secure.gravatar.com\/avatar\/2e4417e0f91201ea490393883aae4775?s=96&d=mm&r=g\",\"caption\":\"Que Barato\"}}]}<\/script>\n<!-- \/ Yoast SEO plugin. -->","yoast_head_json":{"title":"En Agosto PUFF-TUREO \u00a1\u00a1SORTEO!! | Qu\u00e9 Barato Blog","description":"Premiamos la fidelidad de nuestros clientes y seguidores, sorteamos 3 fant\u00e1sticos puffs. Ideales para desconectar, leer, dibujar, siestear, etc...en Agosto","robots":{"index":"index","follow":"follow","max-snippet":"max-snippet:-1","max-image-preview":"max-image-preview:large","max-video-preview":"max-video-preview:-1"},"canonical":"https:\/\/que-sofas.es\/blog\/en-agosto-puff-tureo-sorteo\/","og_locale":"es_ES","og_type":"article","og_title":"En Agosto PUFF-TUREO \u00a1\u00a1SORTEO!! | Qu\u00e9 Barato Blog","og_description":"Premiamos la fidelidad de nuestros clientes y seguidores, sorteamos 3 fant\u00e1sticos puffs. Ideales para desconectar, leer, dibujar, siestear, etc...en Agosto","og_url":"https:\/\/que-sofas.es\/blog\/en-agosto-puff-tureo-sorteo\/","og_site_name":"Que Sof\u00e1s Blog","article_publisher":"https:\/\/www.facebook.com\/quesofasbarato","article_published_time":"2018-08-03T09:10:05+00:00","og_image":[{"width":529,"height":401,"url":"https:\/\/que-sofas.es\/blog\/wp-content\/uploads\/2018\/08\/sorteo_1_original1.png","type":"image\/png"}],"author":"Que Barato","twitter_card":"summary_large_image","twitter_misc":{"Escrito por":"Que Barato","Tiempo de lectura":"2 minutos"},"schema":{"@context":"https:\/\/schema.org","@graph":[{"@type":"Article","@id":"https:\/\/que-sofas.es\/blog\/en-agosto-puff-tureo-sorteo\/#article","isPartOf":{"@id":"https:\/\/que-sofas.es\/blog\/en-agosto-puff-tureo-sorteo\/"},"author":{"name":"Que Barato","@id":"https:\/\/que-sofas.es\/blog\/#\/schema\/person\/70cf32421bda4ee10a724cebf2437836"},"headline":"En Agosto PUFF-TUREO \u00a1\u00a1SORTEO!!","datePublished":"2018-08-03T09:10:05+00:00","dateModified":"2018-08-03T09:10:05+00:00","mainEntityOfPage":{"@id":"https:\/\/que-sofas.es\/blog\/en-agosto-puff-tureo-sorteo\/"},"wordCount":333,"commentCount":0,"publisher":{"@id":"https:\/\/que-sofas.es\/blog\/#organization"},"keywords":["Ahorro","barato","cama","canap\u00e9","colch\u00f3n","comedor","decoraci\u00f3n","emoci\u00f3n","enagostopufftureo","fashion","happy","historia","love","mueblesconcorazon","puff","puffureo","sal\u00f3n"],"articleSection":["Sorteos"],"inLanguage":"es","potentialAction":[{"@type":"CommentAction","name":"Comment","target":["https:\/\/que-sofas.es\/blog\/en-agosto-puff-tureo-sorteo\/#respond"]}]},{"@type":"WebPage","@id":"https:\/\/que-sofas.es\/blog\/en-agosto-puff-tureo-sorteo\/","url":"https:\/\/que-sofas.es\/blog\/en-agosto-puff-tureo-sorteo\/","name":"En Agosto PUFF-TUREO \u00a1\u00a1SORTEO!! | Qu\u00e9 Barato Blog","isPartOf":{"@id":"https:\/\/que-sofas.es\/blog\/#website"},"datePublished":"2018-08-03T09:10:05+00:00","dateModified":"2018-08-03T09:10:05+00:00","description":"Premiamos la fidelidad de nuestros clientes y seguidores, sorteamos 3 fant\u00e1sticos puffs. Ideales para desconectar, leer, dibujar, siestear, etc...en Agosto","breadcrumb":{"@id":"https:\/\/que-sofas.es\/blog\/en-agosto-puff-tureo-sorteo\/#breadcrumb"},"inLanguage":"es","potentialAction":[{"@type":"ReadAction","target":["https:\/\/que-sofas.es\/blog\/en-agosto-puff-tureo-sorteo\/"]}]},{"@type":"BreadcrumbList","@id":"https:\/\/que-sofas.es\/blog\/en-agosto-puff-tureo-sorteo\/#breadcrumb","itemListElement":[{"@type":"ListItem","position":1,"name":"Portada","item":"https:\/\/que-sofas.es\/blog\/"},{"@type":"ListItem","position":2,"name":"En Agosto PUFF-TUREO \u00a1\u00a1SORTEO!!"}]},{"@type":"WebSite","@id":"https:\/\/que-sofas.es\/blog\/#website","url":"https:\/\/que-sofas.es\/blog\/","name":"Que Sof\u00e1s Blog","description":"\u00a1El blog de Que Sof\u00e1s!","publisher":{"@id":"https:\/\/que-sofas.es\/blog\/#organization"},"potentialAction":[{"@type":"SearchAction","target":{"@type":"EntryPoint","urlTemplate":"https:\/\/que-sofas.es\/blog\/?s={search_term_string}"},"query-input":"required name=search_term_string"}],"inLanguage":"es"},{"@type":"Organization","@id":"https:\/\/que-sofas.es\/blog\/#organization","name":"Que Sof\u00e1s","url":"https:\/\/que-sofas.es\/blog\/","logo":{"@type":"ImageObject","inLanguage":"es","@id":"https:\/\/que-sofas.es\/blog\/#\/schema\/logo\/image\/","url":"https:\/\/que-sofas.es\/blog\/wp-content\/uploads\/2023\/08\/logo-que-sofas-200x40px-2.png","contentUrl":"https:\/\/que-sofas.es\/blog\/wp-content\/uploads\/2023\/08\/logo-que-sofas-200x40px-2.png","width":171,"height":39,"caption":"Que Sof\u00e1s"},"image":{"@id":"https:\/\/que-sofas.es\/blog\/#\/schema\/logo\/image\/"},"sameAs":["https:\/\/www.facebook.com\/quesofasbarato","https:\/\/www.instagram.com\/que_sofas\/"]},{"@type":"Person","@id":"https:\/\/que-sofas.es\/blog\/#\/schema\/person\/70cf32421bda4ee10a724cebf2437836","name":"Que Barato","image":{"@type":"ImageObject","inLanguage":"es","@id":"https:\/\/que-sofas.es\/blog\/#\/schema\/person\/image\/","url":"https:\/\/secure.gravatar.com\/avatar\/2e4417e0f91201ea490393883aae4775?s=96&d=mm&r=g","contentUrl":"https:\/\/secure.gravatar.com\/avatar\/2e4417e0f91201ea490393883aae4775?s=96&d=mm&r=g","caption":"Que Barato"}}]}},"_links":{"self":[{"href":"https:\/\/que-sofas.es\/blog\/wp-json\/wp\/v2\/posts\/446"}],"collection":[{"href":"https:\/\/que-sofas.es\/blog\/wp-json\/wp\/v2\/posts"}],"about":[{"href":"https:\/\/que-sofas.es\/blog\/wp-json\/wp\/v2\/types\/post"}],"author":[{"embeddable":true,"href":"https:\/\/que-sofas.es\/blog\/wp-json\/wp\/v2\/users\/3"}],"replies":[{"embeddable":true,"href":"https:\/\/que-sofas.es\/blog\/wp-json\/wp\/v2\/comments?post=446"}],"version-history":[{"count":0,"href":"https:\/\/que-sofas.es\/blog\/wp-json\/wp\/v2\/posts\/446\/revisions"}],"wp:featuredmedia":[{"embeddable":true,"href":"https:\/\/que-sofas.es\/blog\/wp-json\/wp\/v2\/media\/451"}],"wp:attachment":[{"href":"https:\/\/que-sofas.es\/blog\/wp-json\/wp\/v2\/media?parent=446"}],"wp:term":[{"taxonomy":"category","embeddable":true,"href":"https:\/\/que-sofas.es\/blog\/wp-json\/wp\/v2\/categories?post=446"},{"taxonomy":"post_tag","embeddable":true,"href":"https:\/\/que-sofas.es\/blog\/wp-json\/wp\/v2\/tags?post=446"}],"curies":[{"name":"wp","href":"https:\/\/api.w.org\/{rel}","templated":true}]}}