{"id":431,"date":"2018-07-26T14:37:56","date_gmt":"2018-07-26T14:37:56","guid":{"rendered":"http:\/\/www.que-barato.es\/blog\/?p=431"},"modified":"2018-07-26T14:37:56","modified_gmt":"2018-07-26T14:37:56","slug":"sensaciones-emociones-experiencias-con-nuestros-clientes-2","status":"publish","type":"post","link":"https:\/\/que-sofas.es\/blog\/sensaciones-emociones-experiencias-con-nuestros-clientes-2\/","title":{"rendered":"Sensaciones, emociones, Experiencias con nuestros clientes."},"content":{"rendered":"<p>Uni\u00f3n\u00a0especial\u00a0 entre cliente y vendedor. Las personas no son solo lo que vemos a simple vista, es mucho m\u00e1s que eso;\u00a0 Consiguen hacernos sentir a trav\u00e9s de sus miradas luminosas, palabras y esos abrazos eternos que acarician el alma y nos protege. Y vosotros, nuestros clientes y amigos, nos alegr\u00e1is cada d\u00eda con una felicidad distinta, llena de detalles coloridos y m\u00e1gicos. \u00a1\u00a1Nuestras experiencias son \u00fanicas!!<\/p>\n<p>Todos nuestros clientes nos hacen sentir diferente.<\/p>\n<p style=\"text-align: center;\">\u00a1\u00a1Esperamos que os guste!!<\/p>\n<p style=\"text-align: center;\"><a href=\"https:\/\/que-barato.es\/blog\/wp-content\/uploads\/2018\/07\/redes-3-1080x1080px.jpg\"><img decoding=\"async\" loading=\"lazy\" class=\"aligncenter wp-image-432 size-full\" src=\"https:\/\/que-barato.es\/blog\/wp-content\/uploads\/2018\/07\/redes-3-1080x1080px.jpg\" alt=\"redes 3 1080x1080px\" width=\"1111\" height=\"1060\" srcset=\"https:\/\/que-sofas.es\/blog\/wp-content\/uploads\/2018\/07\/redes-3-1080x1080px.jpg 1111w, https:\/\/que-sofas.es\/blog\/wp-content\/uploads\/2018\/07\/redes-3-1080x1080px-300x286.jpg 300w, https:\/\/que-sofas.es\/blog\/wp-content\/uploads\/2018\/07\/redes-3-1080x1080px-1030x983.jpg 1030w, https:\/\/que-sofas.es\/blog\/wp-content\/uploads\/2018\/07\/redes-3-1080x1080px-768x733.jpg 768w\" sizes=\"(max-width: 1111px) 100vw, 1111px\" \/><\/a><\/p>\n<p style=\"color: #666666; text-align: center;\">En nuestras tiendas disponemos de equipos de descanso al mejor precio. Cu\u00e9ntanos tus necesidades y te recomendaremos el colch\u00f3n que m\u00e1s se adapte a tus necesidades.<\/p>\n<p style=\"color: #666666; text-align: center;\">Colchones desde 49,99\u20ac<\/p>\n<p style=\"color: #666666; text-align: center;\">Visita y nuestra tienda online las 24h en\u00a0<a style=\"color: #711874;\" href=\"http:\/\/www.que-barato.es\/\">www.que-barato.es<\/a><\/p>\n<p style=\"color: #666666; text-align: center;\"><strong style=\"font-style: inherit; color: #711874;\">Nuestras redes sociales, \u00a1\u00a1S\u00edguenos!!<\/strong><\/p>\n<p style=\"color: #666666; text-align: center;\"><a style=\"color: #711874;\" href=\"https:\/\/www.facebook.com\/quebaratocalidadalmejorprecio\/\">https:\/\/www.facebook.com\/quebaratocalidadalmejorprecio\/<\/a><\/p>\n<p style=\"color: #666666; text-align: center;\"><a style=\"color: #711874;\" href=\"https:\/\/twitter.com\/Quebaratomueble\">https:\/\/twitter.com\/Quebaratomueble<\/a><\/p>\n<p style=\"color: #666666; text-align: center;\">https:\/\/www.pinterest.es\/quebaratomueble\/<\/p>\n<p style=\"color: #666666; text-align: center;\">https:\/\/www.instagram.com\/quebaratomuebles\/<\/p>\n","protected":false},"excerpt":{"rendered":"<p>Uni\u00f3n\u00a0especial\u00a0 entre cliente y vendedor. Las personas no son solo lo que vemos a simple vista, es mucho m\u00e1s que eso;\u00a0 Consiguen hacernos sentir a trav\u00e9s de sus miradas luminosas, palabras y esos abrazos eternos que acarician el alma y nos protege. Y vosotros, nuestros clientes y amigos, nos alegr\u00e1is cada d\u00eda con una felicidad [&hellip;]<\/p>\n","protected":false},"author":3,"featured_media":433,"comment_status":"open","ping_status":"open","sticky":false,"template":"","format":"standard","meta":{"footnotes":""},"categories":[38],"tags":[50,66,81,85,95,100,102,107,111,118,123,146,171,180,205,215,220,222,227,239],"yoast_head":"<!-- This site is optimized with the Yoast SEO plugin v21.2 - https:\/\/yoast.com\/wordpress\/plugins\/seo\/ -->\n<title>Sensaciones, Emociones, Experiencias con nuestros clientes<\/title>\n<meta name=\"description\" content=\"Sensaciones, emociones, experiencias con nuestros clientes. Cada cliente nos hace sentir diferente.\" \/>\n<meta name=\"robots\" content=\"index, follow, max-snippet:-1, max-image-preview:large, max-video-preview:-1\" \/>\n<link rel=\"canonical\" href=\"https:\/\/que-sofas.es\/blog\/sensaciones-emociones-experiencias-con-nuestros-clientes-2\/\" \/>\n<meta property=\"og:locale\" content=\"es_ES\" \/>\n<meta property=\"og:type\" content=\"article\" \/>\n<meta property=\"og:title\" content=\"Sensaciones, Emociones, Experiencias con nuestros clientes\" \/>\n<meta property=\"og:description\" content=\"Sensaciones, emociones, experiencias con nuestros clientes. Cada cliente nos hace sentir diferente.\" \/>\n<meta property=\"og:url\" content=\"https:\/\/que-sofas.es\/blog\/sensaciones-emociones-experiencias-con-nuestros-clientes-2\/\" \/>\n<meta property=\"og:site_name\" content=\"Que Sof\u00e1s Blog\" \/>\n<meta property=\"article:publisher\" content=\"https:\/\/www.facebook.com\/quesofasbarato\" \/>\n<meta property=\"article:published_time\" content=\"2018-07-26T14:37:56+00:00\" \/>\n<meta property=\"og:image\" content=\"https:\/\/que-sofas.es\/blog\/wp-content\/uploads\/2018\/07\/laura_9_original.png\" \/>\n\t<meta property=\"og:image:width\" content=\"1075\" \/>\n\t<meta property=\"og:image:height\" content=\"623\" \/>\n\t<meta property=\"og:image:type\" content=\"image\/png\" \/>\n<meta name=\"author\" content=\"Que Barato\" \/>\n<meta name=\"twitter:card\" content=\"summary_large_image\" \/>\n<meta name=\"twitter:label1\" content=\"Escrito por\" \/>\n\t<meta name=\"twitter:data1\" content=\"Que Barato\" \/>\n\t<meta name=\"twitter:label2\" content=\"Tiempo de lectura\" \/>\n\t<meta name=\"twitter:data2\" content=\"1 minuto\" \/>\n<script type=\"application\/ld+json\" class=\"yoast-schema-graph\">{\"@context\":\"https:\/\/schema.org\",\"@graph\":[{\"@type\":\"Article\",\"@id\":\"https:\/\/que-sofas.es\/blog\/sensaciones-emociones-experiencias-con-nuestros-clientes-2\/#article\",\"isPartOf\":{\"@id\":\"https:\/\/que-sofas.es\/blog\/sensaciones-emociones-experiencias-con-nuestros-clientes-2\/\"},\"author\":{\"name\":\"Que Barato\",\"@id\":\"https:\/\/que-sofas.es\/blog\/#\/schema\/person\/70cf32421bda4ee10a724cebf2437836\"},\"headline\":\"Sensaciones, emociones, Experiencias con nuestros clientes.\",\"datePublished\":\"2018-07-26T14:37:56+00:00\",\"dateModified\":\"2018-07-26T14:37:56+00:00\",\"mainEntityOfPage\":{\"@id\":\"https:\/\/que-sofas.es\/blog\/sensaciones-emociones-experiencias-con-nuestros-clientes-2\/\"},\"wordCount\":156,\"commentCount\":0,\"publisher\":{\"@id\":\"https:\/\/que-sofas.es\/blog\/#organization\"},\"keywords\":[\"Ahorro\",\"barato\",\"cama\",\"canap\u00e9\",\"colch\u00f3n\",\"comedor\",\"c\u00f3moda\",\"coraz\u00f3n\",\"decoraci\u00f3n\",\"dormitorio\",\"emoci\u00f3n\",\"historias\",\"mesa\",\"muebles\",\"realidad\",\"sal\u00f3n\",\"sentimientos\",\"silla\",\"sinfonier\",\"sorteo\"],\"articleSection\":[\"Historias de nuestros vendedores\"],\"inLanguage\":\"es\",\"potentialAction\":[{\"@type\":\"CommentAction\",\"name\":\"Comment\",\"target\":[\"https:\/\/que-sofas.es\/blog\/sensaciones-emociones-experiencias-con-nuestros-clientes-2\/#respond\"]}]},{\"@type\":\"WebPage\",\"@id\":\"https:\/\/que-sofas.es\/blog\/sensaciones-emociones-experiencias-con-nuestros-clientes-2\/\",\"url\":\"https:\/\/que-sofas.es\/blog\/sensaciones-emociones-experiencias-con-nuestros-clientes-2\/\",\"name\":\"Sensaciones, Emociones, Experiencias con nuestros clientes\",\"isPartOf\":{\"@id\":\"https:\/\/que-sofas.es\/blog\/#website\"},\"datePublished\":\"2018-07-26T14:37:56+00:00\",\"dateModified\":\"2018-07-26T14:37:56+00:00\",\"description\":\"Sensaciones, emociones, experiencias con nuestros clientes. Cada cliente nos hace sentir diferente.\",\"breadcrumb\":{\"@id\":\"https:\/\/que-sofas.es\/blog\/sensaciones-emociones-experiencias-con-nuestros-clientes-2\/#breadcrumb\"},\"inLanguage\":\"es\",\"potentialAction\":[{\"@type\":\"ReadAction\",\"target\":[\"https:\/\/que-sofas.es\/blog\/sensaciones-emociones-experiencias-con-nuestros-clientes-2\/\"]}]},{\"@type\":\"BreadcrumbList\",\"@id\":\"https:\/\/que-sofas.es\/blog\/sensaciones-emociones-experiencias-con-nuestros-clientes-2\/#breadcrumb\",\"itemListElement\":[{\"@type\":\"ListItem\",\"position\":1,\"name\":\"Portada\",\"item\":\"https:\/\/que-sofas.es\/blog\/\"},{\"@type\":\"ListItem\",\"position\":2,\"name\":\"Sensaciones, emociones, Experiencias con nuestros clientes.\"}]},{\"@type\":\"WebSite\",\"@id\":\"https:\/\/que-sofas.es\/blog\/#website\",\"url\":\"https:\/\/que-sofas.es\/blog\/\",\"name\":\"Que Sof\u00e1s Blog\",\"description\":\"\u00a1El blog de Que Sof\u00e1s!\",\"publisher\":{\"@id\":\"https:\/\/que-sofas.es\/blog\/#organization\"},\"potentialAction\":[{\"@type\":\"SearchAction\",\"target\":{\"@type\":\"EntryPoint\",\"urlTemplate\":\"https:\/\/que-sofas.es\/blog\/?s={search_term_string}\"},\"query-input\":\"required name=search_term_string\"}],\"inLanguage\":\"es\"},{\"@type\":\"Organization\",\"@id\":\"https:\/\/que-sofas.es\/blog\/#organization\",\"name\":\"Que Sof\u00e1s\",\"url\":\"https:\/\/que-sofas.es\/blog\/\",\"logo\":{\"@type\":\"ImageObject\",\"inLanguage\":\"es\",\"@id\":\"https:\/\/que-sofas.es\/blog\/#\/schema\/logo\/image\/\",\"url\":\"https:\/\/que-sofas.es\/blog\/wp-content\/uploads\/2023\/08\/logo-que-sofas-200x40px-2.png\",\"contentUrl\":\"https:\/\/que-sofas.es\/blog\/wp-content\/uploads\/2023\/08\/logo-que-sofas-200x40px-2.png\",\"width\":171,\"height\":39,\"caption\":\"Que Sof\u00e1s\"},\"image\":{\"@id\":\"https:\/\/que-sofas.es\/blog\/#\/schema\/logo\/image\/\"},\"sameAs\":[\"https:\/\/www.facebook.com\/quesofasbarato\",\"https:\/\/www.instagram.com\/que_sofas\/\"]},{\"@type\":\"Person\",\"@id\":\"https:\/\/que-sofas.es\/blog\/#\/schema\/person\/70cf32421bda4ee10a724cebf2437836\",\"name\":\"Que Barato\",\"image\":{\"@type\":\"ImageObject\",\"inLanguage\":\"es\",\"@id\":\"https:\/\/que-sofas.es\/blog\/#\/schema\/person\/image\/\",\"url\":\"https:\/\/secure.gravatar.com\/avatar\/2e4417e0f91201ea490393883aae4775?s=96&d=mm&r=g\",\"contentUrl\":\"https:\/\/secure.gravatar.com\/avatar\/2e4417e0f91201ea490393883aae4775?s=96&d=mm&r=g\",\"caption\":\"Que Barato\"}}]}<\/script>\n<!-- \/ Yoast SEO plugin. -->","yoast_head_json":{"title":"Sensaciones, Emociones, Experiencias con nuestros clientes","description":"Sensaciones, emociones, experiencias con nuestros clientes. Cada cliente nos hace sentir diferente.","robots":{"index":"index","follow":"follow","max-snippet":"max-snippet:-1","max-image-preview":"max-image-preview:large","max-video-preview":"max-video-preview:-1"},"canonical":"https:\/\/que-sofas.es\/blog\/sensaciones-emociones-experiencias-con-nuestros-clientes-2\/","og_locale":"es_ES","og_type":"article","og_title":"Sensaciones, Emociones, Experiencias con nuestros clientes","og_description":"Sensaciones, emociones, experiencias con nuestros clientes. Cada cliente nos hace sentir diferente.","og_url":"https:\/\/que-sofas.es\/blog\/sensaciones-emociones-experiencias-con-nuestros-clientes-2\/","og_site_name":"Que Sof\u00e1s Blog","article_publisher":"https:\/\/www.facebook.com\/quesofasbarato","article_published_time":"2018-07-26T14:37:56+00:00","og_image":[{"width":1075,"height":623,"url":"https:\/\/que-sofas.es\/blog\/wp-content\/uploads\/2018\/07\/laura_9_original.png","type":"image\/png"}],"author":"Que Barato","twitter_card":"summary_large_image","twitter_misc":{"Escrito por":"Que Barato","Tiempo de lectura":"1 minuto"},"schema":{"@context":"https:\/\/schema.org","@graph":[{"@type":"Article","@id":"https:\/\/que-sofas.es\/blog\/sensaciones-emociones-experiencias-con-nuestros-clientes-2\/#article","isPartOf":{"@id":"https:\/\/que-sofas.es\/blog\/sensaciones-emociones-experiencias-con-nuestros-clientes-2\/"},"author":{"name":"Que Barato","@id":"https:\/\/que-sofas.es\/blog\/#\/schema\/person\/70cf32421bda4ee10a724cebf2437836"},"headline":"Sensaciones, emociones, Experiencias con nuestros clientes.","datePublished":"2018-07-26T14:37:56+00:00","dateModified":"2018-07-26T14:37:56+00:00","mainEntityOfPage":{"@id":"https:\/\/que-sofas.es\/blog\/sensaciones-emociones-experiencias-con-nuestros-clientes-2\/"},"wordCount":156,"commentCount":0,"publisher":{"@id":"https:\/\/que-sofas.es\/blog\/#organization"},"keywords":["Ahorro","barato","cama","canap\u00e9","colch\u00f3n","comedor","c\u00f3moda","coraz\u00f3n","decoraci\u00f3n","dormitorio","emoci\u00f3n","historias","mesa","muebles","realidad","sal\u00f3n","sentimientos","silla","sinfonier","sorteo"],"articleSection":["Historias de nuestros vendedores"],"inLanguage":"es","potentialAction":[{"@type":"CommentAction","name":"Comment","target":["https:\/\/que-sofas.es\/blog\/sensaciones-emociones-experiencias-con-nuestros-clientes-2\/#respond"]}]},{"@type":"WebPage","@id":"https:\/\/que-sofas.es\/blog\/sensaciones-emociones-experiencias-con-nuestros-clientes-2\/","url":"https:\/\/que-sofas.es\/blog\/sensaciones-emociones-experiencias-con-nuestros-clientes-2\/","name":"Sensaciones, Emociones, Experiencias con nuestros clientes","isPartOf":{"@id":"https:\/\/que-sofas.es\/blog\/#website"},"datePublished":"2018-07-26T14:37:56+00:00","dateModified":"2018-07-26T14:37:56+00:00","description":"Sensaciones, emociones, experiencias con nuestros clientes. Cada cliente nos hace sentir diferente.","breadcrumb":{"@id":"https:\/\/que-sofas.es\/blog\/sensaciones-emociones-experiencias-con-nuestros-clientes-2\/#breadcrumb"},"inLanguage":"es","potentialAction":[{"@type":"ReadAction","target":["https:\/\/que-sofas.es\/blog\/sensaciones-emociones-experiencias-con-nuestros-clientes-2\/"]}]},{"@type":"BreadcrumbList","@id":"https:\/\/que-sofas.es\/blog\/sensaciones-emociones-experiencias-con-nuestros-clientes-2\/#breadcrumb","itemListElement":[{"@type":"ListItem","position":1,"name":"Portada","item":"https:\/\/que-sofas.es\/blog\/"},{"@type":"ListItem","position":2,"name":"Sensaciones, emociones, Experiencias con nuestros clientes."}]},{"@type":"WebSite","@id":"https:\/\/que-sofas.es\/blog\/#website","url":"https:\/\/que-sofas.es\/blog\/","name":"Que Sof\u00e1s Blog","description":"\u00a1El blog de Que Sof\u00e1s!","publisher":{"@id":"https:\/\/que-sofas.es\/blog\/#organization"},"potentialAction":[{"@type":"SearchAction","target":{"@type":"EntryPoint","urlTemplate":"https:\/\/que-sofas.es\/blog\/?s={search_term_string}"},"query-input":"required name=search_term_string"}],"inLanguage":"es"},{"@type":"Organization","@id":"https:\/\/que-sofas.es\/blog\/#organization","name":"Que Sof\u00e1s","url":"https:\/\/que-sofas.es\/blog\/","logo":{"@type":"ImageObject","inLanguage":"es","@id":"https:\/\/que-sofas.es\/blog\/#\/schema\/logo\/image\/","url":"https:\/\/que-sofas.es\/blog\/wp-content\/uploads\/2023\/08\/logo-que-sofas-200x40px-2.png","contentUrl":"https:\/\/que-sofas.es\/blog\/wp-content\/uploads\/2023\/08\/logo-que-sofas-200x40px-2.png","width":171,"height":39,"caption":"Que Sof\u00e1s"},"image":{"@id":"https:\/\/que-sofas.es\/blog\/#\/schema\/logo\/image\/"},"sameAs":["https:\/\/www.facebook.com\/quesofasbarato","https:\/\/www.instagram.com\/que_sofas\/"]},{"@type":"Person","@id":"https:\/\/que-sofas.es\/blog\/#\/schema\/person\/70cf32421bda4ee10a724cebf2437836","name":"Que Barato","image":{"@type":"ImageObject","inLanguage":"es","@id":"https:\/\/que-sofas.es\/blog\/#\/schema\/person\/image\/","url":"https:\/\/secure.gravatar.com\/avatar\/2e4417e0f91201ea490393883aae4775?s=96&d=mm&r=g","contentUrl":"https:\/\/secure.gravatar.com\/avatar\/2e4417e0f91201ea490393883aae4775?s=96&d=mm&r=g","caption":"Que Barato"}}]}},"_links":{"self":[{"href":"https:\/\/que-sofas.es\/blog\/wp-json\/wp\/v2\/posts\/431"}],"collection":[{"href":"https:\/\/que-sofas.es\/blog\/wp-json\/wp\/v2\/posts"}],"about":[{"href":"https:\/\/que-sofas.es\/blog\/wp-json\/wp\/v2\/types\/post"}],"author":[{"embeddable":true,"href":"https:\/\/que-sofas.es\/blog\/wp-json\/wp\/v2\/users\/3"}],"replies":[{"embeddable":true,"href":"https:\/\/que-sofas.es\/blog\/wp-json\/wp\/v2\/comments?post=431"}],"version-history":[{"count":0,"href":"https:\/\/que-sofas.es\/blog\/wp-json\/wp\/v2\/posts\/431\/revisions"}],"wp:featuredmedia":[{"embeddable":true,"href":"https:\/\/que-sofas.es\/blog\/wp-json\/wp\/v2\/media\/433"}],"wp:attachment":[{"href":"https:\/\/que-sofas.es\/blog\/wp-json\/wp\/v2\/media?parent=431"}],"wp:term":[{"taxonomy":"category","embeddable":true,"href":"https:\/\/que-sofas.es\/blog\/wp-json\/wp\/v2\/categories?post=431"},{"taxonomy":"post_tag","embeddable":true,"href":"https:\/\/que-sofas.es\/blog\/wp-json\/wp\/v2\/tags?post=431"}],"curies":[{"name":"wp","href":"https:\/\/api.w.org\/{rel}","templated":true}]}}