{"id":3928,"date":"2024-04-11T08:47:59","date_gmt":"2024-04-11T06:47:59","guid":{"rendered":"https:\/\/que-sofas.es\/blog\/?p=3928"},"modified":"2024-04-11T08:58:40","modified_gmt":"2024-04-11T06:58:40","slug":"una-tela-para-cada-historia","status":"publish","type":"post","link":"https:\/\/que-sofas.es\/blog\/una-tela-para-cada-historia\/","title":{"rendered":"Una tela para cada historia"},"content":{"rendered":"<p>Hablemos sobre algo que nos une: la b\u00fasqueda de un <a href=\"https:\/\/que-sofas.es\/tapiceria-\">sof\u00e1 ideal<\/a>. Pero no cualquier sof\u00e1, sino aquel que parece haber sido dise\u00f1ado con nosotros en mente. \u00bfLa clave? <strong>La tela. <\/strong>S\u00ed, esa suave superficie que acaricia nuestra piel, resiste nuestros descuidos y que, d\u00eda a d\u00eda, se convierte en testigo de nuestros peque\u00f1os rituales.<\/p>\n<p><em>\u00a0<\/em><\/p>\n<p><em>Para las familias que viven a todo color: <strong><a href=\"https:\/\/www.aquaclean.com\/es-es\" target=\"_blank\" rel=\"noopener\">Aquaclean<\/a>.<\/strong><\/em><\/p>\n<p>Sabemos que hay salas llenas de risas, juegos y alguna que otra travesura. Donde cada mancha cuenta la historia de una tarde de arte o una cena memorable. Para las familias activas y din\u00e1micas que no quieren preocuparse por cada derrame, elegimos tejidos <em>Aquaclean. <\/em><br \/>\nImagina un sof\u00e1 que se limpia con agua, donde el chocolate y el vino no dejan huella. Aquaclean invita a vivir sin miedo a los \u201coops\u201d.<\/p>\n<div style=\"width: 1080px;\" class=\"wp-video\"><!--[if lt IE 9]><script>document.createElement('video');<\/script><![endif]-->\n<video class=\"wp-video-shortcode\" id=\"video-3928-1\" width=\"1080\" height=\"1080\" preload=\"metadata\" controls=\"controls\"><source type=\"video\/mp4\" src=\"https:\/\/que-sofas.es\/blog\/wp-content\/uploads\/2024\/04\/liquidos.mp4?_=1\" \/><a href=\"https:\/\/que-sofas.es\/blog\/wp-content\/uploads\/2024\/04\/liquidos.mp4\">https:\/\/que-sofas.es\/blog\/wp-content\/uploads\/2024\/04\/liquidos.mp4<\/a><\/video><\/div>\n<p><em>Para nuestros amigos peludos, los reyes y reinas de la casa: <strong>Pet Friendly.<\/strong><\/em><\/p>\n<p>Para los amantes de las mascotas, esos seres que entienden de ronroneos, miradas fieles y su sof\u00e1 es trono de peludos, tejidos <em>Pet Friendly<\/em>. Resistente a aventuras de cuatro patas y f\u00e1cil de limpiar. Porque sabemos que el amor incondicional no entiende de pelos ni rasgu\u00f1os.<\/p>\n<div style=\"width: 1080px;\" class=\"wp-video\"><video class=\"wp-video-shortcode\" id=\"video-3928-2\" width=\"1080\" height=\"1080\" preload=\"metadata\" controls=\"controls\"><source type=\"video\/mp4\" src=\"https:\/\/que-sofas.es\/blog\/wp-content\/uploads\/2024\/04\/petfriendly.mp4?_=2\" \/><a href=\"https:\/\/que-sofas.es\/blog\/wp-content\/uploads\/2024\/04\/petfriendly.mp4\">https:\/\/que-sofas.es\/blog\/wp-content\/uploads\/2024\/04\/petfriendly.mp4<\/a><\/video><\/div>\n<p>Para los que suspiran por elegancia: <strong><em>Mystic.<\/em><\/strong><\/p>\n<p>Si tu coraz\u00f3n late al ritmo de las \u00faltimas tendencias, y buscas un sof\u00e1 que sea pieza central, que hable de ti sin decir una palabra, entonces lo tuyo es el tejido <em>Mystic<\/em>.<\/p>\n<p>Elegancia, colores y textura que narran tu personalidad e invitan a quedarse. Un sof\u00e1 que no solo es un sof\u00e1, sino una declaraci\u00f3n de intenciones.<\/p>\n<p>&nbsp;<\/p>\n<p>Para los guardianes del planeta. <strong><em>Ecol\u00f3gicos.<\/em><\/strong><\/p>\n<p>Y a ti, que cada d\u00eda eliges hacer del mundo un lugar mejor, te propongo los tejidos <em>ecol\u00f3gicos<\/em>. Materiales reciclados, pero llenos de futuro, para que descanses sabiendo que est\u00e1s aportando tu granito de arena.<\/p>\n<p>Porque tu compromiso con el planeta es tan profundo como el confort que buscas.<\/p>\n<p>&nbsp;<\/p>\n<p>&nbsp;<\/p>\n<p>En <a href=\"https:\/\/que-sofas.es\/\"><strong>Qu\u00e9 sof\u00e1s<\/strong><\/a>, te invitamos a descubrir ese sof\u00e1 que no solo encaje en tu espacio, sino que abrace tus momentos. Porque cada uno de nosotros merece un lugar que, al final del d\u00eda, nos diga sin palabras: <em>\u201cBienvenido a casa\u201d<\/em>.\ud83d\udc95<\/p>\n<p>&nbsp;<\/p>\n","protected":false},"excerpt":{"rendered":"<p>Hablemos sobre algo que nos une: la b\u00fasqueda de un sof\u00e1 ideal. Pero no cualquier sof\u00e1, sino aquel que parece haber sido dise\u00f1ado con nosotros en mente. \u00bfLa clave? La tela. S\u00ed, esa suave superficie que acaricia nuestra piel, resiste nuestros descuidos y que, d\u00eda a d\u00eda, se convierte en testigo de nuestros peque\u00f1os rituales. [&hellip;]<\/p>\n","protected":false},"author":4,"featured_media":3934,"comment_status":"closed","ping_status":"closed","sticky":false,"template":"","format":"standard","meta":{"footnotes":""},"categories":[39],"tags":[313,317,315,314,316,247],"yoast_head":"<!-- This site is optimized with the Yoast SEO plugin v21.2 - https:\/\/yoast.com\/wordpress\/plugins\/seo\/ -->\n<title>Una tela para cada historia | Qu\u00e9 Barato Blog<\/title>\n<meta name=\"description\" content=\"Descubre de forma sencilla y f\u00e1cil el tipo de tela que debes elegir para tu sof\u00e1 teniendo en cuenta tu ritmo de vida y el uso que le quieras dar.\" \/>\n<meta name=\"robots\" content=\"index, follow, max-snippet:-1, max-image-preview:large, max-video-preview:-1\" \/>\n<link rel=\"canonical\" href=\"https:\/\/que-sofas.es\/blog\/una-tela-para-cada-historia\/\" \/>\n<meta property=\"og:locale\" content=\"es_ES\" \/>\n<meta property=\"og:type\" content=\"article\" \/>\n<meta property=\"og:title\" content=\"Una tela para cada historia | Qu\u00e9 Barato Blog\" \/>\n<meta property=\"og:description\" content=\"Descubre de forma sencilla y f\u00e1cil el tipo de tela que debes elegir para tu sof\u00e1 teniendo en cuenta tu ritmo de vida y el uso que le quieras dar.\" \/>\n<meta property=\"og:url\" content=\"https:\/\/que-sofas.es\/blog\/una-tela-para-cada-historia\/\" \/>\n<meta property=\"og:site_name\" content=\"Que Sof\u00e1s Blog\" \/>\n<meta property=\"article:publisher\" content=\"https:\/\/www.facebook.com\/quesofasbarato\" \/>\n<meta property=\"article:published_time\" content=\"2024-04-11T06:47:59+00:00\" \/>\n<meta property=\"article:modified_time\" content=\"2024-04-11T06:58:40+00:00\" \/>\n<meta property=\"og:image\" content=\"https:\/\/que-sofas.es\/blog\/wp-content\/uploads\/2024\/04\/post-que-sofas-una-tela-para-cada-historia.jpg\" \/>\n\t<meta property=\"og:image:width\" content=\"1748\" \/>\n\t<meta property=\"og:image:height\" content=\"1240\" \/>\n\t<meta property=\"og:image:type\" content=\"image\/jpeg\" \/>\n<meta name=\"author\" content=\"Andrea\" \/>\n<meta name=\"twitter:card\" content=\"summary_large_image\" \/>\n<meta name=\"twitter:label1\" content=\"Escrito por\" \/>\n\t<meta name=\"twitter:data1\" content=\"Andrea\" \/>\n\t<meta name=\"twitter:label2\" content=\"Tiempo de lectura\" \/>\n\t<meta name=\"twitter:data2\" content=\"2 minutos\" \/>\n<script type=\"application\/ld+json\" class=\"yoast-schema-graph\">{\"@context\":\"https:\/\/schema.org\",\"@graph\":[{\"@type\":\"Article\",\"@id\":\"https:\/\/que-sofas.es\/blog\/una-tela-para-cada-historia\/#article\",\"isPartOf\":{\"@id\":\"https:\/\/que-sofas.es\/blog\/una-tela-para-cada-historia\/\"},\"author\":{\"name\":\"Andrea\",\"@id\":\"https:\/\/que-sofas.es\/blog\/#\/schema\/person\/80e21cb5ace8a092fca2cd819ea8d7d3\"},\"headline\":\"Una tela para cada historia\",\"datePublished\":\"2024-04-11T06:47:59+00:00\",\"dateModified\":\"2024-04-11T06:58:40+00:00\",\"mainEntityOfPage\":{\"@id\":\"https:\/\/que-sofas.es\/blog\/una-tela-para-cada-historia\/\"},\"wordCount\":405,\"publisher\":{\"@id\":\"https:\/\/que-sofas.es\/blog\/#organization\"},\"keywords\":[\"aquaclean\",\"elecci\u00f3n de tela\",\"mystic\",\"pet friendly\",\"tapicer\u00eda ecol\u00f3gica\",\"tela\"],\"articleSection\":[\"Ideas y consejos\"],\"inLanguage\":\"es\"},{\"@type\":\"WebPage\",\"@id\":\"https:\/\/que-sofas.es\/blog\/una-tela-para-cada-historia\/\",\"url\":\"https:\/\/que-sofas.es\/blog\/una-tela-para-cada-historia\/\",\"name\":\"Una tela para cada historia | Qu\u00e9 Barato Blog\",\"isPartOf\":{\"@id\":\"https:\/\/que-sofas.es\/blog\/#website\"},\"datePublished\":\"2024-04-11T06:47:59+00:00\",\"dateModified\":\"2024-04-11T06:58:40+00:00\",\"description\":\"Descubre de forma sencilla y f\u00e1cil el tipo de tela que debes elegir para tu sof\u00e1 teniendo en cuenta tu ritmo de vida y el uso que le quieras dar.\",\"breadcrumb\":{\"@id\":\"https:\/\/que-sofas.es\/blog\/una-tela-para-cada-historia\/#breadcrumb\"},\"inLanguage\":\"es\",\"potentialAction\":[{\"@type\":\"ReadAction\",\"target\":[\"https:\/\/que-sofas.es\/blog\/una-tela-para-cada-historia\/\"]}]},{\"@type\":\"BreadcrumbList\",\"@id\":\"https:\/\/que-sofas.es\/blog\/una-tela-para-cada-historia\/#breadcrumb\",\"itemListElement\":[{\"@type\":\"ListItem\",\"position\":1,\"name\":\"Portada\",\"item\":\"https:\/\/que-sofas.es\/blog\/\"},{\"@type\":\"ListItem\",\"position\":2,\"name\":\"Una tela para cada historia\"}]},{\"@type\":\"WebSite\",\"@id\":\"https:\/\/que-sofas.es\/blog\/#website\",\"url\":\"https:\/\/que-sofas.es\/blog\/\",\"name\":\"Que Sof\u00e1s Blog\",\"description\":\"\u00a1El blog de Que Sof\u00e1s!\",\"publisher\":{\"@id\":\"https:\/\/que-sofas.es\/blog\/#organization\"},\"potentialAction\":[{\"@type\":\"SearchAction\",\"target\":{\"@type\":\"EntryPoint\",\"urlTemplate\":\"https:\/\/que-sofas.es\/blog\/?s={search_term_string}\"},\"query-input\":\"required name=search_term_string\"}],\"inLanguage\":\"es\"},{\"@type\":\"Organization\",\"@id\":\"https:\/\/que-sofas.es\/blog\/#organization\",\"name\":\"Que Sof\u00e1s\",\"url\":\"https:\/\/que-sofas.es\/blog\/\",\"logo\":{\"@type\":\"ImageObject\",\"inLanguage\":\"es\",\"@id\":\"https:\/\/que-sofas.es\/blog\/#\/schema\/logo\/image\/\",\"url\":\"https:\/\/que-sofas.es\/blog\/wp-content\/uploads\/2023\/08\/logo-que-sofas-200x40px-2.png\",\"contentUrl\":\"https:\/\/que-sofas.es\/blog\/wp-content\/uploads\/2023\/08\/logo-que-sofas-200x40px-2.png\",\"width\":171,\"height\":39,\"caption\":\"Que Sof\u00e1s\"},\"image\":{\"@id\":\"https:\/\/que-sofas.es\/blog\/#\/schema\/logo\/image\/\"},\"sameAs\":[\"https:\/\/www.facebook.com\/quesofasbarato\",\"https:\/\/www.instagram.com\/que_sofas\/\"]},{\"@type\":\"Person\",\"@id\":\"https:\/\/que-sofas.es\/blog\/#\/schema\/person\/80e21cb5ace8a092fca2cd819ea8d7d3\",\"name\":\"Andrea\",\"image\":{\"@type\":\"ImageObject\",\"inLanguage\":\"es\",\"@id\":\"https:\/\/que-sofas.es\/blog\/#\/schema\/person\/image\/\",\"url\":\"https:\/\/secure.gravatar.com\/avatar\/2bb85a758c069c3dd890f95deec28e8a?s=96&d=mm&r=g\",\"contentUrl\":\"https:\/\/secure.gravatar.com\/avatar\/2bb85a758c069c3dd890f95deec28e8a?s=96&d=mm&r=g\",\"caption\":\"Andrea\"}}]}<\/script>\n<!-- \/ Yoast SEO plugin. -->","yoast_head_json":{"title":"Una tela para cada historia | Qu\u00e9 Barato Blog","description":"Descubre de forma sencilla y f\u00e1cil el tipo de tela que debes elegir para tu sof\u00e1 teniendo en cuenta tu ritmo de vida y el uso que le quieras dar.","robots":{"index":"index","follow":"follow","max-snippet":"max-snippet:-1","max-image-preview":"max-image-preview:large","max-video-preview":"max-video-preview:-1"},"canonical":"https:\/\/que-sofas.es\/blog\/una-tela-para-cada-historia\/","og_locale":"es_ES","og_type":"article","og_title":"Una tela para cada historia | Qu\u00e9 Barato Blog","og_description":"Descubre de forma sencilla y f\u00e1cil el tipo de tela que debes elegir para tu sof\u00e1 teniendo en cuenta tu ritmo de vida y el uso que le quieras dar.","og_url":"https:\/\/que-sofas.es\/blog\/una-tela-para-cada-historia\/","og_site_name":"Que Sof\u00e1s Blog","article_publisher":"https:\/\/www.facebook.com\/quesofasbarato","article_published_time":"2024-04-11T06:47:59+00:00","article_modified_time":"2024-04-11T06:58:40+00:00","og_image":[{"width":1748,"height":1240,"url":"https:\/\/que-sofas.es\/blog\/wp-content\/uploads\/2024\/04\/post-que-sofas-una-tela-para-cada-historia.jpg","type":"image\/jpeg"}],"author":"Andrea","twitter_card":"summary_large_image","twitter_misc":{"Escrito por":"Andrea","Tiempo de lectura":"2 minutos"},"schema":{"@context":"https:\/\/schema.org","@graph":[{"@type":"Article","@id":"https:\/\/que-sofas.es\/blog\/una-tela-para-cada-historia\/#article","isPartOf":{"@id":"https:\/\/que-sofas.es\/blog\/una-tela-para-cada-historia\/"},"author":{"name":"Andrea","@id":"https:\/\/que-sofas.es\/blog\/#\/schema\/person\/80e21cb5ace8a092fca2cd819ea8d7d3"},"headline":"Una tela para cada historia","datePublished":"2024-04-11T06:47:59+00:00","dateModified":"2024-04-11T06:58:40+00:00","mainEntityOfPage":{"@id":"https:\/\/que-sofas.es\/blog\/una-tela-para-cada-historia\/"},"wordCount":405,"publisher":{"@id":"https:\/\/que-sofas.es\/blog\/#organization"},"keywords":["aquaclean","elecci\u00f3n de tela","mystic","pet friendly","tapicer\u00eda ecol\u00f3gica","tela"],"articleSection":["Ideas y consejos"],"inLanguage":"es"},{"@type":"WebPage","@id":"https:\/\/que-sofas.es\/blog\/una-tela-para-cada-historia\/","url":"https:\/\/que-sofas.es\/blog\/una-tela-para-cada-historia\/","name":"Una tela para cada historia | Qu\u00e9 Barato Blog","isPartOf":{"@id":"https:\/\/que-sofas.es\/blog\/#website"},"datePublished":"2024-04-11T06:47:59+00:00","dateModified":"2024-04-11T06:58:40+00:00","description":"Descubre de forma sencilla y f\u00e1cil el tipo de tela que debes elegir para tu sof\u00e1 teniendo en cuenta tu ritmo de vida y el uso que le quieras dar.","breadcrumb":{"@id":"https:\/\/que-sofas.es\/blog\/una-tela-para-cada-historia\/#breadcrumb"},"inLanguage":"es","potentialAction":[{"@type":"ReadAction","target":["https:\/\/que-sofas.es\/blog\/una-tela-para-cada-historia\/"]}]},{"@type":"BreadcrumbList","@id":"https:\/\/que-sofas.es\/blog\/una-tela-para-cada-historia\/#breadcrumb","itemListElement":[{"@type":"ListItem","position":1,"name":"Portada","item":"https:\/\/que-sofas.es\/blog\/"},{"@type":"ListItem","position":2,"name":"Una tela para cada historia"}]},{"@type":"WebSite","@id":"https:\/\/que-sofas.es\/blog\/#website","url":"https:\/\/que-sofas.es\/blog\/","name":"Que Sof\u00e1s Blog","description":"\u00a1El blog de Que Sof\u00e1s!","publisher":{"@id":"https:\/\/que-sofas.es\/blog\/#organization"},"potentialAction":[{"@type":"SearchAction","target":{"@type":"EntryPoint","urlTemplate":"https:\/\/que-sofas.es\/blog\/?s={search_term_string}"},"query-input":"required name=search_term_string"}],"inLanguage":"es"},{"@type":"Organization","@id":"https:\/\/que-sofas.es\/blog\/#organization","name":"Que Sof\u00e1s","url":"https:\/\/que-sofas.es\/blog\/","logo":{"@type":"ImageObject","inLanguage":"es","@id":"https:\/\/que-sofas.es\/blog\/#\/schema\/logo\/image\/","url":"https:\/\/que-sofas.es\/blog\/wp-content\/uploads\/2023\/08\/logo-que-sofas-200x40px-2.png","contentUrl":"https:\/\/que-sofas.es\/blog\/wp-content\/uploads\/2023\/08\/logo-que-sofas-200x40px-2.png","width":171,"height":39,"caption":"Que Sof\u00e1s"},"image":{"@id":"https:\/\/que-sofas.es\/blog\/#\/schema\/logo\/image\/"},"sameAs":["https:\/\/www.facebook.com\/quesofasbarato","https:\/\/www.instagram.com\/que_sofas\/"]},{"@type":"Person","@id":"https:\/\/que-sofas.es\/blog\/#\/schema\/person\/80e21cb5ace8a092fca2cd819ea8d7d3","name":"Andrea","image":{"@type":"ImageObject","inLanguage":"es","@id":"https:\/\/que-sofas.es\/blog\/#\/schema\/person\/image\/","url":"https:\/\/secure.gravatar.com\/avatar\/2bb85a758c069c3dd890f95deec28e8a?s=96&d=mm&r=g","contentUrl":"https:\/\/secure.gravatar.com\/avatar\/2bb85a758c069c3dd890f95deec28e8a?s=96&d=mm&r=g","caption":"Andrea"}}]}},"_links":{"self":[{"href":"https:\/\/que-sofas.es\/blog\/wp-json\/wp\/v2\/posts\/3928"}],"collection":[{"href":"https:\/\/que-sofas.es\/blog\/wp-json\/wp\/v2\/posts"}],"about":[{"href":"https:\/\/que-sofas.es\/blog\/wp-json\/wp\/v2\/types\/post"}],"author":[{"embeddable":true,"href":"https:\/\/que-sofas.es\/blog\/wp-json\/wp\/v2\/users\/4"}],"replies":[{"embeddable":true,"href":"https:\/\/que-sofas.es\/blog\/wp-json\/wp\/v2\/comments?post=3928"}],"version-history":[{"count":3,"href":"https:\/\/que-sofas.es\/blog\/wp-json\/wp\/v2\/posts\/3928\/revisions"}],"predecessor-version":[{"id":3933,"href":"https:\/\/que-sofas.es\/blog\/wp-json\/wp\/v2\/posts\/3928\/revisions\/3933"}],"wp:featuredmedia":[{"embeddable":true,"href":"https:\/\/que-sofas.es\/blog\/wp-json\/wp\/v2\/media\/3934"}],"wp:attachment":[{"href":"https:\/\/que-sofas.es\/blog\/wp-json\/wp\/v2\/media?parent=3928"}],"wp:term":[{"taxonomy":"category","embeddable":true,"href":"https:\/\/que-sofas.es\/blog\/wp-json\/wp\/v2\/categories?post=3928"},{"taxonomy":"post_tag","embeddable":true,"href":"https:\/\/que-sofas.es\/blog\/wp-json\/wp\/v2\/tags?post=3928"}],"curies":[{"name":"wp","href":"https:\/\/api.w.org\/{rel}","templated":true}]}}