{"id":3880,"date":"2022-10-03T14:34:36","date_gmt":"2022-10-03T12:34:36","guid":{"rendered":"https:\/\/que-barato.es\/blog\/?p=3880"},"modified":"2022-10-03T14:53:20","modified_gmt":"2022-10-03T12:53:20","slug":"sorteo-aspirador-inalambrico","status":"publish","type":"post","link":"https:\/\/que-sofas.es\/blog\/sorteo-aspirador-inalambrico\/","title":{"rendered":"Sorteo Aspirador Inal\u00e1mbrico"},"content":{"rendered":"<h2>Participa y gana un aspirador ideal para los pelos de tu mascota. Util\u00edzalo y aspira el colch\u00f3n, sof\u00e1 y cualquier tejido.<\/h2>\n<p><strong>T\u00e9rminos y condiciones<\/strong><br \/>\nCondiciones generales:<br \/>\nEl ganador se publicar\u00e1 el d\u00eda 24 de Octubre.<br \/>\nSe elegir\u00e1 de forma aleatoria mediante la aplicaci\u00f3n Easypromo. Se comprobar\u00e1 que cumple los requisitos para participar.<br \/>\nSi pasado 10 d\u00edas, el ganador no reclama su premio, autom\u00e1ticamente se generar\u00e1 un nuevo ganador.<\/p>\n<p><strong>Condiciones de entrega<\/strong><br \/>\nEl premio se recoger\u00e1 en nuestras tiendas Que sof\u00e1s.<br \/>\nEl regalo no se enviar\u00e1 bajo ning\u00fan concepto por mensajer\u00eda.<br \/>\nSe le har\u00e1 una fotograf\u00eda que posteriormente se subir\u00e1 a redes sociales con el ganador\/a recogiendo su regalo<br \/>\nen nuestro establecimiento.<\/p>\n<p><strong><img decoding=\"async\" loading=\"lazy\" class=\"alignnone wp-image-3881\" src=\"https:\/\/que-barato.es\/blog\/wp-content\/uploads\/2022\/10\/post-instagram-asegura-a-tu-mascota-300x300.jpg\" alt=\"\" width=\"443\" height=\"443\" srcset=\"https:\/\/que-sofas.es\/blog\/wp-content\/uploads\/2022\/10\/post-instagram-asegura-a-tu-mascota-300x300.jpg 300w, https:\/\/que-sofas.es\/blog\/wp-content\/uploads\/2022\/10\/post-instagram-asegura-a-tu-mascota-1030x1030.jpg 1030w, https:\/\/que-sofas.es\/blog\/wp-content\/uploads\/2022\/10\/post-instagram-asegura-a-tu-mascota-80x80.jpg 80w, https:\/\/que-sofas.es\/blog\/wp-content\/uploads\/2022\/10\/post-instagram-asegura-a-tu-mascota-768x768.jpg 768w, https:\/\/que-sofas.es\/blog\/wp-content\/uploads\/2022\/10\/post-instagram-asegura-a-tu-mascota-266x266.jpg 266w, https:\/\/que-sofas.es\/blog\/wp-content\/uploads\/2022\/10\/post-instagram-asegura-a-tu-mascota.jpg 1080w\" sizes=\"(max-width: 443px) 100vw, 443px\" \/><\/strong><\/p>\n<p>No se aceptar\u00e1 y ser\u00e1 borrado cualquier contenido que: (a) sea sexualmente explicito y\/o ofensivo, incluyendo,<br \/>\npero no limitando, mensajes o contenido con expresiones de intolerancia, racismo, odio, prejuicio y\/o blasfemia;<br \/>\n(b) sea abusivo, difamatorio, de acoso o insultante a otros miembros; (c) anuncie, promueva o se relacione, de<br \/>\ncualquier otra manera, con cualquier otro sitio web o empresa f\u00edsica y\/o que realice actividades ilegales y\/o que<br \/>\nprovea detalles personales; (d) sea sobre nosotros o nuestra p\u00e1gina web u otra p\u00e1gina web conectada con<br \/>\nnosotros y no es cierto y\/o malicioso y\/o perjudicial para nosotros; (e) contenga referencias sobre ni\u00f1os y\/o<br \/>\nalcohol. Aceptas no enviar ning\u00fan contenido que no le pertenezca, sobre el que no tenga derechos para mostrar<br \/>\no que vulneren a otras personas. Estas restricciones se aplican a la totalidad del contenido que se env\u00ede, lo que<br \/>\nsignifica que no debe aparecer en ninguna parte del contenido, incluyendo el primer plano o el fondo. No<br \/>\npodemos usar cualquier contenido que contenga, de ninguna manera, ninguno de los aspectos mencionados en<br \/>\neste apartado.<\/p>\n","protected":false},"excerpt":{"rendered":"<p>Participa y gana un aspirador ideal para los pelos de tu mascota. Util\u00edzalo y aspira el colch\u00f3n, sof\u00e1 y cualquier tejido. T\u00e9rminos y condiciones Condiciones generales: El ganador se publicar\u00e1 el d\u00eda 24 de Octubre. Se elegir\u00e1 de forma aleatoria mediante la aplicaci\u00f3n Easypromo. Se comprobar\u00e1 que cumple los requisitos para participar. Si pasado 10 [&hellip;]<\/p>\n","protected":false},"author":4,"featured_media":3886,"comment_status":"closed","ping_status":"closed","sticky":false,"template":"","format":"standard","meta":{"footnotes":""},"categories":[42],"tags":[],"yoast_head":"<!-- This site is optimized with the Yoast SEO plugin v21.2 - https:\/\/yoast.com\/wordpress\/plugins\/seo\/ -->\n<title>Sorteo Aspirador Inal\u00e1mbrico | Qu\u00e9 Barato Blog<\/title>\n<meta name=\"robots\" content=\"index, follow, max-snippet:-1, max-image-preview:large, max-video-preview:-1\" \/>\n<link rel=\"canonical\" href=\"https:\/\/que-sofas.es\/blog\/sorteo-aspirador-inalambrico\/\" \/>\n<meta property=\"og:locale\" content=\"es_ES\" \/>\n<meta property=\"og:type\" content=\"article\" \/>\n<meta property=\"og:title\" content=\"Sorteo Aspirador Inal\u00e1mbrico | Qu\u00e9 Barato Blog\" \/>\n<meta property=\"og:description\" content=\"Participa y gana un aspirador ideal para los pelos de tu mascota. Util\u00edzalo y aspira el colch\u00f3n, sof\u00e1 y cualquier tejido. T\u00e9rminos y condiciones Condiciones generales: El ganador se publicar\u00e1 el d\u00eda 24 de Octubre. Se elegir\u00e1 de forma aleatoria mediante la aplicaci\u00f3n Easypromo. Se comprobar\u00e1 que cumple los requisitos para participar. Si pasado 10 [&hellip;]\" \/>\n<meta property=\"og:url\" content=\"https:\/\/que-sofas.es\/blog\/sorteo-aspirador-inalambrico\/\" \/>\n<meta property=\"og:site_name\" content=\"Que Sof\u00e1s Blog\" \/>\n<meta property=\"article:publisher\" content=\"https:\/\/www.facebook.com\/quesofasbarato\" \/>\n<meta property=\"article:published_time\" content=\"2022-10-03T12:34:36+00:00\" \/>\n<meta property=\"article:modified_time\" content=\"2022-10-03T12:53:20+00:00\" \/>\n<meta property=\"og:image\" content=\"https:\/\/que-sofas.es\/blog\/wp-content\/uploads\/2022\/10\/presentacion-moda-neon-sencillo-organico-pastel-neon-rosa-naranja-y-azul-1.jpg\" \/>\n\t<meta property=\"og:image:width\" content=\"1920\" \/>\n\t<meta property=\"og:image:height\" content=\"1080\" \/>\n\t<meta property=\"og:image:type\" content=\"image\/jpeg\" \/>\n<meta name=\"author\" content=\"Andrea\" \/>\n<meta name=\"twitter:card\" content=\"summary_large_image\" \/>\n<meta name=\"twitter:label1\" content=\"Escrito por\" \/>\n\t<meta name=\"twitter:data1\" content=\"Andrea\" \/>\n\t<meta name=\"twitter:label2\" content=\"Tiempo de lectura\" \/>\n\t<meta name=\"twitter:data2\" content=\"2 minutos\" \/>\n<script type=\"application\/ld+json\" class=\"yoast-schema-graph\">{\"@context\":\"https:\/\/schema.org\",\"@graph\":[{\"@type\":\"Article\",\"@id\":\"https:\/\/que-sofas.es\/blog\/sorteo-aspirador-inalambrico\/#article\",\"isPartOf\":{\"@id\":\"https:\/\/que-sofas.es\/blog\/sorteo-aspirador-inalambrico\/\"},\"author\":{\"name\":\"Andrea\",\"@id\":\"https:\/\/que-sofas.es\/blog\/#\/schema\/person\/80e21cb5ace8a092fca2cd819ea8d7d3\"},\"headline\":\"Sorteo Aspirador Inal\u00e1mbrico\",\"datePublished\":\"2022-10-03T12:34:36+00:00\",\"dateModified\":\"2022-10-03T12:53:20+00:00\",\"mainEntityOfPage\":{\"@id\":\"https:\/\/que-sofas.es\/blog\/sorteo-aspirador-inalambrico\/\"},\"wordCount\":312,\"publisher\":{\"@id\":\"https:\/\/que-sofas.es\/blog\/#organization\"},\"articleSection\":[\"Sorteos\"],\"inLanguage\":\"es\"},{\"@type\":\"WebPage\",\"@id\":\"https:\/\/que-sofas.es\/blog\/sorteo-aspirador-inalambrico\/\",\"url\":\"https:\/\/que-sofas.es\/blog\/sorteo-aspirador-inalambrico\/\",\"name\":\"Sorteo Aspirador Inal\u00e1mbrico | Qu\u00e9 Barato Blog\",\"isPartOf\":{\"@id\":\"https:\/\/que-sofas.es\/blog\/#website\"},\"datePublished\":\"2022-10-03T12:34:36+00:00\",\"dateModified\":\"2022-10-03T12:53:20+00:00\",\"breadcrumb\":{\"@id\":\"https:\/\/que-sofas.es\/blog\/sorteo-aspirador-inalambrico\/#breadcrumb\"},\"inLanguage\":\"es\",\"potentialAction\":[{\"@type\":\"ReadAction\",\"target\":[\"https:\/\/que-sofas.es\/blog\/sorteo-aspirador-inalambrico\/\"]}]},{\"@type\":\"BreadcrumbList\",\"@id\":\"https:\/\/que-sofas.es\/blog\/sorteo-aspirador-inalambrico\/#breadcrumb\",\"itemListElement\":[{\"@type\":\"ListItem\",\"position\":1,\"name\":\"Portada\",\"item\":\"https:\/\/que-sofas.es\/blog\/\"},{\"@type\":\"ListItem\",\"position\":2,\"name\":\"Sorteo Aspirador Inal\u00e1mbrico\"}]},{\"@type\":\"WebSite\",\"@id\":\"https:\/\/que-sofas.es\/blog\/#website\",\"url\":\"https:\/\/que-sofas.es\/blog\/\",\"name\":\"Que Sof\u00e1s Blog\",\"description\":\"\u00a1El blog de Que Sof\u00e1s!\",\"publisher\":{\"@id\":\"https:\/\/que-sofas.es\/blog\/#organization\"},\"potentialAction\":[{\"@type\":\"SearchAction\",\"target\":{\"@type\":\"EntryPoint\",\"urlTemplate\":\"https:\/\/que-sofas.es\/blog\/?s={search_term_string}\"},\"query-input\":\"required name=search_term_string\"}],\"inLanguage\":\"es\"},{\"@type\":\"Organization\",\"@id\":\"https:\/\/que-sofas.es\/blog\/#organization\",\"name\":\"Que Sof\u00e1s\",\"url\":\"https:\/\/que-sofas.es\/blog\/\",\"logo\":{\"@type\":\"ImageObject\",\"inLanguage\":\"es\",\"@id\":\"https:\/\/que-sofas.es\/blog\/#\/schema\/logo\/image\/\",\"url\":\"https:\/\/que-sofas.es\/blog\/wp-content\/uploads\/2023\/08\/logo-que-sofas-200x40px-2.png\",\"contentUrl\":\"https:\/\/que-sofas.es\/blog\/wp-content\/uploads\/2023\/08\/logo-que-sofas-200x40px-2.png\",\"width\":171,\"height\":39,\"caption\":\"Que Sof\u00e1s\"},\"image\":{\"@id\":\"https:\/\/que-sofas.es\/blog\/#\/schema\/logo\/image\/\"},\"sameAs\":[\"https:\/\/www.facebook.com\/quesofasbarato\",\"https:\/\/www.instagram.com\/que_sofas\/\"]},{\"@type\":\"Person\",\"@id\":\"https:\/\/que-sofas.es\/blog\/#\/schema\/person\/80e21cb5ace8a092fca2cd819ea8d7d3\",\"name\":\"Andrea\",\"image\":{\"@type\":\"ImageObject\",\"inLanguage\":\"es\",\"@id\":\"https:\/\/que-sofas.es\/blog\/#\/schema\/person\/image\/\",\"url\":\"https:\/\/secure.gravatar.com\/avatar\/2bb85a758c069c3dd890f95deec28e8a?s=96&d=mm&r=g\",\"contentUrl\":\"https:\/\/secure.gravatar.com\/avatar\/2bb85a758c069c3dd890f95deec28e8a?s=96&d=mm&r=g\",\"caption\":\"Andrea\"}}]}<\/script>\n<!-- \/ Yoast SEO plugin. -->","yoast_head_json":{"title":"Sorteo Aspirador Inal\u00e1mbrico | Qu\u00e9 Barato Blog","robots":{"index":"index","follow":"follow","max-snippet":"max-snippet:-1","max-image-preview":"max-image-preview:large","max-video-preview":"max-video-preview:-1"},"canonical":"https:\/\/que-sofas.es\/blog\/sorteo-aspirador-inalambrico\/","og_locale":"es_ES","og_type":"article","og_title":"Sorteo Aspirador Inal\u00e1mbrico | Qu\u00e9 Barato Blog","og_description":"Participa y gana un aspirador ideal para los pelos de tu mascota. Util\u00edzalo y aspira el colch\u00f3n, sof\u00e1 y cualquier tejido. T\u00e9rminos y condiciones Condiciones generales: El ganador se publicar\u00e1 el d\u00eda 24 de Octubre. Se elegir\u00e1 de forma aleatoria mediante la aplicaci\u00f3n Easypromo. Se comprobar\u00e1 que cumple los requisitos para participar. Si pasado 10 [&hellip;]","og_url":"https:\/\/que-sofas.es\/blog\/sorteo-aspirador-inalambrico\/","og_site_name":"Que Sof\u00e1s Blog","article_publisher":"https:\/\/www.facebook.com\/quesofasbarato","article_published_time":"2022-10-03T12:34:36+00:00","article_modified_time":"2022-10-03T12:53:20+00:00","og_image":[{"width":1920,"height":1080,"url":"https:\/\/que-sofas.es\/blog\/wp-content\/uploads\/2022\/10\/presentacion-moda-neon-sencillo-organico-pastel-neon-rosa-naranja-y-azul-1.jpg","type":"image\/jpeg"}],"author":"Andrea","twitter_card":"summary_large_image","twitter_misc":{"Escrito por":"Andrea","Tiempo de lectura":"2 minutos"},"schema":{"@context":"https:\/\/schema.org","@graph":[{"@type":"Article","@id":"https:\/\/que-sofas.es\/blog\/sorteo-aspirador-inalambrico\/#article","isPartOf":{"@id":"https:\/\/que-sofas.es\/blog\/sorteo-aspirador-inalambrico\/"},"author":{"name":"Andrea","@id":"https:\/\/que-sofas.es\/blog\/#\/schema\/person\/80e21cb5ace8a092fca2cd819ea8d7d3"},"headline":"Sorteo Aspirador Inal\u00e1mbrico","datePublished":"2022-10-03T12:34:36+00:00","dateModified":"2022-10-03T12:53:20+00:00","mainEntityOfPage":{"@id":"https:\/\/que-sofas.es\/blog\/sorteo-aspirador-inalambrico\/"},"wordCount":312,"publisher":{"@id":"https:\/\/que-sofas.es\/blog\/#organization"},"articleSection":["Sorteos"],"inLanguage":"es"},{"@type":"WebPage","@id":"https:\/\/que-sofas.es\/blog\/sorteo-aspirador-inalambrico\/","url":"https:\/\/que-sofas.es\/blog\/sorteo-aspirador-inalambrico\/","name":"Sorteo Aspirador Inal\u00e1mbrico | Qu\u00e9 Barato Blog","isPartOf":{"@id":"https:\/\/que-sofas.es\/blog\/#website"},"datePublished":"2022-10-03T12:34:36+00:00","dateModified":"2022-10-03T12:53:20+00:00","breadcrumb":{"@id":"https:\/\/que-sofas.es\/blog\/sorteo-aspirador-inalambrico\/#breadcrumb"},"inLanguage":"es","potentialAction":[{"@type":"ReadAction","target":["https:\/\/que-sofas.es\/blog\/sorteo-aspirador-inalambrico\/"]}]},{"@type":"BreadcrumbList","@id":"https:\/\/que-sofas.es\/blog\/sorteo-aspirador-inalambrico\/#breadcrumb","itemListElement":[{"@type":"ListItem","position":1,"name":"Portada","item":"https:\/\/que-sofas.es\/blog\/"},{"@type":"ListItem","position":2,"name":"Sorteo Aspirador Inal\u00e1mbrico"}]},{"@type":"WebSite","@id":"https:\/\/que-sofas.es\/blog\/#website","url":"https:\/\/que-sofas.es\/blog\/","name":"Que Sof\u00e1s Blog","description":"\u00a1El blog de Que Sof\u00e1s!","publisher":{"@id":"https:\/\/que-sofas.es\/blog\/#organization"},"potentialAction":[{"@type":"SearchAction","target":{"@type":"EntryPoint","urlTemplate":"https:\/\/que-sofas.es\/blog\/?s={search_term_string}"},"query-input":"required name=search_term_string"}],"inLanguage":"es"},{"@type":"Organization","@id":"https:\/\/que-sofas.es\/blog\/#organization","name":"Que Sof\u00e1s","url":"https:\/\/que-sofas.es\/blog\/","logo":{"@type":"ImageObject","inLanguage":"es","@id":"https:\/\/que-sofas.es\/blog\/#\/schema\/logo\/image\/","url":"https:\/\/que-sofas.es\/blog\/wp-content\/uploads\/2023\/08\/logo-que-sofas-200x40px-2.png","contentUrl":"https:\/\/que-sofas.es\/blog\/wp-content\/uploads\/2023\/08\/logo-que-sofas-200x40px-2.png","width":171,"height":39,"caption":"Que Sof\u00e1s"},"image":{"@id":"https:\/\/que-sofas.es\/blog\/#\/schema\/logo\/image\/"},"sameAs":["https:\/\/www.facebook.com\/quesofasbarato","https:\/\/www.instagram.com\/que_sofas\/"]},{"@type":"Person","@id":"https:\/\/que-sofas.es\/blog\/#\/schema\/person\/80e21cb5ace8a092fca2cd819ea8d7d3","name":"Andrea","image":{"@type":"ImageObject","inLanguage":"es","@id":"https:\/\/que-sofas.es\/blog\/#\/schema\/person\/image\/","url":"https:\/\/secure.gravatar.com\/avatar\/2bb85a758c069c3dd890f95deec28e8a?s=96&d=mm&r=g","contentUrl":"https:\/\/secure.gravatar.com\/avatar\/2bb85a758c069c3dd890f95deec28e8a?s=96&d=mm&r=g","caption":"Andrea"}}]}},"_links":{"self":[{"href":"https:\/\/que-sofas.es\/blog\/wp-json\/wp\/v2\/posts\/3880"}],"collection":[{"href":"https:\/\/que-sofas.es\/blog\/wp-json\/wp\/v2\/posts"}],"about":[{"href":"https:\/\/que-sofas.es\/blog\/wp-json\/wp\/v2\/types\/post"}],"author":[{"embeddable":true,"href":"https:\/\/que-sofas.es\/blog\/wp-json\/wp\/v2\/users\/4"}],"replies":[{"embeddable":true,"href":"https:\/\/que-sofas.es\/blog\/wp-json\/wp\/v2\/comments?post=3880"}],"version-history":[{"count":5,"href":"https:\/\/que-sofas.es\/blog\/wp-json\/wp\/v2\/posts\/3880\/revisions"}],"predecessor-version":[{"id":3888,"href":"https:\/\/que-sofas.es\/blog\/wp-json\/wp\/v2\/posts\/3880\/revisions\/3888"}],"wp:featuredmedia":[{"embeddable":true,"href":"https:\/\/que-sofas.es\/blog\/wp-json\/wp\/v2\/media\/3886"}],"wp:attachment":[{"href":"https:\/\/que-sofas.es\/blog\/wp-json\/wp\/v2\/media?parent=3880"}],"wp:term":[{"taxonomy":"category","embeddable":true,"href":"https:\/\/que-sofas.es\/blog\/wp-json\/wp\/v2\/categories?post=3880"},{"taxonomy":"post_tag","embeddable":true,"href":"https:\/\/que-sofas.es\/blog\/wp-json\/wp\/v2\/tags?post=3880"}],"curies":[{"name":"wp","href":"https:\/\/api.w.org\/{rel}","templated":true}]}}