{"id":3852,"date":"2022-08-19T08:35:23","date_gmt":"2022-08-19T06:35:23","guid":{"rendered":"https:\/\/que-barato.es\/blog\/?p=3852"},"modified":"2022-08-19T08:37:55","modified_gmt":"2022-08-19T06:37:55","slug":"es-momento-de-renovar-tu-dormitorio","status":"publish","type":"post","link":"https:\/\/que-sofas.es\/blog\/es-momento-de-renovar-tu-dormitorio\/","title":{"rendered":"Es momento de renovar tu dormitorio"},"content":{"rendered":"<p><span style=\"font-weight: 400;\">Junto con el sal\u00f3n, el dormitorio, es la estancia de la casa en donde m\u00e1s horas pasamos, ya sea para dormir nuestras 8 horas recomendadas, alguna que otra siesta, o simplemente para relajarnos mientras disfrutamos de un buen libro.\u00a0 Es la habitaci\u00f3n m\u00e1s \u00edntima y personal de toda la casa, un ambiente para el descanso y el relax.<\/span><\/p>\n<p><span style=\"font-weight: 400;\">Seguro que en m\u00e1s de una ocasi\u00f3n has querido darle un toque nuevo a tu dormitorio. Renovar el mobiliario o cama, pintar las paredes, quitar ese cuadro que nunca te gust\u00f3, etc. Por ello, si est\u00e1s pensando en redecorarlo, est\u00e1s de suerte, porque en el art\u00edculo de hoy os vamos a contar cu\u00e1les son las \u00faltimas tendencias en decoraci\u00f3n de dormitorios.<\/span><\/p>\n<p><b>Dormitorio renovado<\/b><\/p>\n<p><span style=\"font-weight: 400;\">La tendencia en decoraci\u00f3n es el minimalismo, espacios limpios sin ruido visual, ni ambiente sobrecargado \u00bfSab\u00edas que seg\u00fan estudios un dormitorio recargado puede perjudicar tu descanso? pues s\u00ed, y no es de extra\u00f1ar que esto influya, ya que la cultura oriental nos lleva diciendo esto desde hace a\u00f1os. Seg\u00fan el Feng Shui, el dormitorio debe ser un espacio arm\u00f3nico, equilibrado y sereno, que nos aporte una energ\u00eda positiva.<\/span><\/p>\n<p><img decoding=\"async\" loading=\"lazy\" class=\"aligncenter wp-image-3854 size-full\" src=\"https:\/\/que-barato.es\/blog\/wp-content\/uploads\/2022\/08\/mature-man-with-digital-tablet-using-meditation-ap-2022-03-30-20-23-46-utc-scaled.jpeg\" alt=\"\" width=\"2560\" height=\"1228\" srcset=\"https:\/\/que-sofas.es\/blog\/wp-content\/uploads\/2022\/08\/mature-man-with-digital-tablet-using-meditation-ap-2022-03-30-20-23-46-utc-scaled.jpeg 2560w, https:\/\/que-sofas.es\/blog\/wp-content\/uploads\/2022\/08\/mature-man-with-digital-tablet-using-meditation-ap-2022-03-30-20-23-46-utc-scaled-300x144.jpeg 300w, https:\/\/que-sofas.es\/blog\/wp-content\/uploads\/2022\/08\/mature-man-with-digital-tablet-using-meditation-ap-2022-03-30-20-23-46-utc-scaled-1030x494.jpeg 1030w, https:\/\/que-sofas.es\/blog\/wp-content\/uploads\/2022\/08\/mature-man-with-digital-tablet-using-meditation-ap-2022-03-30-20-23-46-utc-768x368.jpeg 768w, https:\/\/que-sofas.es\/blog\/wp-content\/uploads\/2022\/08\/mature-man-with-digital-tablet-using-meditation-ap-2022-03-30-20-23-46-utc-1536x737.jpeg 1536w, https:\/\/que-sofas.es\/blog\/wp-content\/uploads\/2022\/08\/mature-man-with-digital-tablet-using-meditation-ap-2022-03-30-20-23-46-utc-2048x982.jpeg 2048w\" sizes=\"(max-width: 2560px) 100vw, 2560px\" \/><\/p>\n<p><span style=\"font-weight: 400;\">Teniendo este primer punto muy claro, vamos a contarte cu\u00e1les son las tendencias en decoraci\u00f3n de dormitorios:<\/span><\/p>\n<p><b>Materiales naturales: <\/b><span style=\"font-weight: 400;\">como la madera, el algod\u00f3n o lino son tendencia. Son elementos que nos acercan a la naturaleza, y su paleta de colores es suave y c\u00e1lida. Una cama vestida con lino o algod\u00f3n blanco aporta elegancia e invita al sue\u00f1o, y los materiales como la madera, aparte de robustez y durabilidad, aportar\u00e1n un toque de clase a la estancia.\u00a0<\/span><\/p>\n<p><b>El papel pintado:<\/b><span style=\"font-weight: 400;\"> es algo que a priori puede resultar algo del pasado, pero la cuesti\u00f3n, es que se ha vuelto a imponer en el mercado y hoy forma parte de algo indispensable en nuestros hogares para personalizar las paredes. En el caso del dormitorio, la tendencia es colocar papel pintado solo en la pared donde se encuentre la cama. Los dise\u00f1os buc\u00f3licos o tropicales est\u00e1n de rabiosa actualidad.<\/span><\/p>\n<p><img decoding=\"async\" loading=\"lazy\" class=\"aligncenter wp-image-3855 size-large\" src=\"https:\/\/que-barato.es\/blog\/wp-content\/uploads\/2022\/08\/stylish-bedroom-with-lovely-wallpaper-and-soft-bed-2022-01-04-05-57-46-utc-scaled-1030x397.jpeg\" alt=\"\" width=\"1030\" height=\"397\" srcset=\"https:\/\/que-sofas.es\/blog\/wp-content\/uploads\/2022\/08\/stylish-bedroom-with-lovely-wallpaper-and-soft-bed-2022-01-04-05-57-46-utc-scaled-1030x397.jpeg 1030w, https:\/\/que-sofas.es\/blog\/wp-content\/uploads\/2022\/08\/stylish-bedroom-with-lovely-wallpaper-and-soft-bed-2022-01-04-05-57-46-utc-scaled-300x116.jpeg 300w, https:\/\/que-sofas.es\/blog\/wp-content\/uploads\/2022\/08\/stylish-bedroom-with-lovely-wallpaper-and-soft-bed-2022-01-04-05-57-46-utc-768x296.jpeg 768w, https:\/\/que-sofas.es\/blog\/wp-content\/uploads\/2022\/08\/stylish-bedroom-with-lovely-wallpaper-and-soft-bed-2022-01-04-05-57-46-utc-1536x591.jpeg 1536w, https:\/\/que-sofas.es\/blog\/wp-content\/uploads\/2022\/08\/stylish-bedroom-with-lovely-wallpaper-and-soft-bed-2022-01-04-05-57-46-utc-2048x789.jpeg 2048w\" sizes=\"(max-width: 1030px) 100vw, 1030px\" \/><\/p>\n<p><b>Camas XL<\/b><span style=\"font-weight: 400;\">: el tama\u00f1o importa, y mucho si hablamos de descanso. La cama es el n\u00facleo principal de cualquier habitaci\u00f3n, el elemento clave que convierte autom\u00e1ticamente la estancia en dormitorio. En los \u00faltimos a\u00f1os, la tendencia ha sido camas con gran presencia y tama\u00f1o. En nuestro cat\u00e1logo de descanso, vas a encontrar colchones XL, con anchos de entre 150, hasta 200, clica aqu\u00ed para ver nuestro cat\u00e1logo: <\/span><a href=\"https:\/\/que-barato.es\/descanso\"><span style=\"font-weight: 400;\">https:\/\/que-barato.es\/descanso<\/span><\/a><\/p>\n<p><b>Cabeceros:<\/b><span style=\"font-weight: 400;\"> y si antes habl\u00e1bamos de camas XL, no pod\u00edamos olvidar un cabecero a la altura de la cama. Este elemento decorativo se ha vuelto tendencia estos a\u00f1os, ya que aportan un toque de distinci\u00f3n y contribuyen a dar gran protagonismo a la cama. Los cabeceros envolventes, tapizados, con tonos claros y acolchados son los protagonistas. Visita nuestra selecci\u00f3n de cabeceros que tenemos en nuestra web: <\/span><a href=\"https:\/\/que-barato.es\/cabeceros\"><span style=\"font-weight: 400;\">https:\/\/que-barato.es\/cabeceros<\/span><\/a><\/p>\n<p><b>Un escueto office<\/b><span style=\"font-weight: 400;\">: en nuestro dormitorio tambi\u00e9n se ha vuelto tendencia hoy en d\u00eda. Si bien es cierto que el dormitorio es un lugar para el descanso y el relax, cada vez es m\u00e1s habitual reservar un m\u00ednimo espacio para crear un rinc\u00f3n de trabajo o de consulta. Lo recomendable es crear un espacio peque\u00f1o con mobiliario que encaje con el resto del dormitorio, y con un equipo port\u00e1til (laptop o tablet), que no siempre tenga que estar ocupando un espacio en una estancia que debe ser para descansar, ya que seg\u00fan dice el Feng Shui, a la hora de dormir, debemos evitar no tener aparatos el\u00e9ctricos cerca.<\/span><\/p>\n<p><img decoding=\"async\" loading=\"lazy\" class=\"aligncenter wp-image-3856 size-full\" src=\"https:\/\/que-barato.es\/blog\/wp-content\/uploads\/2022\/08\/white-bedroom-interior-work-in-bedroom-2022-02-03-02-03-29-utc-scaled.jpeg\" alt=\"\" width=\"2560\" height=\"1134\" srcset=\"https:\/\/que-sofas.es\/blog\/wp-content\/uploads\/2022\/08\/white-bedroom-interior-work-in-bedroom-2022-02-03-02-03-29-utc-scaled.jpeg 2560w, https:\/\/que-sofas.es\/blog\/wp-content\/uploads\/2022\/08\/white-bedroom-interior-work-in-bedroom-2022-02-03-02-03-29-utc-scaled-300x133.jpeg 300w, https:\/\/que-sofas.es\/blog\/wp-content\/uploads\/2022\/08\/white-bedroom-interior-work-in-bedroom-2022-02-03-02-03-29-utc-scaled-1030x456.jpeg 1030w, https:\/\/que-sofas.es\/blog\/wp-content\/uploads\/2022\/08\/white-bedroom-interior-work-in-bedroom-2022-02-03-02-03-29-utc-768x340.jpeg 768w, https:\/\/que-sofas.es\/blog\/wp-content\/uploads\/2022\/08\/white-bedroom-interior-work-in-bedroom-2022-02-03-02-03-29-utc-1536x681.jpeg 1536w, https:\/\/que-sofas.es\/blog\/wp-content\/uploads\/2022\/08\/white-bedroom-interior-work-in-bedroom-2022-02-03-02-03-29-utc-2048x907.jpeg 2048w\" sizes=\"(max-width: 2560px) 100vw, 2560px\" \/><\/p>\n<p><span style=\"font-weight: 400;\">Esperamos que esta gu\u00eda de decoraci\u00f3n de dormitorios te haya inspirado para dar el paso a renovarlo.\u00a0<\/span><\/p>\n<p><span style=\"font-weight: 400;\">Encuentra tu tienda m\u00e1s cercana en nuestra web, y descubre todos los colchones, canap\u00e9s, somieres, cabeceros y sillas que tenemos para tu dormitorio. Disfruta de la mejor calidad y el mejor precio, sin tener que elegir entre una cosa u otra. Visita nuestra web: <\/span><a href=\"http:\/\/www.1ue-sofas.com\/\"><span style=\"font-weight: 400;\">www.que-sofas.com<\/span><\/a><span style=\"font-weight: 400;\">, ll\u00e1manos: Tlf \/ Whatsapp: 698 93 97 50, o m\u00e1ndanos un email a <\/span><span style=\"font-weight: 400;\">info@que-barato.es<\/span><span style=\"font-weight: 400;\">. Estaremos encantados de atenderte.<\/span><\/p>\n","protected":false},"excerpt":{"rendered":"<p>Junto con el sal\u00f3n, el dormitorio, es la estancia de la casa en donde m\u00e1s horas pasamos, ya sea para dormir nuestras 8 horas recomendadas, alguna que otra siesta, o simplemente para relajarnos mientras disfrutamos de un buen libro.\u00a0 Es la habitaci\u00f3n m\u00e1s \u00edntima y personal de toda la casa, un ambiente para el descanso [&hellip;]<\/p>\n","protected":false},"author":4,"featured_media":3853,"comment_status":"closed","ping_status":"closed","sticky":false,"template":"","format":"standard","meta":{"footnotes":""},"categories":[36,308,39],"tags":[],"yoast_head":"<!-- This site is optimized with the Yoast SEO plugin v21.2 - https:\/\/yoast.com\/wordpress\/plugins\/seo\/ -->\n<title>Es momento de renovar tu dormitorio | Qu\u00e9 Barato Blog<\/title>\n<meta name=\"description\" content=\"Es momento de renovar tu dormitorio. Descanso. Colchones. Sofas. Sevilla. C\u00e1diz. Huelva. Calidad y buen precio. Visutto.\" \/>\n<meta name=\"robots\" content=\"index, follow, max-snippet:-1, max-image-preview:large, max-video-preview:-1\" \/>\n<link rel=\"canonical\" href=\"https:\/\/que-sofas.es\/blog\/es-momento-de-renovar-tu-dormitorio\/\" \/>\n<meta property=\"og:locale\" content=\"es_ES\" \/>\n<meta property=\"og:type\" content=\"article\" \/>\n<meta property=\"og:title\" content=\"Es momento de renovar tu dormitorio | Qu\u00e9 Barato Blog\" \/>\n<meta property=\"og:description\" content=\"Es momento de renovar tu dormitorio. Descanso. Colchones. Sofas. Sevilla. C\u00e1diz. Huelva. Calidad y buen precio. Visutto.\" \/>\n<meta property=\"og:url\" content=\"https:\/\/que-sofas.es\/blog\/es-momento-de-renovar-tu-dormitorio\/\" \/>\n<meta property=\"og:site_name\" content=\"Que Sof\u00e1s Blog\" \/>\n<meta property=\"article:publisher\" content=\"https:\/\/www.facebook.com\/quesofasbarato\" \/>\n<meta property=\"article:published_time\" content=\"2022-08-19T06:35:23+00:00\" \/>\n<meta property=\"article:modified_time\" content=\"2022-08-19T06:37:55+00:00\" \/>\n<meta property=\"og:image\" content=\"https:\/\/que-sofas.es\/blog\/wp-content\/uploads\/2022\/08\/29-agosto-blog.jpeg\" \/>\n\t<meta property=\"og:image:width\" content=\"1200\" \/>\n\t<meta property=\"og:image:height\" content=\"628\" \/>\n\t<meta property=\"og:image:type\" content=\"image\/jpeg\" \/>\n<meta name=\"author\" content=\"Andrea\" \/>\n<meta name=\"twitter:card\" content=\"summary_large_image\" \/>\n<meta name=\"twitter:label1\" content=\"Escrito por\" \/>\n\t<meta name=\"twitter:data1\" content=\"Andrea\" \/>\n\t<meta name=\"twitter:label2\" content=\"Tiempo de lectura\" \/>\n\t<meta name=\"twitter:data2\" content=\"4 minutos\" \/>\n<script type=\"application\/ld+json\" class=\"yoast-schema-graph\">{\"@context\":\"https:\/\/schema.org\",\"@graph\":[{\"@type\":\"Article\",\"@id\":\"https:\/\/que-sofas.es\/blog\/es-momento-de-renovar-tu-dormitorio\/#article\",\"isPartOf\":{\"@id\":\"https:\/\/que-sofas.es\/blog\/es-momento-de-renovar-tu-dormitorio\/\"},\"author\":{\"name\":\"Andrea\",\"@id\":\"https:\/\/que-sofas.es\/blog\/#\/schema\/person\/80e21cb5ace8a092fca2cd819ea8d7d3\"},\"headline\":\"Es momento de renovar tu dormitorio\",\"datePublished\":\"2022-08-19T06:35:23+00:00\",\"dateModified\":\"2022-08-19T06:37:55+00:00\",\"mainEntityOfPage\":{\"@id\":\"https:\/\/que-sofas.es\/blog\/es-momento-de-renovar-tu-dormitorio\/\"},\"wordCount\":725,\"publisher\":{\"@id\":\"https:\/\/que-sofas.es\/blog\/#organization\"},\"articleSection\":[\"Descanso\",\"Dormitorios\",\"Ideas y consejos\"],\"inLanguage\":\"es\"},{\"@type\":\"WebPage\",\"@id\":\"https:\/\/que-sofas.es\/blog\/es-momento-de-renovar-tu-dormitorio\/\",\"url\":\"https:\/\/que-sofas.es\/blog\/es-momento-de-renovar-tu-dormitorio\/\",\"name\":\"Es momento de renovar tu dormitorio | Qu\u00e9 Barato Blog\",\"isPartOf\":{\"@id\":\"https:\/\/que-sofas.es\/blog\/#website\"},\"datePublished\":\"2022-08-19T06:35:23+00:00\",\"dateModified\":\"2022-08-19T06:37:55+00:00\",\"description\":\"Es momento de renovar tu dormitorio. Descanso. Colchones. Sofas. Sevilla. C\u00e1diz. Huelva. Calidad y buen precio. Visutto.\",\"breadcrumb\":{\"@id\":\"https:\/\/que-sofas.es\/blog\/es-momento-de-renovar-tu-dormitorio\/#breadcrumb\"},\"inLanguage\":\"es\",\"potentialAction\":[{\"@type\":\"ReadAction\",\"target\":[\"https:\/\/que-sofas.es\/blog\/es-momento-de-renovar-tu-dormitorio\/\"]}]},{\"@type\":\"BreadcrumbList\",\"@id\":\"https:\/\/que-sofas.es\/blog\/es-momento-de-renovar-tu-dormitorio\/#breadcrumb\",\"itemListElement\":[{\"@type\":\"ListItem\",\"position\":1,\"name\":\"Portada\",\"item\":\"https:\/\/que-sofas.es\/blog\/\"},{\"@type\":\"ListItem\",\"position\":2,\"name\":\"Es momento de renovar tu dormitorio\"}]},{\"@type\":\"WebSite\",\"@id\":\"https:\/\/que-sofas.es\/blog\/#website\",\"url\":\"https:\/\/que-sofas.es\/blog\/\",\"name\":\"Que Sof\u00e1s Blog\",\"description\":\"\u00a1El blog de Que Sof\u00e1s!\",\"publisher\":{\"@id\":\"https:\/\/que-sofas.es\/blog\/#organization\"},\"potentialAction\":[{\"@type\":\"SearchAction\",\"target\":{\"@type\":\"EntryPoint\",\"urlTemplate\":\"https:\/\/que-sofas.es\/blog\/?s={search_term_string}\"},\"query-input\":\"required name=search_term_string\"}],\"inLanguage\":\"es\"},{\"@type\":\"Organization\",\"@id\":\"https:\/\/que-sofas.es\/blog\/#organization\",\"name\":\"Que Sof\u00e1s\",\"url\":\"https:\/\/que-sofas.es\/blog\/\",\"logo\":{\"@type\":\"ImageObject\",\"inLanguage\":\"es\",\"@id\":\"https:\/\/que-sofas.es\/blog\/#\/schema\/logo\/image\/\",\"url\":\"https:\/\/que-sofas.es\/blog\/wp-content\/uploads\/2023\/08\/logo-que-sofas-200x40px-2.png\",\"contentUrl\":\"https:\/\/que-sofas.es\/blog\/wp-content\/uploads\/2023\/08\/logo-que-sofas-200x40px-2.png\",\"width\":171,\"height\":39,\"caption\":\"Que Sof\u00e1s\"},\"image\":{\"@id\":\"https:\/\/que-sofas.es\/blog\/#\/schema\/logo\/image\/\"},\"sameAs\":[\"https:\/\/www.facebook.com\/quesofasbarato\",\"https:\/\/www.instagram.com\/que_sofas\/\"]},{\"@type\":\"Person\",\"@id\":\"https:\/\/que-sofas.es\/blog\/#\/schema\/person\/80e21cb5ace8a092fca2cd819ea8d7d3\",\"name\":\"Andrea\",\"image\":{\"@type\":\"ImageObject\",\"inLanguage\":\"es\",\"@id\":\"https:\/\/que-sofas.es\/blog\/#\/schema\/person\/image\/\",\"url\":\"https:\/\/secure.gravatar.com\/avatar\/2bb85a758c069c3dd890f95deec28e8a?s=96&d=mm&r=g\",\"contentUrl\":\"https:\/\/secure.gravatar.com\/avatar\/2bb85a758c069c3dd890f95deec28e8a?s=96&d=mm&r=g\",\"caption\":\"Andrea\"}}]}<\/script>\n<!-- \/ Yoast SEO plugin. -->","yoast_head_json":{"title":"Es momento de renovar tu dormitorio | Qu\u00e9 Barato Blog","description":"Es momento de renovar tu dormitorio. Descanso. Colchones. Sofas. Sevilla. C\u00e1diz. Huelva. Calidad y buen precio. Visutto.","robots":{"index":"index","follow":"follow","max-snippet":"max-snippet:-1","max-image-preview":"max-image-preview:large","max-video-preview":"max-video-preview:-1"},"canonical":"https:\/\/que-sofas.es\/blog\/es-momento-de-renovar-tu-dormitorio\/","og_locale":"es_ES","og_type":"article","og_title":"Es momento de renovar tu dormitorio | Qu\u00e9 Barato Blog","og_description":"Es momento de renovar tu dormitorio. Descanso. Colchones. Sofas. Sevilla. C\u00e1diz. Huelva. Calidad y buen precio. Visutto.","og_url":"https:\/\/que-sofas.es\/blog\/es-momento-de-renovar-tu-dormitorio\/","og_site_name":"Que Sof\u00e1s Blog","article_publisher":"https:\/\/www.facebook.com\/quesofasbarato","article_published_time":"2022-08-19T06:35:23+00:00","article_modified_time":"2022-08-19T06:37:55+00:00","og_image":[{"width":1200,"height":628,"url":"https:\/\/que-sofas.es\/blog\/wp-content\/uploads\/2022\/08\/29-agosto-blog.jpeg","type":"image\/jpeg"}],"author":"Andrea","twitter_card":"summary_large_image","twitter_misc":{"Escrito por":"Andrea","Tiempo de lectura":"4 minutos"},"schema":{"@context":"https:\/\/schema.org","@graph":[{"@type":"Article","@id":"https:\/\/que-sofas.es\/blog\/es-momento-de-renovar-tu-dormitorio\/#article","isPartOf":{"@id":"https:\/\/que-sofas.es\/blog\/es-momento-de-renovar-tu-dormitorio\/"},"author":{"name":"Andrea","@id":"https:\/\/que-sofas.es\/blog\/#\/schema\/person\/80e21cb5ace8a092fca2cd819ea8d7d3"},"headline":"Es momento de renovar tu dormitorio","datePublished":"2022-08-19T06:35:23+00:00","dateModified":"2022-08-19T06:37:55+00:00","mainEntityOfPage":{"@id":"https:\/\/que-sofas.es\/blog\/es-momento-de-renovar-tu-dormitorio\/"},"wordCount":725,"publisher":{"@id":"https:\/\/que-sofas.es\/blog\/#organization"},"articleSection":["Descanso","Dormitorios","Ideas y consejos"],"inLanguage":"es"},{"@type":"WebPage","@id":"https:\/\/que-sofas.es\/blog\/es-momento-de-renovar-tu-dormitorio\/","url":"https:\/\/que-sofas.es\/blog\/es-momento-de-renovar-tu-dormitorio\/","name":"Es momento de renovar tu dormitorio | Qu\u00e9 Barato Blog","isPartOf":{"@id":"https:\/\/que-sofas.es\/blog\/#website"},"datePublished":"2022-08-19T06:35:23+00:00","dateModified":"2022-08-19T06:37:55+00:00","description":"Es momento de renovar tu dormitorio. Descanso. Colchones. Sofas. Sevilla. C\u00e1diz. Huelva. Calidad y buen precio. Visutto.","breadcrumb":{"@id":"https:\/\/que-sofas.es\/blog\/es-momento-de-renovar-tu-dormitorio\/#breadcrumb"},"inLanguage":"es","potentialAction":[{"@type":"ReadAction","target":["https:\/\/que-sofas.es\/blog\/es-momento-de-renovar-tu-dormitorio\/"]}]},{"@type":"BreadcrumbList","@id":"https:\/\/que-sofas.es\/blog\/es-momento-de-renovar-tu-dormitorio\/#breadcrumb","itemListElement":[{"@type":"ListItem","position":1,"name":"Portada","item":"https:\/\/que-sofas.es\/blog\/"},{"@type":"ListItem","position":2,"name":"Es momento de renovar tu dormitorio"}]},{"@type":"WebSite","@id":"https:\/\/que-sofas.es\/blog\/#website","url":"https:\/\/que-sofas.es\/blog\/","name":"Que Sof\u00e1s Blog","description":"\u00a1El blog de Que Sof\u00e1s!","publisher":{"@id":"https:\/\/que-sofas.es\/blog\/#organization"},"potentialAction":[{"@type":"SearchAction","target":{"@type":"EntryPoint","urlTemplate":"https:\/\/que-sofas.es\/blog\/?s={search_term_string}"},"query-input":"required name=search_term_string"}],"inLanguage":"es"},{"@type":"Organization","@id":"https:\/\/que-sofas.es\/blog\/#organization","name":"Que Sof\u00e1s","url":"https:\/\/que-sofas.es\/blog\/","logo":{"@type":"ImageObject","inLanguage":"es","@id":"https:\/\/que-sofas.es\/blog\/#\/schema\/logo\/image\/","url":"https:\/\/que-sofas.es\/blog\/wp-content\/uploads\/2023\/08\/logo-que-sofas-200x40px-2.png","contentUrl":"https:\/\/que-sofas.es\/blog\/wp-content\/uploads\/2023\/08\/logo-que-sofas-200x40px-2.png","width":171,"height":39,"caption":"Que Sof\u00e1s"},"image":{"@id":"https:\/\/que-sofas.es\/blog\/#\/schema\/logo\/image\/"},"sameAs":["https:\/\/www.facebook.com\/quesofasbarato","https:\/\/www.instagram.com\/que_sofas\/"]},{"@type":"Person","@id":"https:\/\/que-sofas.es\/blog\/#\/schema\/person\/80e21cb5ace8a092fca2cd819ea8d7d3","name":"Andrea","image":{"@type":"ImageObject","inLanguage":"es","@id":"https:\/\/que-sofas.es\/blog\/#\/schema\/person\/image\/","url":"https:\/\/secure.gravatar.com\/avatar\/2bb85a758c069c3dd890f95deec28e8a?s=96&d=mm&r=g","contentUrl":"https:\/\/secure.gravatar.com\/avatar\/2bb85a758c069c3dd890f95deec28e8a?s=96&d=mm&r=g","caption":"Andrea"}}]}},"_links":{"self":[{"href":"https:\/\/que-sofas.es\/blog\/wp-json\/wp\/v2\/posts\/3852"}],"collection":[{"href":"https:\/\/que-sofas.es\/blog\/wp-json\/wp\/v2\/posts"}],"about":[{"href":"https:\/\/que-sofas.es\/blog\/wp-json\/wp\/v2\/types\/post"}],"author":[{"embeddable":true,"href":"https:\/\/que-sofas.es\/blog\/wp-json\/wp\/v2\/users\/4"}],"replies":[{"embeddable":true,"href":"https:\/\/que-sofas.es\/blog\/wp-json\/wp\/v2\/comments?post=3852"}],"version-history":[{"count":2,"href":"https:\/\/que-sofas.es\/blog\/wp-json\/wp\/v2\/posts\/3852\/revisions"}],"predecessor-version":[{"id":3858,"href":"https:\/\/que-sofas.es\/blog\/wp-json\/wp\/v2\/posts\/3852\/revisions\/3858"}],"wp:featuredmedia":[{"embeddable":true,"href":"https:\/\/que-sofas.es\/blog\/wp-json\/wp\/v2\/media\/3853"}],"wp:attachment":[{"href":"https:\/\/que-sofas.es\/blog\/wp-json\/wp\/v2\/media?parent=3852"}],"wp:term":[{"taxonomy":"category","embeddable":true,"href":"https:\/\/que-sofas.es\/blog\/wp-json\/wp\/v2\/categories?post=3852"},{"taxonomy":"post_tag","embeddable":true,"href":"https:\/\/que-sofas.es\/blog\/wp-json\/wp\/v2\/tags?post=3852"}],"curies":[{"name":"wp","href":"https:\/\/api.w.org\/{rel}","templated":true}]}}