{"id":3824,"date":"2022-07-08T13:48:09","date_gmt":"2022-07-08T11:48:09","guid":{"rendered":"https:\/\/que-barato.es\/blog\/?p=3824"},"modified":"2022-07-08T13:58:08","modified_gmt":"2022-07-08T11:58:08","slug":"sofa-rinconero-o-chaiselonge","status":"publish","type":"post","link":"https:\/\/que-sofas.es\/blog\/sofa-rinconero-o-chaiselonge\/","title":{"rendered":"\u00bfSof\u00e1 rinconero o Chaiselonge?\u00bfQu\u00e9 elegir?"},"content":{"rendered":"<p><span style=\"font-weight: 400;\">Si est\u00e1s pensando en cambiar de sof\u00e1 o te mudas a vivir a una casa nueva, seguramente te habr\u00e1s hecho esta pregunta: \u00bfQu\u00e9 le conviene m\u00e1s al sal\u00f3n de mi casa? \u00bfUn sof\u00e1 rinconero o una chaiselonge? Una pregunta interesante, y que requiere desde luego un art\u00edculo en exclusiva en nuestro blog.<\/span><\/p>\n<p><span style=\"font-weight: 400;\">El sof\u00e1 del sal\u00f3n de nuestra casa es un lugar \u00fanico y bastante importante, ya que junto con la cama, es el lugar en donde pasamos m\u00e1s horas del d\u00eda, por ello elegir bien entre un tipo de sof\u00e1 u otro es una pregunta que no debe ser tomada a la ligera, pero antes de entrar en materia conviene saber que son cada tipo y cu\u00e1les son sus caracter\u00edsticas principales.<\/span><\/p>\n<p><b>Sof\u00e1 rinconero<\/b><\/p>\n<p><span style=\"font-weight: 400;\">Es un tipo de sof\u00e1 pensado para cubrir el \u00e1ngulo de un espacio al situarse en una de sus esquinas, de ah\u00ed su nombre tan caracter\u00edstico \u201crinconero\u201d. Este tipo de sof\u00e1 cubre muy bien el espacio disponible, no deja puntos muertos en la estancia, y suele ofrecer m\u00e1s plazas que un sof\u00e1 convencional, lo que lo hace id\u00f3neo para familias.<\/span><\/p>\n<p><b>Sof\u00e1 rinconero \u00bfpor qu\u00e9 elegirlo?<\/b><\/p>\n<p><span style=\"font-weight: 400;\">Como mencionamos en el \u00faltimo p\u00e1rrafo, es un sof\u00e1 perfecto para una familia de varios miembros, ya que cubre un gran n\u00famero de plazas. Pero tambi\u00e9n este tipo de sof\u00e1, est\u00e1 pensado para salones largos y estrechos, en los que un sof\u00e1 triplaza por ejemplo se quedar\u00eda corto.\u00a0 <\/span><span style=\"font-weight: 400;\">El sof\u00e1 rinconero re\u00fane todas las plazas de asiento en una sola pieza y por ello el sal\u00f3n se ve visualmente m\u00e1s ordenado y recogido que uno con dos sof\u00e1s en \u201cL\u201d.<\/span><\/p>\n<p><span style=\"font-weight: 400;\">En Visutto disponemos de varios modelos de sof\u00e1s esquineros con m\u00f3dulos est\u00e1ndar a modo de cubos de diferentes medidas y posiciones, para que puedas elegir si deseas el frente en la izquierda o la derecha. Nuestros modelos incluyen asientos deslizantes y cabezales reclinables con varios colores de tapizados a elegir, como nuestro modelo Rinconera PRIME: <\/span><a href=\"https:\/\/que-barato.es\/sofas-rinconera\/rinconera-prime-#\/123-medidas-ancho_285_cm\/197-tela-cemento_prime\"><span style=\"font-weight: 400;\">https:\/\/que-barato.es\/sofas-rinconera\/rinconera-prime-#\/123-medidas-ancho_285_cm\/197-tela-cemento_prime<\/span><\/a><\/p>\n<p><img decoding=\"async\" loading=\"lazy\" class=\"aligncenter wp-image-3825 size-full\" src=\"https:\/\/que-barato.es\/blog\/wp-content\/uploads\/2022\/07\/rinconera-prime-.jpg\" alt=\"\" width=\"955\" height=\"397\" srcset=\"https:\/\/que-sofas.es\/blog\/wp-content\/uploads\/2022\/07\/rinconera-prime-.jpg 955w, https:\/\/que-sofas.es\/blog\/wp-content\/uploads\/2022\/07\/rinconera-prime--300x125.jpg 300w, https:\/\/que-sofas.es\/blog\/wp-content\/uploads\/2022\/07\/rinconera-prime--768x319.jpg 768w\" sizes=\"(max-width: 955px) 100vw, 955px\" \/><\/p>\n<p><span style=\"font-weight: 400;\">Este modelo tiene diferentes tejidos antimanchas, en color: cemento, perla y vis\u00f3n prime, permite graduar los asientos y respaldos de forma independiente e incluye 2 cojines decorativos.<\/span><\/p>\n<p><b>Sofas Chaiselongue<\/b><\/p>\n<p><span style=\"font-weight: 400;\">Es el tipo de sof\u00e1 m\u00e1s vendido en los \u00faltimos a\u00f1os y consiste en un sof\u00e1 con distribuci\u00f3n en \u201cL\u201d, que aparte de incorporar las plazas convencionales para sentarse, una de ellas tiene un car\u00e1cter especial, ya que se prolonga para que nos podamos tumbar, a modo de cama improvisada.<\/span><\/p>\n<p><span style=\"font-weight: 400;\">Este sof\u00e1 se diferencia del esquinero, en que el m\u00f3dulo tipo cama no posee respaldo sino un brazo que se extiende hasta la mitad.<\/span><\/p>\n<p><b>Sof\u00e1 Chaiselongue \u00bfpor qu\u00e9 elegirlo?<\/b><\/p>\n<p><span style=\"font-weight: 400;\">Es ideal tanto si vives solo o con muchos miembros en casa, y responde a un tipo de actividad m\u00e1s relajada en el hogar, ya que la parte que se extiende permite relajarte estirando todo tu cuerpo, lo que lo convierte en la soluci\u00f3n ideal para descansar, ver c\u00f3modamente una pel\u00edcula tumbado o para dormir una siesta. Adem\u00e1s, <\/span><span style=\"font-weight: 400;\">el sof\u00e1 chaiselongue se adapta mejor al espacio que el rinconero, que necesita s\u00ed o s\u00ed una pared de \u00e1ngulo recto para encajar.<\/span><\/p>\n<p><span style=\"font-weight: 400;\">En Vissuto podr\u00e1s encontrar infinidad de modelos de todos los tama\u00f1os , tipos y colores, como nuestro sof\u00e1 Chaiselongue CUORE: <a href=\"https:\/\/que-barato.es\/chaiselongue-baratos\/sofa-chaiselongue-cuore-#\/96-frente_del_chaiselongue-izquierdo\/204-tela-watter_green_cuore\">https:\/\/que-barato.es\/chaiselongue-baratos\/sofa-chaiselongue-cuore-#\/96-frente_del_chaiselongue-izquierdo\/204-tela-watter_green_cuore\u00a0<\/a><\/span><\/p>\n<p><span style=\"font-weight: 400;\">En tela vainilla, piedra y cemento magia, con arc\u00f3n abatible incorporado en la parte del chaiselongue y asientos deslizables con cabezales reclinables.<\/span><\/p>\n<p><img decoding=\"async\" loading=\"lazy\" class=\"aligncenter wp-image-3826 size-full\" src=\"https:\/\/que-barato.es\/blog\/wp-content\/uploads\/2022\/07\/sofa-chaiselongue-cuore-.jpg\" alt=\"\" width=\"936\" height=\"402\" srcset=\"https:\/\/que-sofas.es\/blog\/wp-content\/uploads\/2022\/07\/sofa-chaiselongue-cuore-.jpg 936w, https:\/\/que-sofas.es\/blog\/wp-content\/uploads\/2022\/07\/sofa-chaiselongue-cuore--300x129.jpg 300w, https:\/\/que-sofas.es\/blog\/wp-content\/uploads\/2022\/07\/sofa-chaiselongue-cuore--768x330.jpg 768w\" sizes=\"(max-width: 936px) 100vw, 936px\" \/><span style=\"font-weight: 400;\">O nuestro moderno y exclusivo modelo Galaxy y su sofisticado color blanco nata con sistema motor relax, cabezales multipunto y puerto de carga USB.<\/span><\/p>\n<p><img decoding=\"async\" loading=\"lazy\" class=\"aligncenter wp-image-3818 size-large\" src=\"https:\/\/que-barato.es\/blog\/wp-content\/uploads\/2022\/07\/galaxy-1-1030x388.jpg\" alt=\"\" width=\"1030\" height=\"388\" srcset=\"https:\/\/que-sofas.es\/blog\/wp-content\/uploads\/2022\/07\/galaxy-1-1030x388.jpg 1030w, https:\/\/que-sofas.es\/blog\/wp-content\/uploads\/2022\/07\/galaxy-1-300x113.jpg 300w, https:\/\/que-sofas.es\/blog\/wp-content\/uploads\/2022\/07\/galaxy-1-768x289.jpg 768w, https:\/\/que-sofas.es\/blog\/wp-content\/uploads\/2022\/07\/galaxy-1.jpg 1164w\" sizes=\"(max-width: 1030px) 100vw, 1030px\" \/><\/p>\n<p><span style=\"font-weight: 400;\">Por cierto, todos nuestros modelos disponen de la opci\u00f3n de situar el chaiselongue tanto a la izquierda como a la derecha, seg\u00fan gusto y distribuci\u00f3n de tu sal\u00f3n.<\/span><\/p>\n<p><span style=\"font-weight: 400;\">Tanto si eliges sof\u00e1 esquinero como chaiselongue, en Visutto encontrar\u00e1s el modelo que mejor se adapta a tus necesidades, estilo de vida y estancia, ahm!! y te lo entregamos en un plazo de 24 o 48hrs, transporte y montaje gratis. Tambi\u00e9n puedes pagarlo hasta en 24 meses sin intereses. En Visutto todo son ventajas, precio y calidad.\u00a0<\/span><\/p>\n<p><span style=\"font-weight: 400;\">Encuentra tu tienda m\u00e1s cercana en nuestra web, y descubre todos los sof\u00e1s y chaiselongue que tenemos en nuestra tienda, si\u00e9ntate en ellos todas las veces que haga falta y d\u00e9jate asesorar por nuestro experto personal en tienda.\u00a0<\/span><\/p>\n<p><span style=\"font-weight: 400;\">Visita nuestra web: <\/span><a href=\"http:\/\/www.1ue-sofas.com\/\"><span style=\"font-weight: 400;\">www.que-sofas.com<\/span><\/a><span style=\"font-weight: 400;\">, ll\u00e1manos: Tlf \/ Whatsapp: 698 93 97 50, o m\u00e1ndanos un email a <\/span><span style=\"font-weight: 400;\">info@que-barato.es<\/span><span style=\"font-weight: 400;\">. Estaremos encantados de atenderte.<\/span><\/p>\n","protected":false},"excerpt":{"rendered":"<p>Si est\u00e1s pensando en cambiar de sof\u00e1 o te mudas a vivir a una casa nueva, seguramente te habr\u00e1s hecho esta pregunta: \u00bfQu\u00e9 le conviene m\u00e1s al sal\u00f3n de mi casa? \u00bfUn sof\u00e1 rinconero o una chaiselonge? Una pregunta interesante, y que requiere desde luego un art\u00edculo en exclusiva en nuestro blog. El sof\u00e1 del [&hellip;]<\/p>\n","protected":false},"author":4,"featured_media":3828,"comment_status":"closed","ping_status":"closed","sticky":false,"template":"","format":"standard","meta":{"footnotes":""},"categories":[41],"tags":[],"yoast_head":"<!-- This site is optimized with the Yoast SEO plugin v21.2 - https:\/\/yoast.com\/wordpress\/plugins\/seo\/ -->\n<title>\u00bfSof\u00e1 rinconero o Chaiselonge?\u00bfQu\u00e9 elegir? | Qu\u00e9 Barato Blog<\/title>\n<meta name=\"description\" content=\"\u00bfSof\u00e1 rinconero o Chaiselonge? Consejo Visutto. Tienda de sofas, descanso y muebles. Huelva, C\u00e1diz y Sevilla.\" \/>\n<meta name=\"robots\" content=\"index, follow, max-snippet:-1, max-image-preview:large, max-video-preview:-1\" \/>\n<link rel=\"canonical\" href=\"https:\/\/que-sofas.es\/blog\/sofa-rinconero-o-chaiselonge\/\" \/>\n<meta property=\"og:locale\" content=\"es_ES\" \/>\n<meta property=\"og:type\" content=\"article\" \/>\n<meta property=\"og:title\" content=\"\u00bfSof\u00e1 rinconero o Chaiselonge?\u00bfQu\u00e9 elegir? | Qu\u00e9 Barato Blog\" \/>\n<meta property=\"og:description\" content=\"\u00bfSof\u00e1 rinconero o Chaiselonge? Consejo Visutto. Tienda de sofas, descanso y muebles. Huelva, C\u00e1diz y Sevilla.\" \/>\n<meta property=\"og:url\" content=\"https:\/\/que-sofas.es\/blog\/sofa-rinconero-o-chaiselonge\/\" \/>\n<meta property=\"og:site_name\" content=\"Que Sof\u00e1s Blog\" \/>\n<meta property=\"article:publisher\" content=\"https:\/\/www.facebook.com\/quesofasbarato\" \/>\n<meta property=\"article:published_time\" content=\"2022-07-08T11:48:09+00:00\" \/>\n<meta property=\"article:modified_time\" content=\"2022-07-08T11:58:08+00:00\" \/>\n<meta property=\"og:image\" content=\"https:\/\/que-sofas.es\/blog\/wp-content\/uploads\/2022\/07\/26-julio-blog.jpeg\" \/>\n\t<meta property=\"og:image:width\" content=\"1200\" \/>\n\t<meta property=\"og:image:height\" content=\"628\" \/>\n\t<meta property=\"og:image:type\" content=\"image\/jpeg\" \/>\n<meta name=\"author\" content=\"Andrea\" \/>\n<meta name=\"twitter:card\" content=\"summary_large_image\" \/>\n<meta name=\"twitter:label1\" content=\"Escrito por\" \/>\n\t<meta name=\"twitter:data1\" content=\"Andrea\" \/>\n\t<meta name=\"twitter:label2\" content=\"Tiempo de lectura\" \/>\n\t<meta name=\"twitter:data2\" content=\"4 minutos\" \/>\n<script type=\"application\/ld+json\" class=\"yoast-schema-graph\">{\"@context\":\"https:\/\/schema.org\",\"@graph\":[{\"@type\":\"Article\",\"@id\":\"https:\/\/que-sofas.es\/blog\/sofa-rinconero-o-chaiselonge\/#article\",\"isPartOf\":{\"@id\":\"https:\/\/que-sofas.es\/blog\/sofa-rinconero-o-chaiselonge\/\"},\"author\":{\"name\":\"Andrea\",\"@id\":\"https:\/\/que-sofas.es\/blog\/#\/schema\/person\/80e21cb5ace8a092fca2cd819ea8d7d3\"},\"headline\":\"\u00bfSof\u00e1 rinconero o Chaiselonge?\u00bfQu\u00e9 elegir?\",\"datePublished\":\"2022-07-08T11:48:09+00:00\",\"dateModified\":\"2022-07-08T11:58:08+00:00\",\"mainEntityOfPage\":{\"@id\":\"https:\/\/que-sofas.es\/blog\/sofa-rinconero-o-chaiselonge\/\"},\"wordCount\":795,\"publisher\":{\"@id\":\"https:\/\/que-sofas.es\/blog\/#organization\"},\"articleSection\":[\"Sof\u00e1s y sillones\"],\"inLanguage\":\"es\"},{\"@type\":\"WebPage\",\"@id\":\"https:\/\/que-sofas.es\/blog\/sofa-rinconero-o-chaiselonge\/\",\"url\":\"https:\/\/que-sofas.es\/blog\/sofa-rinconero-o-chaiselonge\/\",\"name\":\"\u00bfSof\u00e1 rinconero o Chaiselonge?\u00bfQu\u00e9 elegir? | Qu\u00e9 Barato Blog\",\"isPartOf\":{\"@id\":\"https:\/\/que-sofas.es\/blog\/#website\"},\"datePublished\":\"2022-07-08T11:48:09+00:00\",\"dateModified\":\"2022-07-08T11:58:08+00:00\",\"description\":\"\u00bfSof\u00e1 rinconero o Chaiselonge? Consejo Visutto. Tienda de sofas, descanso y muebles. Huelva, C\u00e1diz y Sevilla.\",\"breadcrumb\":{\"@id\":\"https:\/\/que-sofas.es\/blog\/sofa-rinconero-o-chaiselonge\/#breadcrumb\"},\"inLanguage\":\"es\",\"potentialAction\":[{\"@type\":\"ReadAction\",\"target\":[\"https:\/\/que-sofas.es\/blog\/sofa-rinconero-o-chaiselonge\/\"]}]},{\"@type\":\"BreadcrumbList\",\"@id\":\"https:\/\/que-sofas.es\/blog\/sofa-rinconero-o-chaiselonge\/#breadcrumb\",\"itemListElement\":[{\"@type\":\"ListItem\",\"position\":1,\"name\":\"Portada\",\"item\":\"https:\/\/que-sofas.es\/blog\/\"},{\"@type\":\"ListItem\",\"position\":2,\"name\":\"\u00bfSof\u00e1 rinconero o Chaiselonge?\u00bfQu\u00e9 elegir?\"}]},{\"@type\":\"WebSite\",\"@id\":\"https:\/\/que-sofas.es\/blog\/#website\",\"url\":\"https:\/\/que-sofas.es\/blog\/\",\"name\":\"Que Sof\u00e1s Blog\",\"description\":\"\u00a1El blog de Que Sof\u00e1s!\",\"publisher\":{\"@id\":\"https:\/\/que-sofas.es\/blog\/#organization\"},\"potentialAction\":[{\"@type\":\"SearchAction\",\"target\":{\"@type\":\"EntryPoint\",\"urlTemplate\":\"https:\/\/que-sofas.es\/blog\/?s={search_term_string}\"},\"query-input\":\"required name=search_term_string\"}],\"inLanguage\":\"es\"},{\"@type\":\"Organization\",\"@id\":\"https:\/\/que-sofas.es\/blog\/#organization\",\"name\":\"Que Sof\u00e1s\",\"url\":\"https:\/\/que-sofas.es\/blog\/\",\"logo\":{\"@type\":\"ImageObject\",\"inLanguage\":\"es\",\"@id\":\"https:\/\/que-sofas.es\/blog\/#\/schema\/logo\/image\/\",\"url\":\"https:\/\/que-sofas.es\/blog\/wp-content\/uploads\/2023\/08\/logo-que-sofas-200x40px-2.png\",\"contentUrl\":\"https:\/\/que-sofas.es\/blog\/wp-content\/uploads\/2023\/08\/logo-que-sofas-200x40px-2.png\",\"width\":171,\"height\":39,\"caption\":\"Que Sof\u00e1s\"},\"image\":{\"@id\":\"https:\/\/que-sofas.es\/blog\/#\/schema\/logo\/image\/\"},\"sameAs\":[\"https:\/\/www.facebook.com\/quesofasbarato\",\"https:\/\/www.instagram.com\/que_sofas\/\"]},{\"@type\":\"Person\",\"@id\":\"https:\/\/que-sofas.es\/blog\/#\/schema\/person\/80e21cb5ace8a092fca2cd819ea8d7d3\",\"name\":\"Andrea\",\"image\":{\"@type\":\"ImageObject\",\"inLanguage\":\"es\",\"@id\":\"https:\/\/que-sofas.es\/blog\/#\/schema\/person\/image\/\",\"url\":\"https:\/\/secure.gravatar.com\/avatar\/2bb85a758c069c3dd890f95deec28e8a?s=96&d=mm&r=g\",\"contentUrl\":\"https:\/\/secure.gravatar.com\/avatar\/2bb85a758c069c3dd890f95deec28e8a?s=96&d=mm&r=g\",\"caption\":\"Andrea\"}}]}<\/script>\n<!-- \/ Yoast SEO plugin. -->","yoast_head_json":{"title":"\u00bfSof\u00e1 rinconero o Chaiselonge?\u00bfQu\u00e9 elegir? | Qu\u00e9 Barato Blog","description":"\u00bfSof\u00e1 rinconero o Chaiselonge? Consejo Visutto. Tienda de sofas, descanso y muebles. Huelva, C\u00e1diz y Sevilla.","robots":{"index":"index","follow":"follow","max-snippet":"max-snippet:-1","max-image-preview":"max-image-preview:large","max-video-preview":"max-video-preview:-1"},"canonical":"https:\/\/que-sofas.es\/blog\/sofa-rinconero-o-chaiselonge\/","og_locale":"es_ES","og_type":"article","og_title":"\u00bfSof\u00e1 rinconero o Chaiselonge?\u00bfQu\u00e9 elegir? | Qu\u00e9 Barato Blog","og_description":"\u00bfSof\u00e1 rinconero o Chaiselonge? Consejo Visutto. Tienda de sofas, descanso y muebles. Huelva, C\u00e1diz y Sevilla.","og_url":"https:\/\/que-sofas.es\/blog\/sofa-rinconero-o-chaiselonge\/","og_site_name":"Que Sof\u00e1s Blog","article_publisher":"https:\/\/www.facebook.com\/quesofasbarato","article_published_time":"2022-07-08T11:48:09+00:00","article_modified_time":"2022-07-08T11:58:08+00:00","og_image":[{"width":1200,"height":628,"url":"https:\/\/que-sofas.es\/blog\/wp-content\/uploads\/2022\/07\/26-julio-blog.jpeg","type":"image\/jpeg"}],"author":"Andrea","twitter_card":"summary_large_image","twitter_misc":{"Escrito por":"Andrea","Tiempo de lectura":"4 minutos"},"schema":{"@context":"https:\/\/schema.org","@graph":[{"@type":"Article","@id":"https:\/\/que-sofas.es\/blog\/sofa-rinconero-o-chaiselonge\/#article","isPartOf":{"@id":"https:\/\/que-sofas.es\/blog\/sofa-rinconero-o-chaiselonge\/"},"author":{"name":"Andrea","@id":"https:\/\/que-sofas.es\/blog\/#\/schema\/person\/80e21cb5ace8a092fca2cd819ea8d7d3"},"headline":"\u00bfSof\u00e1 rinconero o Chaiselonge?\u00bfQu\u00e9 elegir?","datePublished":"2022-07-08T11:48:09+00:00","dateModified":"2022-07-08T11:58:08+00:00","mainEntityOfPage":{"@id":"https:\/\/que-sofas.es\/blog\/sofa-rinconero-o-chaiselonge\/"},"wordCount":795,"publisher":{"@id":"https:\/\/que-sofas.es\/blog\/#organization"},"articleSection":["Sof\u00e1s y sillones"],"inLanguage":"es"},{"@type":"WebPage","@id":"https:\/\/que-sofas.es\/blog\/sofa-rinconero-o-chaiselonge\/","url":"https:\/\/que-sofas.es\/blog\/sofa-rinconero-o-chaiselonge\/","name":"\u00bfSof\u00e1 rinconero o Chaiselonge?\u00bfQu\u00e9 elegir? | Qu\u00e9 Barato Blog","isPartOf":{"@id":"https:\/\/que-sofas.es\/blog\/#website"},"datePublished":"2022-07-08T11:48:09+00:00","dateModified":"2022-07-08T11:58:08+00:00","description":"\u00bfSof\u00e1 rinconero o Chaiselonge? Consejo Visutto. Tienda de sofas, descanso y muebles. Huelva, C\u00e1diz y Sevilla.","breadcrumb":{"@id":"https:\/\/que-sofas.es\/blog\/sofa-rinconero-o-chaiselonge\/#breadcrumb"},"inLanguage":"es","potentialAction":[{"@type":"ReadAction","target":["https:\/\/que-sofas.es\/blog\/sofa-rinconero-o-chaiselonge\/"]}]},{"@type":"BreadcrumbList","@id":"https:\/\/que-sofas.es\/blog\/sofa-rinconero-o-chaiselonge\/#breadcrumb","itemListElement":[{"@type":"ListItem","position":1,"name":"Portada","item":"https:\/\/que-sofas.es\/blog\/"},{"@type":"ListItem","position":2,"name":"\u00bfSof\u00e1 rinconero o Chaiselonge?\u00bfQu\u00e9 elegir?"}]},{"@type":"WebSite","@id":"https:\/\/que-sofas.es\/blog\/#website","url":"https:\/\/que-sofas.es\/blog\/","name":"Que Sof\u00e1s Blog","description":"\u00a1El blog de Que Sof\u00e1s!","publisher":{"@id":"https:\/\/que-sofas.es\/blog\/#organization"},"potentialAction":[{"@type":"SearchAction","target":{"@type":"EntryPoint","urlTemplate":"https:\/\/que-sofas.es\/blog\/?s={search_term_string}"},"query-input":"required name=search_term_string"}],"inLanguage":"es"},{"@type":"Organization","@id":"https:\/\/que-sofas.es\/blog\/#organization","name":"Que Sof\u00e1s","url":"https:\/\/que-sofas.es\/blog\/","logo":{"@type":"ImageObject","inLanguage":"es","@id":"https:\/\/que-sofas.es\/blog\/#\/schema\/logo\/image\/","url":"https:\/\/que-sofas.es\/blog\/wp-content\/uploads\/2023\/08\/logo-que-sofas-200x40px-2.png","contentUrl":"https:\/\/que-sofas.es\/blog\/wp-content\/uploads\/2023\/08\/logo-que-sofas-200x40px-2.png","width":171,"height":39,"caption":"Que Sof\u00e1s"},"image":{"@id":"https:\/\/que-sofas.es\/blog\/#\/schema\/logo\/image\/"},"sameAs":["https:\/\/www.facebook.com\/quesofasbarato","https:\/\/www.instagram.com\/que_sofas\/"]},{"@type":"Person","@id":"https:\/\/que-sofas.es\/blog\/#\/schema\/person\/80e21cb5ace8a092fca2cd819ea8d7d3","name":"Andrea","image":{"@type":"ImageObject","inLanguage":"es","@id":"https:\/\/que-sofas.es\/blog\/#\/schema\/person\/image\/","url":"https:\/\/secure.gravatar.com\/avatar\/2bb85a758c069c3dd890f95deec28e8a?s=96&d=mm&r=g","contentUrl":"https:\/\/secure.gravatar.com\/avatar\/2bb85a758c069c3dd890f95deec28e8a?s=96&d=mm&r=g","caption":"Andrea"}}]}},"_links":{"self":[{"href":"https:\/\/que-sofas.es\/blog\/wp-json\/wp\/v2\/posts\/3824"}],"collection":[{"href":"https:\/\/que-sofas.es\/blog\/wp-json\/wp\/v2\/posts"}],"about":[{"href":"https:\/\/que-sofas.es\/blog\/wp-json\/wp\/v2\/types\/post"}],"author":[{"embeddable":true,"href":"https:\/\/que-sofas.es\/blog\/wp-json\/wp\/v2\/users\/4"}],"replies":[{"embeddable":true,"href":"https:\/\/que-sofas.es\/blog\/wp-json\/wp\/v2\/comments?post=3824"}],"version-history":[{"count":7,"href":"https:\/\/que-sofas.es\/blog\/wp-json\/wp\/v2\/posts\/3824\/revisions"}],"predecessor-version":[{"id":3836,"href":"https:\/\/que-sofas.es\/blog\/wp-json\/wp\/v2\/posts\/3824\/revisions\/3836"}],"wp:featuredmedia":[{"embeddable":true,"href":"https:\/\/que-sofas.es\/blog\/wp-json\/wp\/v2\/media\/3828"}],"wp:attachment":[{"href":"https:\/\/que-sofas.es\/blog\/wp-json\/wp\/v2\/media?parent=3824"}],"wp:term":[{"taxonomy":"category","embeddable":true,"href":"https:\/\/que-sofas.es\/blog\/wp-json\/wp\/v2\/categories?post=3824"},{"taxonomy":"post_tag","embeddable":true,"href":"https:\/\/que-sofas.es\/blog\/wp-json\/wp\/v2\/tags?post=3824"}],"curies":[{"name":"wp","href":"https:\/\/api.w.org\/{rel}","templated":true}]}}