{"id":3684,"date":"2021-09-09T14:51:46","date_gmt":"2021-09-09T12:51:46","guid":{"rendered":"https:\/\/que-barato.es\/blog\/?p=3684"},"modified":"2021-10-13T11:51:34","modified_gmt":"2021-10-13T09:51:34","slug":"haz-que-tu-vivienda-destaque","status":"publish","type":"post","link":"https:\/\/que-sofas.es\/blog\/haz-que-tu-vivienda-destaque\/","title":{"rendered":"Alquila pronto tu piso, haz que tu vivienda destaque."},"content":{"rendered":"<p>\u00bfQuieres alquilar pronto tu piso? <strong>Haz que tu vivienda destaque.<\/strong><\/p>\n<div id=\"ez-toc-container\" class=\"ez-toc-v2_0_55 counter-hierarchy ez-toc-counter ez-toc-grey ez-toc-container-direction\">\n<p class=\"ez-toc-title\">&iquest;De qu&eacute; hablamos en este post?<\/p>\n<label for=\"ez-toc-cssicon-toggle-item-69ef64fc951e0\"><span class=\"\"><span style=\"display:none;\">Toggle<\/span><span class=\"ez-toc-icon-toggle-span\"><svg style=\"fill: #999;color:#999\" xmlns=\"http:\/\/www.w3.org\/2000\/svg\" class=\"list-377408\" width=\"20px\" height=\"20px\" viewBox=\"0 0 24 24\" fill=\"none\"><path d=\"M6 6H4v2h2V6zm14 0H8v2h12V6zM4 11h2v2H4v-2zm16 0H8v2h12v-2zM4 16h2v2H4v-2zm16 0H8v2h12v-2z\" fill=\"currentColor\"><\/path><\/svg><svg style=\"fill: #999;color:#999\" class=\"arrow-unsorted-368013\" xmlns=\"http:\/\/www.w3.org\/2000\/svg\" width=\"10px\" height=\"10px\" viewBox=\"0 0 24 24\" version=\"1.2\" baseProfile=\"tiny\"><path d=\"M18.2 9.3l-6.2-6.3-6.2 6.3c-.2.2-.3.4-.3.7s.1.5.3.7c.2.2.4.3.7.3h11c.3 0 .5-.1.7-.3.2-.2.3-.5.3-.7s-.1-.5-.3-.7zM5.8 14.7l6.2 6.3 6.2-6.3c.2-.2.3-.5.3-.7s-.1-.5-.3-.7c-.2-.2-.4-.3-.7-.3h-11c-.3 0-.5.1-.7.3-.2.2-.3.5-.3.7s.1.5.3.7z\"\/><\/svg><\/span><\/span><\/label><input type=\"checkbox\"  id=\"ez-toc-cssicon-toggle-item-69ef64fc951e0\"  aria-label=\"Toggle\" \/><nav><ul class='ez-toc-list ez-toc-list-level-1 ' ><ul class='ez-toc-list-level-4'><li class='ez-toc-heading-level-4'><a class=\"ez-toc-link ez-toc-heading-1\" href=\"https:\/\/que-sofas.es\/blog\/haz-que-tu-vivienda-destaque\/#Trucos_que_funcionan_para_alquilar_tu_piso_pronto_con_estilo_y_no_gastar_demasiado\" title=\"Trucos que funcionan para alquilar tu piso pronto, con estilo y no gastar demasiado.\">Trucos que funcionan para alquilar tu piso pronto, con estilo y no gastar demasiado.<\/a><\/li><\/ul><\/li><li class='ez-toc-page-1 ez-toc-heading-level-3'><a class=\"ez-toc-link ez-toc-heading-2\" href=\"https:\/\/que-sofas.es\/blog\/haz-que-tu-vivienda-destaque\/#Tips_infalibles_para_que_tu_casa_enamore\" title=\"Tips infalibles para que tu casa enamore:\">Tips infalibles para que tu casa enamore:<\/a><\/li><li class='ez-toc-page-1 ez-toc-heading-level-3'><a class=\"ez-toc-link ez-toc-heading-3\" href=\"https:\/\/que-sofas.es\/blog\/haz-que-tu-vivienda-destaque\/#Iluminacion\" title=\"Iluminaci\u00f3n:\">Iluminaci\u00f3n:<\/a><\/li><li class='ez-toc-page-1 ez-toc-heading-level-3'><a class=\"ez-toc-link ez-toc-heading-4\" href=\"https:\/\/que-sofas.es\/blog\/haz-que-tu-vivienda-destaque\/#Piezas_clave_en_una_vivienda_para_alquilar\" title=\"Piezas clave en una vivienda para alquilar:\">Piezas clave en una vivienda para alquilar:<\/a><\/li><li class='ez-toc-page-1 ez-toc-heading-level-3'><a class=\"ez-toc-link ez-toc-heading-5\" href=\"https:\/\/que-sofas.es\/blog\/haz-que-tu-vivienda-destaque\/#La_cama_y_el_sofa_son_esenciales\" title=\"La cama y el sof\u00e1 son esenciales.\">La cama y el sof\u00e1 son esenciales.<\/a><\/li><li class='ez-toc-page-1 ez-toc-heading-level-3'><a class=\"ez-toc-link ez-toc-heading-6\" href=\"https:\/\/que-sofas.es\/blog\/haz-que-tu-vivienda-destaque\/#Equipar_la_casa_con_los_indispensables\" title=\"Equipar la casa con los indispensables.\">Equipar la casa con los indispensables.<\/a><\/li><li class='ez-toc-page-1 ez-toc-heading-level-3'><a class=\"ez-toc-link ez-toc-heading-7\" href=\"https:\/\/que-sofas.es\/blog\/haz-que-tu-vivienda-destaque\/#Anade_valor\" title=\"A\u00f1ade valor.\">A\u00f1ade valor.<\/a><ul class='ez-toc-list-level-4'><li class='ez-toc-heading-level-4'><a class=\"ez-toc-link ez-toc-heading-8\" href=\"https:\/\/que-sofas.es\/blog\/haz-que-tu-vivienda-destaque\/#Mas_consejos_para_alquilar_la_casa_lo_antes_posible\" title=\"M\u00e1s consejos para alquilar la casa lo antes posible:\u00a0\">M\u00e1s consejos para alquilar la casa lo antes posible:\u00a0<\/a><\/li><\/ul><\/li><\/ul><\/nav><\/div>\n<h4><span class=\"ez-toc-section\" id=\"Trucos_que_funcionan_para_alquilar_tu_piso_pronto_con_estilo_y_no_gastar_demasiado\"><\/span>Trucos que funcionan para alquilar tu piso pronto, con estilo y no gastar demasiado.<span class=\"ez-toc-section-end\"><\/span><\/h4>\n<p>Si dispones de una segunda vivienda y la quieres decorar para alquilar, con estas sencillas pautas, te ser\u00e1 f\u00e1cil convertirla en <strong>el hogar perfecto para tus futuros inquilinos.<\/strong><\/p>\n<p>&nbsp;<\/p>\n<h3><span class=\"ez-toc-section\" id=\"Tips_infalibles_para_que_tu_casa_enamore\"><\/span>Tips infalibles para que tu casa enamore:<span class=\"ez-toc-section-end\"><\/span><\/h3>\n<h3><span class=\"ez-toc-section\" id=\"Iluminacion\"><\/span><span style=\"color: #800080;\">Iluminaci\u00f3n:<\/span><span class=\"ez-toc-section-end\"><\/span><\/h3>\n<p>Una estancia luminosa da sensaci\u00f3n de amplitud y limpieza.<\/p>\n<p><span style=\"color: #993366;\">Para conseguirlo:<\/span><\/p>\n<p>Pinta las paredes de color blanco, no tapes demasiados las ventanas, unas cortinas livianas de gasa dejan pasar m\u00e1s luz, elige un mobiliario de l\u00edneas sencillas de tonos blancos o colores neutros.<\/p>\n<p>&nbsp;<\/p>\n<p><img decoding=\"async\" loading=\"lazy\" class=\" wp-image-3685 aligncenter\" src=\"https:\/\/que-barato.es\/blog\/wp-content\/uploads\/2021\/09\/1473-scaled-300x250.jpg\" alt=\"\" width=\"472\" height=\"393\" srcset=\"https:\/\/que-sofas.es\/blog\/wp-content\/uploads\/2021\/09\/1473-scaled-300x250.jpg 300w, https:\/\/que-sofas.es\/blog\/wp-content\/uploads\/2021\/09\/1473-scaled-1030x858.jpg 1030w, https:\/\/que-sofas.es\/blog\/wp-content\/uploads\/2021\/09\/1473-768x640.jpg 768w, https:\/\/que-sofas.es\/blog\/wp-content\/uploads\/2021\/09\/1473-1536x1280.jpg 1536w, https:\/\/que-sofas.es\/blog\/wp-content\/uploads\/2021\/09\/1473-2048x1707.jpg 2048w\" sizes=\"(max-width: 472px) 100vw, 472px\" \/><\/p>\n<h4><\/h4>\n<h3><span class=\"ez-toc-section\" id=\"Piezas_clave_en_una_vivienda_para_alquilar\"><\/span><span style=\"color: #800080;\">Piezas clave en una vivienda para alquilar:<\/span><span class=\"ez-toc-section-end\"><\/span><\/h3>\n<h3><span class=\"ez-toc-section\" id=\"La_cama_y_el_sofa_son_esenciales\"><\/span>La cama y el sof\u00e1 son esenciales.<span class=\"ez-toc-section-end\"><\/span><\/h3>\n<p>Un buen sof\u00e1 c\u00f3modo de esos que invitan a sentarse nada m\u00e1s verlo, lograr\u00e1 que tus posibles inquilinos se sientan mucho m\u00e1s tentados.<\/p>\n<p>&nbsp;<\/p>\n<p style=\"text-align: center;\"><img decoding=\"async\" loading=\"lazy\" class=\"alignnone wp-image-3686\" src=\"https:\/\/que-barato.es\/blog\/wp-content\/uploads\/2021\/09\/sofa-chaiselongue-milos-1-1-300x250.jpg\" alt=\"\" width=\"637\" height=\"530\" \/><\/p>\n<p style=\"text-align: center;\">Ver video de caracter\u00edsticas<\/p>\n<p>Una cama confortable es muy importante para alquilar tu casa r\u00e1pido.<\/p>\n<p><img decoding=\"async\" loading=\"lazy\" class=\"wp-image-3688 aligncenter\" src=\"https:\/\/que-barato.es\/blog\/wp-content\/uploads\/2021\/09\/pack-oce-300x300.jpg\" alt=\"\" width=\"544\" height=\"544\" \/><\/p>\n<p style=\"text-align: center;\"><a href=\"https:\/\/que-barato.es\/2x1-basic\/pack-descanso-colchon-oceano-canape-basic\">M\u00e1s info aqu\u00ed<\/a><\/p>\n<p>&nbsp;<\/p>\n<h3><span class=\"ez-toc-section\" id=\"Equipar_la_casa_con_los_indispensables\"><\/span><span style=\"color: #800080;\">Equipar la casa con los indispensables.<\/span><span class=\"ez-toc-section-end\"><\/span><\/h3>\n<p>Si tienes el sal\u00f3n pero falta la televisi\u00f3n, si ofreces la cocina pero faltan los electrodom\u00e9sticos, el inquilino puede tener sus dudas, ya que adem\u00e1s de pagar el alquiler, tendr\u00e1 que pensar como hacerse con una nevera, horno, lavavajillas, etc&#8230; una casa bien equipada es la que convence, haz que tu vivienda destaque.<\/p>\n<p><img decoding=\"async\" loading=\"lazy\" class=\"wp-image-3690 aligncenter\" src=\"https:\/\/que-barato.es\/blog\/wp-content\/uploads\/2021\/09\/modern-kitchen-white-table-mug-and-green-salad-scaled-300x200.jpg\" alt=\"\" width=\"600\" height=\"400\" srcset=\"https:\/\/que-sofas.es\/blog\/wp-content\/uploads\/2021\/09\/modern-kitchen-white-table-mug-and-green-salad-scaled-300x200.jpg 300w, https:\/\/que-sofas.es\/blog\/wp-content\/uploads\/2021\/09\/modern-kitchen-white-table-mug-and-green-salad-scaled-1030x687.jpg 1030w, https:\/\/que-sofas.es\/blog\/wp-content\/uploads\/2021\/09\/modern-kitchen-white-table-mug-and-green-salad-768x512.jpg 768w, https:\/\/que-sofas.es\/blog\/wp-content\/uploads\/2021\/09\/modern-kitchen-white-table-mug-and-green-salad-1536x1024.jpg 1536w, https:\/\/que-sofas.es\/blog\/wp-content\/uploads\/2021\/09\/modern-kitchen-white-table-mug-and-green-salad-2048x1365.jpg 2048w\" sizes=\"(max-width: 600px) 100vw, 600px\" \/><\/p>\n<h4><\/h4>\n<h3><span class=\"ez-toc-section\" id=\"Anade_valor\"><\/span><span style=\"color: #800080;\">A\u00f1ade valor.<\/span><span class=\"ez-toc-section-end\"><\/span><\/h3>\n<p>Una decoraci\u00f3n neutra puede gustar a la gente en general, pero lo que suma y marca la diferencia son los peque\u00f1os detalles y accesorios. Aporta calidad al hogar con plantas, velas y alguna l\u00e1mpara decorativa, cojines coloridos, una buena manta o una bonita alfombra.<\/p>\n<div id=\"attachment_3691\" style=\"width: 628px\" class=\"wp-caption aligncenter\"><img aria-describedby=\"caption-attachment-3691\" decoding=\"async\" loading=\"lazy\" class=\" wp-image-3691\" src=\"https:\/\/que-barato.es\/blog\/wp-content\/uploads\/2021\/09\/double-bed-with-pillows-1-scaled-300x200.jpg\" alt=\"\" width=\"618\" height=\"412\" srcset=\"https:\/\/que-sofas.es\/blog\/wp-content\/uploads\/2021\/09\/double-bed-with-pillows-1-scaled-300x200.jpg 300w, https:\/\/que-sofas.es\/blog\/wp-content\/uploads\/2021\/09\/double-bed-with-pillows-1-scaled-1030x687.jpg 1030w, https:\/\/que-sofas.es\/blog\/wp-content\/uploads\/2021\/09\/double-bed-with-pillows-1-768x512.jpg 768w, https:\/\/que-sofas.es\/blog\/wp-content\/uploads\/2021\/09\/double-bed-with-pillows-1-1536x1024.jpg 1536w\" sizes=\"(max-width: 618px) 100vw, 618px\" \/><p id=\"caption-attachment-3691\" class=\"wp-caption-text\">Una cama bien decorada, con un juego de s\u00e1banas bonito, transmite decoraci\u00f3n a todo el dormitorio<\/p><\/div>\n<p>&nbsp;<\/p>\n<h4><span class=\"ez-toc-section\" id=\"Mas_consejos_para_alquilar_la_casa_lo_antes_posible\"><\/span><span style=\"color: #800080;\">M\u00e1s consejos para alquilar la casa lo antes posible:\u00a0<\/span><span class=\"ez-toc-section-end\"><\/span><\/h4>\n<ul>\n<li><span style=\"color: #800080;\">Al anunciar tu piso por internet o mediante alguna inmobiliaria, es importante que las fotograf\u00edas sean de calidad. A tus fotos no pueden faltarle luz.\u00a0<\/span><\/li>\n<li><span style=\"color: #800080;\">Limpia muy bien el apartamento antes de las visitas y un ambientador con olor suave.\u00a0<\/span><\/li>\n<\/ul>\n<p>Como ves, las alternativas a la hora de decorar con poco dinero una vivienda para alquilar son variadas, as\u00ed que encuentra la que m\u00e1s te guste y da rienda suelta a tu creatividad. <strong>Con estos consejos tu casa estar\u00e1 preciosa para cumplir los sue\u00f1os del inquilino m\u00e1s exigente.\u00a0<\/strong><\/p>\n","protected":false},"excerpt":{"rendered":"<p>\u00bfQuieres alquilar pronto tu piso? Haz que tu vivienda destaque. Trucos que funcionan para alquilar tu piso pronto, con estilo y no gastar demasiado. Si dispones de una segunda vivienda y la quieres decorar para alquilar, con estas sencillas pautas, te ser\u00e1 f\u00e1cil convertirla en el hogar perfecto para tus futuros inquilinos. &nbsp; Tips infalibles [&hellip;]<\/p>\n","protected":false},"author":4,"featured_media":3691,"comment_status":"closed","ping_status":"closed","sticky":false,"template":"","format":"standard","meta":{"footnotes":""},"categories":[39],"tags":[49,50,301,302,56,60,66,70,81,85,87,91,95,97,106,111,114,118,123,137,147,171,188,199,202,241],"yoast_head":"<!-- This site is optimized with the Yoast SEO plugin v21.2 - https:\/\/yoast.com\/wordpress\/plugins\/seo\/ -->\n<title>Alquila pronto tu piso, haz que tu vivienda destaque | Qu\u00e9 Barato Blog<\/title>\n<meta name=\"description\" content=\"Alquila pronto tu piso, haz que tu vivienda destaque. Trucos infalibles para decorar, a\u00f1ade estilo sin gastar demasiado. Claves para lograrlo.\" \/>\n<meta name=\"robots\" content=\"index, follow, max-snippet:-1, max-image-preview:large, max-video-preview:-1\" \/>\n<link rel=\"canonical\" href=\"https:\/\/que-sofas.es\/blog\/haz-que-tu-vivienda-destaque\/\" \/>\n<meta property=\"og:locale\" content=\"es_ES\" \/>\n<meta property=\"og:type\" content=\"article\" \/>\n<meta property=\"og:title\" content=\"Alquila pronto tu piso, haz que tu vivienda destaque | Qu\u00e9 Barato Blog\" \/>\n<meta property=\"og:description\" content=\"Alquila pronto tu piso, haz que tu vivienda destaque. Trucos infalibles para decorar, a\u00f1ade estilo sin gastar demasiado. Claves para lograrlo.\" \/>\n<meta property=\"og:url\" content=\"https:\/\/que-sofas.es\/blog\/haz-que-tu-vivienda-destaque\/\" \/>\n<meta property=\"og:site_name\" content=\"Que Sof\u00e1s Blog\" \/>\n<meta property=\"article:publisher\" content=\"https:\/\/www.facebook.com\/quesofasbarato\" \/>\n<meta property=\"article:published_time\" content=\"2021-09-09T12:51:46+00:00\" \/>\n<meta property=\"article:modified_time\" content=\"2021-10-13T09:51:34+00:00\" \/>\n<meta property=\"og:image\" content=\"https:\/\/que-sofas.es\/blog\/wp-content\/uploads\/2021\/09\/double-bed-with-pillows-1-scaled.jpg\" \/>\n\t<meta property=\"og:image:width\" content=\"2560\" \/>\n\t<meta property=\"og:image:height\" content=\"1707\" \/>\n\t<meta property=\"og:image:type\" content=\"image\/jpeg\" \/>\n<meta name=\"author\" content=\"Andrea\" \/>\n<meta name=\"twitter:card\" content=\"summary_large_image\" \/>\n<meta name=\"twitter:label1\" content=\"Escrito por\" \/>\n\t<meta name=\"twitter:data1\" content=\"Andrea\" \/>\n\t<meta name=\"twitter:label2\" content=\"Tiempo de lectura\" \/>\n\t<meta name=\"twitter:data2\" content=\"3 minutos\" \/>\n<script type=\"application\/ld+json\" class=\"yoast-schema-graph\">{\"@context\":\"https:\/\/schema.org\",\"@graph\":[{\"@type\":\"Article\",\"@id\":\"https:\/\/que-sofas.es\/blog\/haz-que-tu-vivienda-destaque\/#article\",\"isPartOf\":{\"@id\":\"https:\/\/que-sofas.es\/blog\/haz-que-tu-vivienda-destaque\/\"},\"author\":{\"name\":\"Andrea\",\"@id\":\"https:\/\/que-sofas.es\/blog\/#\/schema\/person\/80e21cb5ace8a092fca2cd819ea8d7d3\"},\"headline\":\"Alquila pronto tu piso, haz que tu vivienda destaque.\",\"datePublished\":\"2021-09-09T12:51:46+00:00\",\"dateModified\":\"2021-10-13T09:51:34+00:00\",\"mainEntityOfPage\":{\"@id\":\"https:\/\/que-sofas.es\/blog\/haz-que-tu-vivienda-destaque\/\"},\"wordCount\":423,\"publisher\":{\"@id\":\"https:\/\/que-sofas.es\/blog\/#organization\"},\"keywords\":[\"ahorrar\",\"Ahorro\",\"alquiler\",\"alquileres\",\"amueblar\",\"armario\",\"barato\",\"bienestar\",\"cama\",\"canap\u00e9\",\"casa\",\"chaiselongue\",\"colch\u00f3n\",\"Colchones\",\"Consejos\",\"decoraci\u00f3n\",\"descanso\",\"dormitorio\",\"emoci\u00f3n\",\"familia\",\"hogar\",\"mesa\",\"oferta\",\"promoci\u00f3n\",\"quebarato\",\"sue\u00f1o\"],\"articleSection\":[\"Ideas y consejos\"],\"inLanguage\":\"es\"},{\"@type\":\"WebPage\",\"@id\":\"https:\/\/que-sofas.es\/blog\/haz-que-tu-vivienda-destaque\/\",\"url\":\"https:\/\/que-sofas.es\/blog\/haz-que-tu-vivienda-destaque\/\",\"name\":\"Alquila pronto tu piso, haz que tu vivienda destaque | Qu\u00e9 Barato Blog\",\"isPartOf\":{\"@id\":\"https:\/\/que-sofas.es\/blog\/#website\"},\"datePublished\":\"2021-09-09T12:51:46+00:00\",\"dateModified\":\"2021-10-13T09:51:34+00:00\",\"description\":\"Alquila pronto tu piso, haz que tu vivienda destaque. Trucos infalibles para decorar, a\u00f1ade estilo sin gastar demasiado. Claves para lograrlo.\",\"breadcrumb\":{\"@id\":\"https:\/\/que-sofas.es\/blog\/haz-que-tu-vivienda-destaque\/#breadcrumb\"},\"inLanguage\":\"es\",\"potentialAction\":[{\"@type\":\"ReadAction\",\"target\":[\"https:\/\/que-sofas.es\/blog\/haz-que-tu-vivienda-destaque\/\"]}]},{\"@type\":\"BreadcrumbList\",\"@id\":\"https:\/\/que-sofas.es\/blog\/haz-que-tu-vivienda-destaque\/#breadcrumb\",\"itemListElement\":[{\"@type\":\"ListItem\",\"position\":1,\"name\":\"Portada\",\"item\":\"https:\/\/que-sofas.es\/blog\/\"},{\"@type\":\"ListItem\",\"position\":2,\"name\":\"Alquila pronto tu piso, haz que tu vivienda destaque.\"}]},{\"@type\":\"WebSite\",\"@id\":\"https:\/\/que-sofas.es\/blog\/#website\",\"url\":\"https:\/\/que-sofas.es\/blog\/\",\"name\":\"Que Sof\u00e1s Blog\",\"description\":\"\u00a1El blog de Que Sof\u00e1s!\",\"publisher\":{\"@id\":\"https:\/\/que-sofas.es\/blog\/#organization\"},\"potentialAction\":[{\"@type\":\"SearchAction\",\"target\":{\"@type\":\"EntryPoint\",\"urlTemplate\":\"https:\/\/que-sofas.es\/blog\/?s={search_term_string}\"},\"query-input\":\"required name=search_term_string\"}],\"inLanguage\":\"es\"},{\"@type\":\"Organization\",\"@id\":\"https:\/\/que-sofas.es\/blog\/#organization\",\"name\":\"Que Sof\u00e1s\",\"url\":\"https:\/\/que-sofas.es\/blog\/\",\"logo\":{\"@type\":\"ImageObject\",\"inLanguage\":\"es\",\"@id\":\"https:\/\/que-sofas.es\/blog\/#\/schema\/logo\/image\/\",\"url\":\"https:\/\/que-sofas.es\/blog\/wp-content\/uploads\/2023\/08\/logo-que-sofas-200x40px-2.png\",\"contentUrl\":\"https:\/\/que-sofas.es\/blog\/wp-content\/uploads\/2023\/08\/logo-que-sofas-200x40px-2.png\",\"width\":171,\"height\":39,\"caption\":\"Que Sof\u00e1s\"},\"image\":{\"@id\":\"https:\/\/que-sofas.es\/blog\/#\/schema\/logo\/image\/\"},\"sameAs\":[\"https:\/\/www.facebook.com\/quesofasbarato\",\"https:\/\/www.instagram.com\/que_sofas\/\"]},{\"@type\":\"Person\",\"@id\":\"https:\/\/que-sofas.es\/blog\/#\/schema\/person\/80e21cb5ace8a092fca2cd819ea8d7d3\",\"name\":\"Andrea\",\"image\":{\"@type\":\"ImageObject\",\"inLanguage\":\"es\",\"@id\":\"https:\/\/que-sofas.es\/blog\/#\/schema\/person\/image\/\",\"url\":\"https:\/\/secure.gravatar.com\/avatar\/2bb85a758c069c3dd890f95deec28e8a?s=96&d=mm&r=g\",\"contentUrl\":\"https:\/\/secure.gravatar.com\/avatar\/2bb85a758c069c3dd890f95deec28e8a?s=96&d=mm&r=g\",\"caption\":\"Andrea\"}}]}<\/script>\n<!-- \/ Yoast SEO plugin. -->","yoast_head_json":{"title":"Alquila pronto tu piso, haz que tu vivienda destaque | Qu\u00e9 Barato Blog","description":"Alquila pronto tu piso, haz que tu vivienda destaque. Trucos infalibles para decorar, a\u00f1ade estilo sin gastar demasiado. Claves para lograrlo.","robots":{"index":"index","follow":"follow","max-snippet":"max-snippet:-1","max-image-preview":"max-image-preview:large","max-video-preview":"max-video-preview:-1"},"canonical":"https:\/\/que-sofas.es\/blog\/haz-que-tu-vivienda-destaque\/","og_locale":"es_ES","og_type":"article","og_title":"Alquila pronto tu piso, haz que tu vivienda destaque | Qu\u00e9 Barato Blog","og_description":"Alquila pronto tu piso, haz que tu vivienda destaque. Trucos infalibles para decorar, a\u00f1ade estilo sin gastar demasiado. Claves para lograrlo.","og_url":"https:\/\/que-sofas.es\/blog\/haz-que-tu-vivienda-destaque\/","og_site_name":"Que Sof\u00e1s Blog","article_publisher":"https:\/\/www.facebook.com\/quesofasbarato","article_published_time":"2021-09-09T12:51:46+00:00","article_modified_time":"2021-10-13T09:51:34+00:00","og_image":[{"width":2560,"height":1707,"url":"https:\/\/que-sofas.es\/blog\/wp-content\/uploads\/2021\/09\/double-bed-with-pillows-1-scaled.jpg","type":"image\/jpeg"}],"author":"Andrea","twitter_card":"summary_large_image","twitter_misc":{"Escrito por":"Andrea","Tiempo de lectura":"3 minutos"},"schema":{"@context":"https:\/\/schema.org","@graph":[{"@type":"Article","@id":"https:\/\/que-sofas.es\/blog\/haz-que-tu-vivienda-destaque\/#article","isPartOf":{"@id":"https:\/\/que-sofas.es\/blog\/haz-que-tu-vivienda-destaque\/"},"author":{"name":"Andrea","@id":"https:\/\/que-sofas.es\/blog\/#\/schema\/person\/80e21cb5ace8a092fca2cd819ea8d7d3"},"headline":"Alquila pronto tu piso, haz que tu vivienda destaque.","datePublished":"2021-09-09T12:51:46+00:00","dateModified":"2021-10-13T09:51:34+00:00","mainEntityOfPage":{"@id":"https:\/\/que-sofas.es\/blog\/haz-que-tu-vivienda-destaque\/"},"wordCount":423,"publisher":{"@id":"https:\/\/que-sofas.es\/blog\/#organization"},"keywords":["ahorrar","Ahorro","alquiler","alquileres","amueblar","armario","barato","bienestar","cama","canap\u00e9","casa","chaiselongue","colch\u00f3n","Colchones","Consejos","decoraci\u00f3n","descanso","dormitorio","emoci\u00f3n","familia","hogar","mesa","oferta","promoci\u00f3n","quebarato","sue\u00f1o"],"articleSection":["Ideas y consejos"],"inLanguage":"es"},{"@type":"WebPage","@id":"https:\/\/que-sofas.es\/blog\/haz-que-tu-vivienda-destaque\/","url":"https:\/\/que-sofas.es\/blog\/haz-que-tu-vivienda-destaque\/","name":"Alquila pronto tu piso, haz que tu vivienda destaque | Qu\u00e9 Barato Blog","isPartOf":{"@id":"https:\/\/que-sofas.es\/blog\/#website"},"datePublished":"2021-09-09T12:51:46+00:00","dateModified":"2021-10-13T09:51:34+00:00","description":"Alquila pronto tu piso, haz que tu vivienda destaque. Trucos infalibles para decorar, a\u00f1ade estilo sin gastar demasiado. Claves para lograrlo.","breadcrumb":{"@id":"https:\/\/que-sofas.es\/blog\/haz-que-tu-vivienda-destaque\/#breadcrumb"},"inLanguage":"es","potentialAction":[{"@type":"ReadAction","target":["https:\/\/que-sofas.es\/blog\/haz-que-tu-vivienda-destaque\/"]}]},{"@type":"BreadcrumbList","@id":"https:\/\/que-sofas.es\/blog\/haz-que-tu-vivienda-destaque\/#breadcrumb","itemListElement":[{"@type":"ListItem","position":1,"name":"Portada","item":"https:\/\/que-sofas.es\/blog\/"},{"@type":"ListItem","position":2,"name":"Alquila pronto tu piso, haz que tu vivienda destaque."}]},{"@type":"WebSite","@id":"https:\/\/que-sofas.es\/blog\/#website","url":"https:\/\/que-sofas.es\/blog\/","name":"Que Sof\u00e1s Blog","description":"\u00a1El blog de Que Sof\u00e1s!","publisher":{"@id":"https:\/\/que-sofas.es\/blog\/#organization"},"potentialAction":[{"@type":"SearchAction","target":{"@type":"EntryPoint","urlTemplate":"https:\/\/que-sofas.es\/blog\/?s={search_term_string}"},"query-input":"required name=search_term_string"}],"inLanguage":"es"},{"@type":"Organization","@id":"https:\/\/que-sofas.es\/blog\/#organization","name":"Que Sof\u00e1s","url":"https:\/\/que-sofas.es\/blog\/","logo":{"@type":"ImageObject","inLanguage":"es","@id":"https:\/\/que-sofas.es\/blog\/#\/schema\/logo\/image\/","url":"https:\/\/que-sofas.es\/blog\/wp-content\/uploads\/2023\/08\/logo-que-sofas-200x40px-2.png","contentUrl":"https:\/\/que-sofas.es\/blog\/wp-content\/uploads\/2023\/08\/logo-que-sofas-200x40px-2.png","width":171,"height":39,"caption":"Que Sof\u00e1s"},"image":{"@id":"https:\/\/que-sofas.es\/blog\/#\/schema\/logo\/image\/"},"sameAs":["https:\/\/www.facebook.com\/quesofasbarato","https:\/\/www.instagram.com\/que_sofas\/"]},{"@type":"Person","@id":"https:\/\/que-sofas.es\/blog\/#\/schema\/person\/80e21cb5ace8a092fca2cd819ea8d7d3","name":"Andrea","image":{"@type":"ImageObject","inLanguage":"es","@id":"https:\/\/que-sofas.es\/blog\/#\/schema\/person\/image\/","url":"https:\/\/secure.gravatar.com\/avatar\/2bb85a758c069c3dd890f95deec28e8a?s=96&d=mm&r=g","contentUrl":"https:\/\/secure.gravatar.com\/avatar\/2bb85a758c069c3dd890f95deec28e8a?s=96&d=mm&r=g","caption":"Andrea"}}]}},"_links":{"self":[{"href":"https:\/\/que-sofas.es\/blog\/wp-json\/wp\/v2\/posts\/3684"}],"collection":[{"href":"https:\/\/que-sofas.es\/blog\/wp-json\/wp\/v2\/posts"}],"about":[{"href":"https:\/\/que-sofas.es\/blog\/wp-json\/wp\/v2\/types\/post"}],"author":[{"embeddable":true,"href":"https:\/\/que-sofas.es\/blog\/wp-json\/wp\/v2\/users\/4"}],"replies":[{"embeddable":true,"href":"https:\/\/que-sofas.es\/blog\/wp-json\/wp\/v2\/comments?post=3684"}],"version-history":[{"count":6,"href":"https:\/\/que-sofas.es\/blog\/wp-json\/wp\/v2\/posts\/3684\/revisions"}],"predecessor-version":[{"id":3744,"href":"https:\/\/que-sofas.es\/blog\/wp-json\/wp\/v2\/posts\/3684\/revisions\/3744"}],"wp:featuredmedia":[{"embeddable":true,"href":"https:\/\/que-sofas.es\/blog\/wp-json\/wp\/v2\/media\/3691"}],"wp:attachment":[{"href":"https:\/\/que-sofas.es\/blog\/wp-json\/wp\/v2\/media?parent=3684"}],"wp:term":[{"taxonomy":"category","embeddable":true,"href":"https:\/\/que-sofas.es\/blog\/wp-json\/wp\/v2\/categories?post=3684"},{"taxonomy":"post_tag","embeddable":true,"href":"https:\/\/que-sofas.es\/blog\/wp-json\/wp\/v2\/tags?post=3684"}],"curies":[{"name":"wp","href":"https:\/\/api.w.org\/{rel}","templated":true}]}}