{"id":3672,"date":"2021-09-03T09:23:41","date_gmt":"2021-09-03T07:23:41","guid":{"rendered":"https:\/\/que-barato.es\/blog\/?p=3672"},"modified":"2021-09-29T12:26:19","modified_gmt":"2021-09-29T10:26:19","slug":"septiembre-renueva-tu-casa","status":"publish","type":"post","link":"https:\/\/que-sofas.es\/blog\/septiembre-renueva-tu-casa\/","title":{"rendered":"Este mes de Septiembre, \u00a1Renueva tu casa!"},"content":{"rendered":"<p>Este mes de Septiembre, renueva tu casa. Volver al trabajo, vuelta de las vacaciones, asimilar la vuelta a la rutina, ver que cada d\u00eda se va acortando la luz del d\u00eda&#8230;y es que este mes no es nada f\u00e1cil. No es de extra\u00f1ar que muchas personas sufran el conocido \u00abtrauma post vacacional\u00bb y es que para muchos, el verano, sin duda, es la estaci\u00f3n del a\u00f1o preferida.<\/p>\n<p><strong>Para afrontar la llegada del mes con alegr\u00eda y sentir que entran nuevos aires,<\/strong> \u00a1vamos a renovar la decoraci\u00f3n de casa!<\/p>\n<p>&nbsp;<\/p>\n<div id=\"ez-toc-container\" class=\"ez-toc-v2_0_55 counter-hierarchy ez-toc-counter ez-toc-grey ez-toc-container-direction\">\n<p class=\"ez-toc-title\">&iquest;De qu&eacute; hablamos en este post?<\/p>\n<label for=\"ez-toc-cssicon-toggle-item-69f5691d426d1\"><span class=\"\"><span style=\"display:none;\">Toggle<\/span><span class=\"ez-toc-icon-toggle-span\"><svg style=\"fill: #999;color:#999\" xmlns=\"http:\/\/www.w3.org\/2000\/svg\" class=\"list-377408\" width=\"20px\" height=\"20px\" viewBox=\"0 0 24 24\" fill=\"none\"><path d=\"M6 6H4v2h2V6zm14 0H8v2h12V6zM4 11h2v2H4v-2zm16 0H8v2h12v-2zM4 16h2v2H4v-2zm16 0H8v2h12v-2z\" fill=\"currentColor\"><\/path><\/svg><svg style=\"fill: #999;color:#999\" class=\"arrow-unsorted-368013\" xmlns=\"http:\/\/www.w3.org\/2000\/svg\" width=\"10px\" height=\"10px\" viewBox=\"0 0 24 24\" version=\"1.2\" baseProfile=\"tiny\"><path d=\"M18.2 9.3l-6.2-6.3-6.2 6.3c-.2.2-.3.4-.3.7s.1.5.3.7c.2.2.4.3.7.3h11c.3 0 .5-.1.7-.3.2-.2.3-.5.3-.7s-.1-.5-.3-.7zM5.8 14.7l6.2 6.3 6.2-6.3c.2-.2.3-.5.3-.7s-.1-.5-.3-.7c-.2-.2-.4-.3-.7-.3h-11c-.3 0-.5.1-.7.3-.2.2-.3.5-.3.7s.1.5.3.7z\"\/><\/svg><\/span><\/span><\/label><input type=\"checkbox\"  id=\"ez-toc-cssicon-toggle-item-69f5691d426d1\"  aria-label=\"Toggle\" \/><nav><ul class='ez-toc-list ez-toc-list-level-1 ' ><li class='ez-toc-page-1 ez-toc-heading-level-3'><a class=\"ez-toc-link ez-toc-heading-1\" href=\"https:\/\/que-sofas.es\/blog\/septiembre-renueva-tu-casa\/#1-_Pinta_las_paredes_de_alguna_estancia_de_casa\" title=\"1- Pinta las paredes de alguna estancia de casa.\">1- Pinta las paredes de alguna estancia de casa.<\/a><\/li><li class='ez-toc-page-1 ez-toc-heading-level-3'><a class=\"ez-toc-link ez-toc-heading-2\" href=\"https:\/\/que-sofas.es\/blog\/septiembre-renueva-tu-casa\/#2-_Pinta_una_columna_con_pintura_de_Pizarra\" title=\"2- Pinta una columna con pintura de Pizarra.\">2- Pinta una columna con pintura de Pizarra.<\/a><\/li><li class='ez-toc-page-1 ez-toc-heading-level-3'><a class=\"ez-toc-link ez-toc-heading-3\" href=\"https:\/\/que-sofas.es\/blog\/septiembre-renueva-tu-casa\/#3-_Una_pisada_calida\" title=\"3- Una pisada c\u00e1lida\">3- Una pisada c\u00e1lida<\/a><\/li><li class='ez-toc-page-1 ez-toc-heading-level-3'><a class=\"ez-toc-link ez-toc-heading-4\" href=\"https:\/\/que-sofas.es\/blog\/septiembre-renueva-tu-casa\/#4-_Renueva_tu_salon_cambiando_solo_la_pieza_clave\" title=\"4- Renueva tu sal\u00f3n cambiando (s\u00f3lo) la pieza clave.\">4- Renueva tu sal\u00f3n cambiando (s\u00f3lo) la pieza clave.<\/a><\/li><li class='ez-toc-page-1 ez-toc-heading-level-3'><a class=\"ez-toc-link ez-toc-heading-5\" href=\"https:\/\/que-sofas.es\/blog\/septiembre-renueva-tu-casa\/#5-_Decora_las_paredes_con_las_mejores_fotos_de_tus_vacaciones\" title=\"5- Decora las paredes con las mejores fotos de tus vacaciones.\">5- Decora las paredes con las mejores fotos de tus vacaciones.<\/a><\/li><\/ul><\/nav><\/div>\n<h3><span class=\"ez-toc-section\" id=\"1-_Pinta_las_paredes_de_alguna_estancia_de_casa\"><\/span><span style=\"color: #800080;\">1- Pinta las paredes de alguna estancia de casa.<\/span><span class=\"ez-toc-section-end\"><\/span><\/h3>\n<p>Color liso, pintar medias paredes, figuras geom\u00e9tricas, crear texturas y distintos efectos contra la pintura de la pared.<\/p>\n<p><img decoding=\"async\" loading=\"lazy\" class=\"wp-image-3675 aligncenter\" src=\"https:\/\/que-barato.es\/blog\/wp-content\/uploads\/2021\/09\/young-man-painting-blue-wall-scaled-300x200.jpg\" alt=\"\" width=\"428\" height=\"285\" srcset=\"https:\/\/que-sofas.es\/blog\/wp-content\/uploads\/2021\/09\/young-man-painting-blue-wall-scaled-300x200.jpg 300w, https:\/\/que-sofas.es\/blog\/wp-content\/uploads\/2021\/09\/young-man-painting-blue-wall-scaled-1030x688.jpg 1030w, https:\/\/que-sofas.es\/blog\/wp-content\/uploads\/2021\/09\/young-man-painting-blue-wall-768x513.jpg 768w, https:\/\/que-sofas.es\/blog\/wp-content\/uploads\/2021\/09\/young-man-painting-blue-wall-1536x1025.jpg 1536w, https:\/\/que-sofas.es\/blog\/wp-content\/uploads\/2021\/09\/young-man-painting-blue-wall-2048x1367.jpg 2048w\" sizes=\"(max-width: 428px) 100vw, 428px\" \/><\/p>\n<p>&nbsp;<\/p>\n<h3><span class=\"ez-toc-section\" id=\"2-_Pinta_una_columna_con_pintura_de_Pizarra\"><\/span><span style=\"color: #800080;\">2- Pinta una columna con pintura de Pizarra.<\/span><span class=\"ez-toc-section-end\"><\/span><\/h3>\n<p>Vuelta al cole, tr\u00e1mites de todo tipo, inscripciones a cursos, papeleos, revisiones m\u00e9dicas&#8230;\u00a1Apuntalo en tu pizarra y no te pierdas ninguna cita!<\/p>\n<p><img decoding=\"async\" loading=\"lazy\" class=\" wp-image-3673 aligncenter\" src=\"https:\/\/que-barato.es\/blog\/wp-content\/uploads\/2021\/09\/columna-a-200x300.jpg\" alt=\"\" width=\"257\" height=\"386\" srcset=\"https:\/\/que-sofas.es\/blog\/wp-content\/uploads\/2021\/09\/columna-a-200x300.jpg 200w, https:\/\/que-sofas.es\/blog\/wp-content\/uploads\/2021\/09\/columna-a.jpg 567w\" sizes=\"(max-width: 257px) 100vw, 257px\" \/><\/p>\n<h3><span class=\"ez-toc-section\" id=\"3-_Una_pisada_calida\"><\/span><span style=\"color: #800080;\">3- Una pisada c\u00e1lida<\/span><span class=\"ez-toc-section-end\"><\/span><\/h3>\n<p>Hazte con un kilim, alfombra \u00e1rabe, \u00e9tnica o como t\u00fa quieras llamarlo.<\/p>\n<p>Las alfombras estampadas con motivos geom\u00e9tricos y arabescos son tendencias en decoraci\u00f3n, adem\u00e1s, son poderosas, son capaces de avivar cualquier ambiente.<\/p>\n<p><img decoding=\"async\" loading=\"lazy\" class=\"wp-image-3674 aligncenter\" src=\"https:\/\/que-barato.es\/blog\/wp-content\/uploads\/2021\/09\/smiling-man-and-woman-having-lunch-together-at-home-scaled-300x200.jpg\" alt=\"\" width=\"437\" height=\"291\" \/><\/p>\n<h3><span class=\"ez-toc-section\" id=\"4-_Renueva_tu_salon_cambiando_solo_la_pieza_clave\"><\/span><span style=\"color: #800080;\">4- Renueva tu sal\u00f3n cambiando (s\u00f3lo) la pieza clave.<\/span><span class=\"ez-toc-section-end\"><\/span><\/h3>\n<p>Has pensado en mil reformas, cientos de transformaciones y decenas de ideas, \u00bfpor qu\u00e9 no hacer realidad una de ellas? Da un aire nuevo a tu sal\u00f3n cambiando solamente una pieza: el sof\u00e1.<\/p>\n<p>&nbsp;<\/p>\n<p><a href=\"https:\/\/que-barato.es\/chaiselongue-baratos\/sofa-chaiselongue-lugano-\"><img decoding=\"async\" loading=\"lazy\" class=\"alignnone size-medium wp-image-3678 aligncenter\" src=\"https:\/\/que-barato.es\/blog\/wp-content\/uploads\/2021\/09\/sofa-chaiselongue-lugano--300x250.jpg\" alt=\"\" width=\"300\" height=\"250\" srcset=\"https:\/\/que-sofas.es\/blog\/wp-content\/uploads\/2021\/09\/sofa-chaiselongue-lugano--300x250.jpg 300w, https:\/\/que-sofas.es\/blog\/wp-content\/uploads\/2021\/09\/sofa-chaiselongue-lugano--1030x858.jpg 1030w, https:\/\/que-sofas.es\/blog\/wp-content\/uploads\/2021\/09\/sofa-chaiselongue-lugano--768x640.jpg 768w, https:\/\/que-sofas.es\/blog\/wp-content\/uploads\/2021\/09\/sofa-chaiselongue-lugano-.jpg 1100w\" sizes=\"(max-width: 300px) 100vw, 300px\" \/><\/a><\/p>\n<p style=\"text-align: center;\"><a href=\"https:\/\/que-barato.es\/chaiselongue-baratos\/sofa-chaiselongue-milos-\"><img decoding=\"async\" loading=\"lazy\" class=\"alignnone size-medium wp-image-3679\" src=\"https:\/\/que-barato.es\/blog\/wp-content\/uploads\/2021\/09\/sofa-chaiselongue-milos--300x250.jpg\" alt=\"\" width=\"300\" height=\"250\" srcset=\"https:\/\/que-sofas.es\/blog\/wp-content\/uploads\/2021\/09\/sofa-chaiselongue-milos--300x250.jpg 300w, https:\/\/que-sofas.es\/blog\/wp-content\/uploads\/2021\/09\/sofa-chaiselongue-milos--1030x858.jpg 1030w, https:\/\/que-sofas.es\/blog\/wp-content\/uploads\/2021\/09\/sofa-chaiselongue-milos--768x640.jpg 768w, https:\/\/que-sofas.es\/blog\/wp-content\/uploads\/2021\/09\/sofa-chaiselongue-milos-.jpg 1100w\" sizes=\"(max-width: 300px) 100vw, 300px\" \/><\/a><\/p>\n<p style=\"text-align: center;\"><a href=\"https:\/\/que-barato.es\/sofas-cama-baratos\/sofa-modular-berwin\"><img decoding=\"async\" loading=\"lazy\" class=\"alignnone size-medium wp-image-3680\" src=\"https:\/\/que-barato.es\/blog\/wp-content\/uploads\/2021\/09\/sofa-modular-berwin-300x250.jpg\" alt=\"\" width=\"300\" height=\"250\" srcset=\"https:\/\/que-sofas.es\/blog\/wp-content\/uploads\/2021\/09\/sofa-modular-berwin-300x250.jpg 300w, https:\/\/que-sofas.es\/blog\/wp-content\/uploads\/2021\/09\/sofa-modular-berwin-1030x858.jpg 1030w, https:\/\/que-sofas.es\/blog\/wp-content\/uploads\/2021\/09\/sofa-modular-berwin-768x640.jpg 768w, https:\/\/que-sofas.es\/blog\/wp-content\/uploads\/2021\/09\/sofa-modular-berwin.jpg 1100w\" sizes=\"(max-width: 300px) 100vw, 300px\" \/><\/a><\/p>\n<p><a href=\"https:\/\/que-barato.es\/sofas-rinconera\"><img decoding=\"async\" loading=\"lazy\" class=\"alignnone size-medium wp-image-3677 aligncenter\" src=\"https:\/\/que-barato.es\/blog\/wp-content\/uploads\/2021\/09\/rinconera-prime--300x250.jpg\" alt=\"\" width=\"300\" height=\"250\" srcset=\"https:\/\/que-sofas.es\/blog\/wp-content\/uploads\/2021\/09\/rinconera-prime--300x250.jpg 300w, https:\/\/que-sofas.es\/blog\/wp-content\/uploads\/2021\/09\/rinconera-prime--1030x858.jpg 1030w, https:\/\/que-sofas.es\/blog\/wp-content\/uploads\/2021\/09\/rinconera-prime--768x640.jpg 768w, https:\/\/que-sofas.es\/blog\/wp-content\/uploads\/2021\/09\/rinconera-prime-.jpg 1100w\" sizes=\"(max-width: 300px) 100vw, 300px\" \/><\/a><\/p>\n<p style=\"text-align: center;\"><a href=\"https:\/\/que-barato.es\/\"><strong>NO TE PIERDAS LOS ESENCIALES DE CALIDAD DE QU\u00c9 BARATO A UN PRECIO INCRE\u00cdBLE.<\/strong><\/a><\/p>\n<h3><span class=\"ez-toc-section\" id=\"5-_Decora_las_paredes_con_las_mejores_fotos_de_tus_vacaciones\"><\/span><span style=\"color: #800080;\">5- Decora las paredes con las mejores fotos de tus vacaciones.<\/span><span class=\"ez-toc-section-end\"><\/span><\/h3>\n<p>Selfies, im\u00e1genes de paisajes, de monumentos, de tu viaje en barco, ni\u00f1os en la playa, etc&#8230; Las fotos se hacen para ense\u00f1arlas, para recordar momentos y plasmarlo en cojines, pared o en la propia madera est\u00e1 m\u00e1s de moda que nunca.<\/p>\n<p><img decoding=\"async\" loading=\"lazy\" class=\" wp-image-3681 aligncenter\" src=\"https:\/\/que-barato.es\/blog\/wp-content\/uploads\/2021\/09\/xideas_bricolaje__collage_de_fotos.jpg.pagespeed.ic_.nrryl1jdr--300x206.jpg\" alt=\"\" width=\"451\" height=\"310\" srcset=\"https:\/\/que-sofas.es\/blog\/wp-content\/uploads\/2021\/09\/xideas_bricolaje__collage_de_fotos.jpg.pagespeed.ic_.nrryl1jdr--300x206.jpg 300w, https:\/\/que-sofas.es\/blog\/wp-content\/uploads\/2021\/09\/xideas_bricolaje__collage_de_fotos.jpg.pagespeed.ic_.nrryl1jdr-.jpg 500w\" sizes=\"(max-width: 451px) 100vw, 451px\" \/><\/p>\n<p>&nbsp;<\/p>\n<p>Equipar tu casa puede ser barato y r\u00e1pido. En Septiembre, renueva tu casa. Visita nuestra <a href=\"https:\/\/que-barato.es\/\">tienda online<\/a> o cualquiera de nuestras<a href=\"https:\/\/que-barato.es\/info\/tiendas\"> tiendas en Sevilla y C\u00e1diz<\/a>. <span style=\"color: #3366ff;\">Realiza tu pedido y en 24 horas estar\u00e1s estrenando los esenciales de calidad a precios muy bajos.<\/span> \u00bfA que esperas para cambiar el concepto del mes de Septiembre?<\/p>\n","protected":false},"excerpt":{"rendered":"<p>Este mes de Septiembre, renueva tu casa. Volver al trabajo, vuelta de las vacaciones, asimilar la vuelta a la rutina, ver que cada d\u00eda se va acortando la luz del d\u00eda&#8230;y es que este mes no es nada f\u00e1cil. No es de extra\u00f1ar que muchas personas sufran el conocido \u00abtrauma post vacacional\u00bb y es que [&hellip;]<\/p>\n","protected":false},"author":4,"featured_media":3683,"comment_status":"closed","ping_status":"closed","sticky":false,"template":"","format":"standard","meta":{"footnotes":""},"categories":[40,41],"tags":[202,203,229,231,234,272],"yoast_head":"<!-- This site is optimized with the Yoast SEO plugin v21.2 - https:\/\/yoast.com\/wordpress\/plugins\/seo\/ -->\n<title>Este mes de Septiembre, \u00a1Renueva tu casa! | Qu\u00e9 Barato Blog<\/title>\n<meta name=\"description\" content=\"Te desvelamos todos los secretos para afrontar con alegr\u00eda la llegada del mes. Da un aire nuevo, en Septiembre renueva tu casa.\" \/>\n<meta name=\"robots\" content=\"index, follow, max-snippet:-1, max-image-preview:large, max-video-preview:-1\" \/>\n<link rel=\"canonical\" href=\"https:\/\/que-sofas.es\/blog\/septiembre-renueva-tu-casa\/\" \/>\n<meta property=\"og:locale\" content=\"es_ES\" \/>\n<meta property=\"og:type\" content=\"article\" \/>\n<meta property=\"og:title\" content=\"Este mes de Septiembre, \u00a1Renueva tu casa! | Qu\u00e9 Barato Blog\" \/>\n<meta property=\"og:description\" content=\"Te desvelamos todos los secretos para afrontar con alegr\u00eda la llegada del mes. Da un aire nuevo, en Septiembre renueva tu casa.\" \/>\n<meta property=\"og:url\" content=\"https:\/\/que-sofas.es\/blog\/septiembre-renueva-tu-casa\/\" \/>\n<meta property=\"og:site_name\" content=\"Que Sof\u00e1s Blog\" \/>\n<meta property=\"article:publisher\" content=\"https:\/\/www.facebook.com\/quesofasbarato\" \/>\n<meta property=\"article:published_time\" content=\"2021-09-03T07:23:41+00:00\" \/>\n<meta property=\"article:modified_time\" content=\"2021-09-29T10:26:19+00:00\" \/>\n<meta property=\"og:image\" content=\"https:\/\/que-sofas.es\/blog\/wp-content\/uploads\/2021\/09\/mini.jpg\" \/>\n\t<meta property=\"og:image:width\" content=\"448\" \/>\n\t<meta property=\"og:image:height\" content=\"298\" \/>\n\t<meta property=\"og:image:type\" content=\"image\/jpeg\" \/>\n<meta name=\"author\" content=\"Andrea\" \/>\n<meta name=\"twitter:card\" content=\"summary_large_image\" \/>\n<meta name=\"twitter:label1\" content=\"Escrito por\" \/>\n\t<meta name=\"twitter:data1\" content=\"Andrea\" \/>\n\t<meta name=\"twitter:label2\" content=\"Tiempo de lectura\" \/>\n\t<meta name=\"twitter:data2\" content=\"4 minutos\" \/>\n<script type=\"application\/ld+json\" class=\"yoast-schema-graph\">{\"@context\":\"https:\/\/schema.org\",\"@graph\":[{\"@type\":\"Article\",\"@id\":\"https:\/\/que-sofas.es\/blog\/septiembre-renueva-tu-casa\/#article\",\"isPartOf\":{\"@id\":\"https:\/\/que-sofas.es\/blog\/septiembre-renueva-tu-casa\/\"},\"author\":{\"name\":\"Andrea\",\"@id\":\"https:\/\/que-sofas.es\/blog\/#\/schema\/person\/80e21cb5ace8a092fca2cd819ea8d7d3\"},\"headline\":\"Este mes de Septiembre, \u00a1Renueva tu casa!\",\"datePublished\":\"2021-09-03T07:23:41+00:00\",\"dateModified\":\"2021-09-29T10:26:19+00:00\",\"mainEntityOfPage\":{\"@id\":\"https:\/\/que-sofas.es\/blog\/septiembre-renueva-tu-casa\/\"},\"wordCount\":382,\"publisher\":{\"@id\":\"https:\/\/que-sofas.es\/blog\/#organization\"},\"keywords\":[\"quebarato\",\"quebaratomueblesconcorazon\",\"sof\u00e1\",\"sofabarato\",\"sofaconpatas\",\"Tipos de sof\u00e1s\"],\"articleSection\":[\"Salones\",\"Sof\u00e1s y sillones\"],\"inLanguage\":\"es\"},{\"@type\":\"WebPage\",\"@id\":\"https:\/\/que-sofas.es\/blog\/septiembre-renueva-tu-casa\/\",\"url\":\"https:\/\/que-sofas.es\/blog\/septiembre-renueva-tu-casa\/\",\"name\":\"Este mes de Septiembre, \u00a1Renueva tu casa! | Qu\u00e9 Barato Blog\",\"isPartOf\":{\"@id\":\"https:\/\/que-sofas.es\/blog\/#website\"},\"datePublished\":\"2021-09-03T07:23:41+00:00\",\"dateModified\":\"2021-09-29T10:26:19+00:00\",\"description\":\"Te desvelamos todos los secretos para afrontar con alegr\u00eda la llegada del mes. Da un aire nuevo, en Septiembre renueva tu casa.\",\"breadcrumb\":{\"@id\":\"https:\/\/que-sofas.es\/blog\/septiembre-renueva-tu-casa\/#breadcrumb\"},\"inLanguage\":\"es\",\"potentialAction\":[{\"@type\":\"ReadAction\",\"target\":[\"https:\/\/que-sofas.es\/blog\/septiembre-renueva-tu-casa\/\"]}]},{\"@type\":\"BreadcrumbList\",\"@id\":\"https:\/\/que-sofas.es\/blog\/septiembre-renueva-tu-casa\/#breadcrumb\",\"itemListElement\":[{\"@type\":\"ListItem\",\"position\":1,\"name\":\"Portada\",\"item\":\"https:\/\/que-sofas.es\/blog\/\"},{\"@type\":\"ListItem\",\"position\":2,\"name\":\"Este mes de Septiembre, \u00a1Renueva tu casa!\"}]},{\"@type\":\"WebSite\",\"@id\":\"https:\/\/que-sofas.es\/blog\/#website\",\"url\":\"https:\/\/que-sofas.es\/blog\/\",\"name\":\"Que Sof\u00e1s Blog\",\"description\":\"\u00a1El blog de Que Sof\u00e1s!\",\"publisher\":{\"@id\":\"https:\/\/que-sofas.es\/blog\/#organization\"},\"potentialAction\":[{\"@type\":\"SearchAction\",\"target\":{\"@type\":\"EntryPoint\",\"urlTemplate\":\"https:\/\/que-sofas.es\/blog\/?s={search_term_string}\"},\"query-input\":\"required name=search_term_string\"}],\"inLanguage\":\"es\"},{\"@type\":\"Organization\",\"@id\":\"https:\/\/que-sofas.es\/blog\/#organization\",\"name\":\"Que Sof\u00e1s\",\"url\":\"https:\/\/que-sofas.es\/blog\/\",\"logo\":{\"@type\":\"ImageObject\",\"inLanguage\":\"es\",\"@id\":\"https:\/\/que-sofas.es\/blog\/#\/schema\/logo\/image\/\",\"url\":\"https:\/\/que-sofas.es\/blog\/wp-content\/uploads\/2023\/08\/logo-que-sofas-200x40px-2.png\",\"contentUrl\":\"https:\/\/que-sofas.es\/blog\/wp-content\/uploads\/2023\/08\/logo-que-sofas-200x40px-2.png\",\"width\":171,\"height\":39,\"caption\":\"Que Sof\u00e1s\"},\"image\":{\"@id\":\"https:\/\/que-sofas.es\/blog\/#\/schema\/logo\/image\/\"},\"sameAs\":[\"https:\/\/www.facebook.com\/quesofasbarato\",\"https:\/\/www.instagram.com\/que_sofas\/\"]},{\"@type\":\"Person\",\"@id\":\"https:\/\/que-sofas.es\/blog\/#\/schema\/person\/80e21cb5ace8a092fca2cd819ea8d7d3\",\"name\":\"Andrea\",\"image\":{\"@type\":\"ImageObject\",\"inLanguage\":\"es\",\"@id\":\"https:\/\/que-sofas.es\/blog\/#\/schema\/person\/image\/\",\"url\":\"https:\/\/secure.gravatar.com\/avatar\/2bb85a758c069c3dd890f95deec28e8a?s=96&d=mm&r=g\",\"contentUrl\":\"https:\/\/secure.gravatar.com\/avatar\/2bb85a758c069c3dd890f95deec28e8a?s=96&d=mm&r=g\",\"caption\":\"Andrea\"}}]}<\/script>\n<!-- \/ Yoast SEO plugin. -->","yoast_head_json":{"title":"Este mes de Septiembre, \u00a1Renueva tu casa! | Qu\u00e9 Barato Blog","description":"Te desvelamos todos los secretos para afrontar con alegr\u00eda la llegada del mes. Da un aire nuevo, en Septiembre renueva tu casa.","robots":{"index":"index","follow":"follow","max-snippet":"max-snippet:-1","max-image-preview":"max-image-preview:large","max-video-preview":"max-video-preview:-1"},"canonical":"https:\/\/que-sofas.es\/blog\/septiembre-renueva-tu-casa\/","og_locale":"es_ES","og_type":"article","og_title":"Este mes de Septiembre, \u00a1Renueva tu casa! | Qu\u00e9 Barato Blog","og_description":"Te desvelamos todos los secretos para afrontar con alegr\u00eda la llegada del mes. Da un aire nuevo, en Septiembre renueva tu casa.","og_url":"https:\/\/que-sofas.es\/blog\/septiembre-renueva-tu-casa\/","og_site_name":"Que Sof\u00e1s Blog","article_publisher":"https:\/\/www.facebook.com\/quesofasbarato","article_published_time":"2021-09-03T07:23:41+00:00","article_modified_time":"2021-09-29T10:26:19+00:00","og_image":[{"width":448,"height":298,"url":"https:\/\/que-sofas.es\/blog\/wp-content\/uploads\/2021\/09\/mini.jpg","type":"image\/jpeg"}],"author":"Andrea","twitter_card":"summary_large_image","twitter_misc":{"Escrito por":"Andrea","Tiempo de lectura":"4 minutos"},"schema":{"@context":"https:\/\/schema.org","@graph":[{"@type":"Article","@id":"https:\/\/que-sofas.es\/blog\/septiembre-renueva-tu-casa\/#article","isPartOf":{"@id":"https:\/\/que-sofas.es\/blog\/septiembre-renueva-tu-casa\/"},"author":{"name":"Andrea","@id":"https:\/\/que-sofas.es\/blog\/#\/schema\/person\/80e21cb5ace8a092fca2cd819ea8d7d3"},"headline":"Este mes de Septiembre, \u00a1Renueva tu casa!","datePublished":"2021-09-03T07:23:41+00:00","dateModified":"2021-09-29T10:26:19+00:00","mainEntityOfPage":{"@id":"https:\/\/que-sofas.es\/blog\/septiembre-renueva-tu-casa\/"},"wordCount":382,"publisher":{"@id":"https:\/\/que-sofas.es\/blog\/#organization"},"keywords":["quebarato","quebaratomueblesconcorazon","sof\u00e1","sofabarato","sofaconpatas","Tipos de sof\u00e1s"],"articleSection":["Salones","Sof\u00e1s y sillones"],"inLanguage":"es"},{"@type":"WebPage","@id":"https:\/\/que-sofas.es\/blog\/septiembre-renueva-tu-casa\/","url":"https:\/\/que-sofas.es\/blog\/septiembre-renueva-tu-casa\/","name":"Este mes de Septiembre, \u00a1Renueva tu casa! | Qu\u00e9 Barato Blog","isPartOf":{"@id":"https:\/\/que-sofas.es\/blog\/#website"},"datePublished":"2021-09-03T07:23:41+00:00","dateModified":"2021-09-29T10:26:19+00:00","description":"Te desvelamos todos los secretos para afrontar con alegr\u00eda la llegada del mes. Da un aire nuevo, en Septiembre renueva tu casa.","breadcrumb":{"@id":"https:\/\/que-sofas.es\/blog\/septiembre-renueva-tu-casa\/#breadcrumb"},"inLanguage":"es","potentialAction":[{"@type":"ReadAction","target":["https:\/\/que-sofas.es\/blog\/septiembre-renueva-tu-casa\/"]}]},{"@type":"BreadcrumbList","@id":"https:\/\/que-sofas.es\/blog\/septiembre-renueva-tu-casa\/#breadcrumb","itemListElement":[{"@type":"ListItem","position":1,"name":"Portada","item":"https:\/\/que-sofas.es\/blog\/"},{"@type":"ListItem","position":2,"name":"Este mes de Septiembre, \u00a1Renueva tu casa!"}]},{"@type":"WebSite","@id":"https:\/\/que-sofas.es\/blog\/#website","url":"https:\/\/que-sofas.es\/blog\/","name":"Que Sof\u00e1s Blog","description":"\u00a1El blog de Que Sof\u00e1s!","publisher":{"@id":"https:\/\/que-sofas.es\/blog\/#organization"},"potentialAction":[{"@type":"SearchAction","target":{"@type":"EntryPoint","urlTemplate":"https:\/\/que-sofas.es\/blog\/?s={search_term_string}"},"query-input":"required name=search_term_string"}],"inLanguage":"es"},{"@type":"Organization","@id":"https:\/\/que-sofas.es\/blog\/#organization","name":"Que Sof\u00e1s","url":"https:\/\/que-sofas.es\/blog\/","logo":{"@type":"ImageObject","inLanguage":"es","@id":"https:\/\/que-sofas.es\/blog\/#\/schema\/logo\/image\/","url":"https:\/\/que-sofas.es\/blog\/wp-content\/uploads\/2023\/08\/logo-que-sofas-200x40px-2.png","contentUrl":"https:\/\/que-sofas.es\/blog\/wp-content\/uploads\/2023\/08\/logo-que-sofas-200x40px-2.png","width":171,"height":39,"caption":"Que Sof\u00e1s"},"image":{"@id":"https:\/\/que-sofas.es\/blog\/#\/schema\/logo\/image\/"},"sameAs":["https:\/\/www.facebook.com\/quesofasbarato","https:\/\/www.instagram.com\/que_sofas\/"]},{"@type":"Person","@id":"https:\/\/que-sofas.es\/blog\/#\/schema\/person\/80e21cb5ace8a092fca2cd819ea8d7d3","name":"Andrea","image":{"@type":"ImageObject","inLanguage":"es","@id":"https:\/\/que-sofas.es\/blog\/#\/schema\/person\/image\/","url":"https:\/\/secure.gravatar.com\/avatar\/2bb85a758c069c3dd890f95deec28e8a?s=96&d=mm&r=g","contentUrl":"https:\/\/secure.gravatar.com\/avatar\/2bb85a758c069c3dd890f95deec28e8a?s=96&d=mm&r=g","caption":"Andrea"}}]}},"_links":{"self":[{"href":"https:\/\/que-sofas.es\/blog\/wp-json\/wp\/v2\/posts\/3672"}],"collection":[{"href":"https:\/\/que-sofas.es\/blog\/wp-json\/wp\/v2\/posts"}],"about":[{"href":"https:\/\/que-sofas.es\/blog\/wp-json\/wp\/v2\/types\/post"}],"author":[{"embeddable":true,"href":"https:\/\/que-sofas.es\/blog\/wp-json\/wp\/v2\/users\/4"}],"replies":[{"embeddable":true,"href":"https:\/\/que-sofas.es\/blog\/wp-json\/wp\/v2\/comments?post=3672"}],"version-history":[{"count":4,"href":"https:\/\/que-sofas.es\/blog\/wp-json\/wp\/v2\/posts\/3672\/revisions"}],"predecessor-version":[{"id":3746,"href":"https:\/\/que-sofas.es\/blog\/wp-json\/wp\/v2\/posts\/3672\/revisions\/3746"}],"wp:featuredmedia":[{"embeddable":true,"href":"https:\/\/que-sofas.es\/blog\/wp-json\/wp\/v2\/media\/3683"}],"wp:attachment":[{"href":"https:\/\/que-sofas.es\/blog\/wp-json\/wp\/v2\/media?parent=3672"}],"wp:term":[{"taxonomy":"category","embeddable":true,"href":"https:\/\/que-sofas.es\/blog\/wp-json\/wp\/v2\/categories?post=3672"},{"taxonomy":"post_tag","embeddable":true,"href":"https:\/\/que-sofas.es\/blog\/wp-json\/wp\/v2\/tags?post=3672"}],"curies":[{"name":"wp","href":"https:\/\/api.w.org\/{rel}","templated":true}]}}