{"id":3645,"date":"2021-07-19T12:33:21","date_gmt":"2021-07-19T10:33:21","guid":{"rendered":"https:\/\/que-barato.es\/blog\/?p=3645"},"modified":"2021-07-19T12:34:59","modified_gmt":"2021-07-19T10:34:59","slug":"mesas-de-comedor-para-reuniones-veraniegas","status":"publish","type":"post","link":"https:\/\/que-sofas.es\/blog\/mesas-de-comedor-para-reuniones-veraniegas\/","title":{"rendered":"La esencia de las mesas de comedor para tus reuniones veraniegas"},"content":{"rendered":"<p>Llegan los d\u00edas de verano y con ellos aumenta nuestro tiempo libre y las ganas de reunirnos con los amigos y la familia. Nuestros salones se convierten en el centro de todas las miradas y la mesa en su elemento indispensable, por ello te contamos cu\u00e1l es la esencia de las <strong>mesas de comedor para tus reuniones veraniegas. <\/strong><\/p>\n<p>&nbsp;<\/p>\n<div id=\"ez-toc-container\" class=\"ez-toc-v2_0_55 counter-hierarchy ez-toc-counter ez-toc-grey ez-toc-container-direction\">\n<p class=\"ez-toc-title\">&iquest;De qu&eacute; hablamos en este post?<\/p>\n<label for=\"ez-toc-cssicon-toggle-item-69f5a2bc54f20\"><span class=\"\"><span style=\"display:none;\">Toggle<\/span><span class=\"ez-toc-icon-toggle-span\"><svg style=\"fill: #999;color:#999\" xmlns=\"http:\/\/www.w3.org\/2000\/svg\" class=\"list-377408\" width=\"20px\" height=\"20px\" viewBox=\"0 0 24 24\" fill=\"none\"><path d=\"M6 6H4v2h2V6zm14 0H8v2h12V6zM4 11h2v2H4v-2zm16 0H8v2h12v-2zM4 16h2v2H4v-2zm16 0H8v2h12v-2z\" fill=\"currentColor\"><\/path><\/svg><svg style=\"fill: #999;color:#999\" class=\"arrow-unsorted-368013\" xmlns=\"http:\/\/www.w3.org\/2000\/svg\" width=\"10px\" height=\"10px\" viewBox=\"0 0 24 24\" version=\"1.2\" baseProfile=\"tiny\"><path d=\"M18.2 9.3l-6.2-6.3-6.2 6.3c-.2.2-.3.4-.3.7s.1.5.3.7c.2.2.4.3.7.3h11c.3 0 .5-.1.7-.3.2-.2.3-.5.3-.7s-.1-.5-.3-.7zM5.8 14.7l6.2 6.3 6.2-6.3c.2-.2.3-.5.3-.7s-.1-.5-.3-.7c-.2-.2-.4-.3-.7-.3h-11c-.3 0-.5.1-.7.3-.2.2-.3.5-.3.7s.1.5.3.7z\"\/><\/svg><\/span><\/span><\/label><input type=\"checkbox\"  id=\"ez-toc-cssicon-toggle-item-69f5a2bc54f20\"  aria-label=\"Toggle\" \/><nav><ul class='ez-toc-list ez-toc-list-level-1 ' ><li class='ez-toc-page-1 ez-toc-heading-level-2'><a class=\"ez-toc-link ez-toc-heading-1\" href=\"https:\/\/que-sofas.es\/blog\/mesas-de-comedor-para-reuniones-veraniegas\/#Ten_en_cuenta_el_espacio_disponible\" title=\"Ten en cuenta el espacio disponible \">Ten en cuenta el espacio disponible <\/a><\/li><li class='ez-toc-page-1 ez-toc-heading-level-2'><a class=\"ez-toc-link ez-toc-heading-2\" href=\"https:\/\/que-sofas.es\/blog\/mesas-de-comedor-para-reuniones-veraniegas\/#Determina_las_funcionalidades_de_la_mesa_de_comedor\" title=\"Determina las funcionalidades de la mesa de comedor \">Determina las funcionalidades de la mesa de comedor <\/a><\/li><li class='ez-toc-page-1 ez-toc-heading-level-2'><a class=\"ez-toc-link ez-toc-heading-3\" href=\"https:\/\/que-sofas.es\/blog\/mesas-de-comedor-para-reuniones-veraniegas\/#Que_forma_se_adapta_mas_a_tu_hogar\" title=\"Qu\u00e9 forma se adapta m\u00e1s a tu hogar \">Qu\u00e9 forma se adapta m\u00e1s a tu hogar <\/a><\/li><li class='ez-toc-page-1 ez-toc-heading-level-2'><a class=\"ez-toc-link ez-toc-heading-4\" href=\"https:\/\/que-sofas.es\/blog\/mesas-de-comedor-para-reuniones-veraniegas\/#Combina_la_mesa_con_el_estilo_de_tu_salon\" title=\"Combina la mesa con el estilo de tu sal\u00f3n \">Combina la mesa con el estilo de tu sal\u00f3n <\/a><\/li><\/ul><\/nav><\/div>\n<h2><span class=\"ez-toc-section\" id=\"Ten_en_cuenta_el_espacio_disponible\"><\/span><strong>Ten en cuenta el espacio disponible <\/strong><span class=\"ez-toc-section-end\"><\/span><\/h2>\n<p>Lo primero que debes hacer es <strong>coger medidas del espacio<\/strong> que tienes disponible para ubicar tu mesa de comedor. Este punto ser\u00e1 determinante para saber qu\u00e9 medidas deber\u00e1 tener nuestra mesa para que se ajuste de la mejor forma posible. Un consejo para tomar medidas es hacerlo sobre un plano de la habitaci\u00f3n en la cual puedes tener en cuenta el resto de los muebles que ya est\u00e1n en la estancia o que pretendes introducir en la misma.<\/p>\n<p><img decoding=\"async\" loading=\"lazy\" class=\"size-medium wp-image-3646 alignright\" src=\"https:\/\/que-barato.es\/blog\/wp-content\/uploads\/2021\/07\/mesa-de-comedor-lyon-300x250.jpg\" alt=\"\" width=\"300\" height=\"250\" srcset=\"https:\/\/que-sofas.es\/blog\/wp-content\/uploads\/2021\/07\/mesa-de-comedor-lyon-300x250.jpg 300w, https:\/\/que-sofas.es\/blog\/wp-content\/uploads\/2021\/07\/mesa-de-comedor-lyon-1030x858.jpg 1030w, https:\/\/que-sofas.es\/blog\/wp-content\/uploads\/2021\/07\/mesa-de-comedor-lyon-768x640.jpg 768w, https:\/\/que-sofas.es\/blog\/wp-content\/uploads\/2021\/07\/mesa-de-comedor-lyon.jpg 1100w\" sizes=\"(max-width: 300px) 100vw, 300px\" \/><\/p>\n<p>A pesar de que hay diversas medidas recomendadas para la mesa de comedor, son a\u00fan m\u00e1s la variedad de condicionantes que entran en juego. Ten en cuenta el lugar exacto en el que ubicar la mesa, los lugares de paso para evitar entorpecer el tr\u00e1nsito, la comunicaci\u00f3n de las distintas estancias. Adem\u00e1s, no puedes olvidarte de contar con el espacio adicional que ser\u00e1 necesario para las sillas de tu mesa de comedor.<\/p>\n<p>Nuestra apuesta es por las mesas de 150x90x75 y nuestra <a href=\"https:\/\/que-barato.es\/mesas-de-comedor-baratos\/mesa-de-comedor-lyon\">mesa LYON<\/a> es el mejor ejemplo de ello. Con un cristal templado transparente y patas en color cambrian, ser\u00e1 el centro de tu sal\u00f3n y la perfecta anfitriona para tus reuniones este verano.<\/p>\n<h2><\/h2>\n<h2><span class=\"ez-toc-section\" id=\"Determina_las_funcionalidades_de_la_mesa_de_comedor\"><\/span><strong>Determina las funcionalidades de la mesa de comedor <\/strong><span class=\"ez-toc-section-end\"><\/span><\/h2>\n<p>Adem\u00e1s de las medidas y la ubicaci\u00f3n, es importante definir el tipo de actividades que vamos a desarrollar en nuestra m<img decoding=\"async\" loading=\"lazy\" class=\"size-medium wp-image-3647 alignleft\" src=\"https:\/\/que-barato.es\/blog\/wp-content\/uploads\/2021\/07\/mesa-comedor-extensible-color-nogal-300x250.jpg\" alt=\"\" width=\"300\" height=\"250\" srcset=\"https:\/\/que-sofas.es\/blog\/wp-content\/uploads\/2021\/07\/mesa-comedor-extensible-color-nogal-300x250.jpg 300w, https:\/\/que-sofas.es\/blog\/wp-content\/uploads\/2021\/07\/mesa-comedor-extensible-color-nogal-1030x858.jpg 1030w, https:\/\/que-sofas.es\/blog\/wp-content\/uploads\/2021\/07\/mesa-comedor-extensible-color-nogal-768x640.jpg 768w, https:\/\/que-sofas.es\/blog\/wp-content\/uploads\/2021\/07\/mesa-comedor-extensible-color-nogal.jpg 1100w\" sizes=\"(max-width: 300px) 100vw, 300px\" \/>esa. Existe la posibilidad de introducir las mesas seg\u00fan el n\u00famero de comensales que queremos ver reunidos a su alrededor o bien incluir una de un tama\u00f1o m\u00e1s peque\u00f1a que pueda extenderse en caso de necesitar espacio adicional. Sin duda un sinf\u00edn de posibilidades.<\/p>\n<p>Es importante tener en cuenta el uso que le vayamos a dar a nuestra mesa de comedor ya que podemos implementar sus funcionalidades seg\u00fan para qu\u00e9 la queramos: reuniones familiares grandes, mesa de trabajo o estudio, etc.<\/p>\n<p>Nuestra <a href=\"https:\/\/que-barato.es\/varios-outlet\/mesa-comedor-extensible-color-nogal\">mesa de comedor extensible color nogal<\/a> ser\u00e1 perfecta en caso de necesitar espacio extra dada su <strong>versatilidad a la hora de extender su espacio<\/strong> para acoger a todos los comensales.<\/p>\n<h2><\/h2>\n<h2><span class=\"ez-toc-section\" id=\"Que_forma_se_adapta_mas_a_tu_hogar\"><\/span><strong>Qu\u00e9 forma se adapta m\u00e1s a tu hogar <\/strong><span class=\"ez-toc-section-end\"><\/span><\/h2>\n<p>Con respecto a la forma de la mesa de comedor encontramos muchas variedades y dise\u00f1os que pueden ser perfectas para tu casa. Lo importante es <strong>encontrar una con la que nos sintamos c\u00f3modos<\/strong> e invite a reunirnos a su alrededor.<\/p>\n<p>Las mesas redondas son id\u00f3neas para la interacci\u00f3n y la conversaci\u00f3n dada su versatilidad mientras que las rectangulares son m\u00e1s pr\u00e1cticas y las m\u00e1s utilizadas. En el caso de las cuadradas o las ovaladas depender\u00e1 del n\u00famero de comensales ya que las primeras son perfectas para los espacios peque\u00f1os y las segundas para las reuniones multitudinarias en las que se dispone de mucho espacio.<\/p>\n<p>&nbsp;<\/p>\n<h2><span class=\"ez-toc-section\" id=\"Combina_la_mesa_con_el_estilo_de_tu_salon\"><\/span><strong>Combina la mesa con el estilo de tu sal\u00f3n <\/strong><span class=\"ez-toc-section-end\"><\/span><\/h2>\n<p>Una vez te hayas decantado por una forma y un tama\u00f1o, debes elegir el estilo que tendr\u00e1 la misma. Siguiendo la l\u00ednea decorativa de la estancia o sal\u00f3n donde la ubicaremos.<a href=\"https:\/\/que-barato.es\/mesas-de-comedor-baratos\/mesa-de-comedor-agora\"><img decoding=\"async\" loading=\"lazy\" class=\"size-medium wp-image-3648 alignright\" src=\"https:\/\/que-barato.es\/blog\/wp-content\/uploads\/2021\/07\/mesa-de-comedor-agora-300x250.jpg\" alt=\"\" width=\"300\" height=\"250\" srcset=\"https:\/\/que-sofas.es\/blog\/wp-content\/uploads\/2021\/07\/mesa-de-comedor-agora-300x250.jpg 300w, https:\/\/que-sofas.es\/blog\/wp-content\/uploads\/2021\/07\/mesa-de-comedor-agora-1030x858.jpg 1030w, https:\/\/que-sofas.es\/blog\/wp-content\/uploads\/2021\/07\/mesa-de-comedor-agora-768x640.jpg 768w, https:\/\/que-sofas.es\/blog\/wp-content\/uploads\/2021\/07\/mesa-de-comedor-agora.jpg 1100w\" sizes=\"(max-width: 300px) 100vw, 300px\" \/><\/a><\/p>\n<p>Si ya tienes claro de qu\u00e9 forma y tama\u00f1o va a ser tu mesa, ahora solo te queda elegir el estilo. Aunque, si el resto de tu casa ya est\u00e1 decorada, lo m\u00e1s probable es que sigas la misma l\u00ednea decorativa que hasta ahora. De madera, de aluminio o de cristal son algunos ejemplos de los estilos que puedes encontrar.<\/p>\n<p>El modelo <a href=\"https:\/\/que-barato.es\/mesas-de-comedor-baratos\/mesa-de-comedor-agora\">AGORA de mesa de comedor<\/a> no pasa de moda, un b\u00e1sico para tu comedor en el que podr\u00e1s pasar las mejores horas de tu verano.<\/p>\n<p>Un abanico de propuestas para poder disfrutar de las reuniones veraniegas en el mejor entorno. \u00bfCon cu\u00e1l te quedas?<\/p>\n","protected":false},"excerpt":{"rendered":"<p>Llegan los d\u00edas de verano y con ellos aumenta nuestro tiempo libre y las ganas de reunirnos con los amigos y la familia. Nuestros salones se convierten en el centro de todas las miradas y la mesa en su elemento indispensable, por ello te contamos cu\u00e1l es la esencia de las mesas de comedor para [&hellip;]<\/p>\n","protected":false},"author":3,"featured_media":3649,"comment_status":"closed","ping_status":"closed","sticky":false,"template":"","format":"standard","meta":{"footnotes":""},"categories":[39,40],"tags":[100,106,147,171,257],"yoast_head":"<!-- This site is optimized with the Yoast SEO plugin v21.2 - https:\/\/yoast.com\/wordpress\/plugins\/seo\/ -->\n<title>Las mesas de comedor para tus reuniones veraniegas | Que Barato Blog<\/title>\n<meta name=\"description\" content=\"Llegan las vacaciones y el buen tiempo y te contamos cu\u00e1l es la esencia de las mesas de comedor para tus reuniones veraniegas.\" \/>\n<meta name=\"robots\" content=\"index, follow, max-snippet:-1, max-image-preview:large, max-video-preview:-1\" \/>\n<link rel=\"canonical\" href=\"https:\/\/que-sofas.es\/blog\/mesas-de-comedor-para-reuniones-veraniegas\/\" \/>\n<meta property=\"og:locale\" content=\"es_ES\" \/>\n<meta property=\"og:type\" content=\"article\" \/>\n<meta property=\"og:title\" content=\"Las mesas de comedor para tus reuniones veraniegas | Que Barato Blog\" \/>\n<meta property=\"og:description\" content=\"Llegan las vacaciones y el buen tiempo y te contamos cu\u00e1l es la esencia de las mesas de comedor para tus reuniones veraniegas.\" \/>\n<meta property=\"og:url\" content=\"https:\/\/que-sofas.es\/blog\/mesas-de-comedor-para-reuniones-veraniegas\/\" \/>\n<meta property=\"og:site_name\" content=\"Que Sof\u00e1s Blog\" \/>\n<meta property=\"article:publisher\" content=\"https:\/\/www.facebook.com\/quesofasbarato\" \/>\n<meta property=\"article:published_time\" content=\"2021-07-19T10:33:21+00:00\" \/>\n<meta property=\"article:modified_time\" content=\"2021-07-19T10:34:59+00:00\" \/>\n<meta property=\"og:image\" content=\"https:\/\/que-sofas.es\/blog\/wp-content\/uploads\/2021\/07\/mesas-de-comedor-reuniones-veraniegas.png\" \/>\n\t<meta property=\"og:image:width\" content=\"640\" \/>\n\t<meta property=\"og:image:height\" content=\"423\" \/>\n\t<meta property=\"og:image:type\" content=\"image\/png\" \/>\n<meta name=\"author\" content=\"Que Barato\" \/>\n<meta name=\"twitter:card\" content=\"summary_large_image\" \/>\n<meta name=\"twitter:label1\" content=\"Escrito por\" \/>\n\t<meta name=\"twitter:data1\" content=\"Que Barato\" \/>\n\t<meta name=\"twitter:label2\" content=\"Tiempo de lectura\" \/>\n\t<meta name=\"twitter:data2\" content=\"4 minutos\" \/>\n<script type=\"application\/ld+json\" class=\"yoast-schema-graph\">{\"@context\":\"https:\/\/schema.org\",\"@graph\":[{\"@type\":\"Article\",\"@id\":\"https:\/\/que-sofas.es\/blog\/mesas-de-comedor-para-reuniones-veraniegas\/#article\",\"isPartOf\":{\"@id\":\"https:\/\/que-sofas.es\/blog\/mesas-de-comedor-para-reuniones-veraniegas\/\"},\"author\":{\"name\":\"Que Barato\",\"@id\":\"https:\/\/que-sofas.es\/blog\/#\/schema\/person\/70cf32421bda4ee10a724cebf2437836\"},\"headline\":\"La esencia de las mesas de comedor para tus reuniones veraniegas\",\"datePublished\":\"2021-07-19T10:33:21+00:00\",\"dateModified\":\"2021-07-19T10:34:59+00:00\",\"mainEntityOfPage\":{\"@id\":\"https:\/\/que-sofas.es\/blog\/mesas-de-comedor-para-reuniones-veraniegas\/\"},\"wordCount\":709,\"publisher\":{\"@id\":\"https:\/\/que-sofas.es\/blog\/#organization\"},\"keywords\":[\"comedor\",\"Consejos\",\"hogar\",\"mesa\",\"verano\"],\"articleSection\":[\"Ideas y consejos\",\"Salones\"],\"inLanguage\":\"es\"},{\"@type\":\"WebPage\",\"@id\":\"https:\/\/que-sofas.es\/blog\/mesas-de-comedor-para-reuniones-veraniegas\/\",\"url\":\"https:\/\/que-sofas.es\/blog\/mesas-de-comedor-para-reuniones-veraniegas\/\",\"name\":\"Las mesas de comedor para tus reuniones veraniegas | Que Barato Blog\",\"isPartOf\":{\"@id\":\"https:\/\/que-sofas.es\/blog\/#website\"},\"datePublished\":\"2021-07-19T10:33:21+00:00\",\"dateModified\":\"2021-07-19T10:34:59+00:00\",\"description\":\"Llegan las vacaciones y el buen tiempo y te contamos cu\u00e1l es la esencia de las mesas de comedor para tus reuniones veraniegas.\",\"breadcrumb\":{\"@id\":\"https:\/\/que-sofas.es\/blog\/mesas-de-comedor-para-reuniones-veraniegas\/#breadcrumb\"},\"inLanguage\":\"es\",\"potentialAction\":[{\"@type\":\"ReadAction\",\"target\":[\"https:\/\/que-sofas.es\/blog\/mesas-de-comedor-para-reuniones-veraniegas\/\"]}]},{\"@type\":\"BreadcrumbList\",\"@id\":\"https:\/\/que-sofas.es\/blog\/mesas-de-comedor-para-reuniones-veraniegas\/#breadcrumb\",\"itemListElement\":[{\"@type\":\"ListItem\",\"position\":1,\"name\":\"Portada\",\"item\":\"https:\/\/que-sofas.es\/blog\/\"},{\"@type\":\"ListItem\",\"position\":2,\"name\":\"La esencia de las mesas de comedor para tus reuniones veraniegas\"}]},{\"@type\":\"WebSite\",\"@id\":\"https:\/\/que-sofas.es\/blog\/#website\",\"url\":\"https:\/\/que-sofas.es\/blog\/\",\"name\":\"Que Sof\u00e1s Blog\",\"description\":\"\u00a1El blog de Que Sof\u00e1s!\",\"publisher\":{\"@id\":\"https:\/\/que-sofas.es\/blog\/#organization\"},\"potentialAction\":[{\"@type\":\"SearchAction\",\"target\":{\"@type\":\"EntryPoint\",\"urlTemplate\":\"https:\/\/que-sofas.es\/blog\/?s={search_term_string}\"},\"query-input\":\"required name=search_term_string\"}],\"inLanguage\":\"es\"},{\"@type\":\"Organization\",\"@id\":\"https:\/\/que-sofas.es\/blog\/#organization\",\"name\":\"Que Sof\u00e1s\",\"url\":\"https:\/\/que-sofas.es\/blog\/\",\"logo\":{\"@type\":\"ImageObject\",\"inLanguage\":\"es\",\"@id\":\"https:\/\/que-sofas.es\/blog\/#\/schema\/logo\/image\/\",\"url\":\"https:\/\/que-sofas.es\/blog\/wp-content\/uploads\/2023\/08\/logo-que-sofas-200x40px-2.png\",\"contentUrl\":\"https:\/\/que-sofas.es\/blog\/wp-content\/uploads\/2023\/08\/logo-que-sofas-200x40px-2.png\",\"width\":171,\"height\":39,\"caption\":\"Que Sof\u00e1s\"},\"image\":{\"@id\":\"https:\/\/que-sofas.es\/blog\/#\/schema\/logo\/image\/\"},\"sameAs\":[\"https:\/\/www.facebook.com\/quesofasbarato\",\"https:\/\/www.instagram.com\/que_sofas\/\"]},{\"@type\":\"Person\",\"@id\":\"https:\/\/que-sofas.es\/blog\/#\/schema\/person\/70cf32421bda4ee10a724cebf2437836\",\"name\":\"Que Barato\",\"image\":{\"@type\":\"ImageObject\",\"inLanguage\":\"es\",\"@id\":\"https:\/\/que-sofas.es\/blog\/#\/schema\/person\/image\/\",\"url\":\"https:\/\/secure.gravatar.com\/avatar\/2e4417e0f91201ea490393883aae4775?s=96&d=mm&r=g\",\"contentUrl\":\"https:\/\/secure.gravatar.com\/avatar\/2e4417e0f91201ea490393883aae4775?s=96&d=mm&r=g\",\"caption\":\"Que Barato\"}}]}<\/script>\n<!-- \/ Yoast SEO plugin. -->","yoast_head_json":{"title":"Las mesas de comedor para tus reuniones veraniegas | Que Barato Blog","description":"Llegan las vacaciones y el buen tiempo y te contamos cu\u00e1l es la esencia de las mesas de comedor para tus reuniones veraniegas.","robots":{"index":"index","follow":"follow","max-snippet":"max-snippet:-1","max-image-preview":"max-image-preview:large","max-video-preview":"max-video-preview:-1"},"canonical":"https:\/\/que-sofas.es\/blog\/mesas-de-comedor-para-reuniones-veraniegas\/","og_locale":"es_ES","og_type":"article","og_title":"Las mesas de comedor para tus reuniones veraniegas | Que Barato Blog","og_description":"Llegan las vacaciones y el buen tiempo y te contamos cu\u00e1l es la esencia de las mesas de comedor para tus reuniones veraniegas.","og_url":"https:\/\/que-sofas.es\/blog\/mesas-de-comedor-para-reuniones-veraniegas\/","og_site_name":"Que Sof\u00e1s Blog","article_publisher":"https:\/\/www.facebook.com\/quesofasbarato","article_published_time":"2021-07-19T10:33:21+00:00","article_modified_time":"2021-07-19T10:34:59+00:00","og_image":[{"width":640,"height":423,"url":"https:\/\/que-sofas.es\/blog\/wp-content\/uploads\/2021\/07\/mesas-de-comedor-reuniones-veraniegas.png","type":"image\/png"}],"author":"Que Barato","twitter_card":"summary_large_image","twitter_misc":{"Escrito por":"Que Barato","Tiempo de lectura":"4 minutos"},"schema":{"@context":"https:\/\/schema.org","@graph":[{"@type":"Article","@id":"https:\/\/que-sofas.es\/blog\/mesas-de-comedor-para-reuniones-veraniegas\/#article","isPartOf":{"@id":"https:\/\/que-sofas.es\/blog\/mesas-de-comedor-para-reuniones-veraniegas\/"},"author":{"name":"Que Barato","@id":"https:\/\/que-sofas.es\/blog\/#\/schema\/person\/70cf32421bda4ee10a724cebf2437836"},"headline":"La esencia de las mesas de comedor para tus reuniones veraniegas","datePublished":"2021-07-19T10:33:21+00:00","dateModified":"2021-07-19T10:34:59+00:00","mainEntityOfPage":{"@id":"https:\/\/que-sofas.es\/blog\/mesas-de-comedor-para-reuniones-veraniegas\/"},"wordCount":709,"publisher":{"@id":"https:\/\/que-sofas.es\/blog\/#organization"},"keywords":["comedor","Consejos","hogar","mesa","verano"],"articleSection":["Ideas y consejos","Salones"],"inLanguage":"es"},{"@type":"WebPage","@id":"https:\/\/que-sofas.es\/blog\/mesas-de-comedor-para-reuniones-veraniegas\/","url":"https:\/\/que-sofas.es\/blog\/mesas-de-comedor-para-reuniones-veraniegas\/","name":"Las mesas de comedor para tus reuniones veraniegas | Que Barato Blog","isPartOf":{"@id":"https:\/\/que-sofas.es\/blog\/#website"},"datePublished":"2021-07-19T10:33:21+00:00","dateModified":"2021-07-19T10:34:59+00:00","description":"Llegan las vacaciones y el buen tiempo y te contamos cu\u00e1l es la esencia de las mesas de comedor para tus reuniones veraniegas.","breadcrumb":{"@id":"https:\/\/que-sofas.es\/blog\/mesas-de-comedor-para-reuniones-veraniegas\/#breadcrumb"},"inLanguage":"es","potentialAction":[{"@type":"ReadAction","target":["https:\/\/que-sofas.es\/blog\/mesas-de-comedor-para-reuniones-veraniegas\/"]}]},{"@type":"BreadcrumbList","@id":"https:\/\/que-sofas.es\/blog\/mesas-de-comedor-para-reuniones-veraniegas\/#breadcrumb","itemListElement":[{"@type":"ListItem","position":1,"name":"Portada","item":"https:\/\/que-sofas.es\/blog\/"},{"@type":"ListItem","position":2,"name":"La esencia de las mesas de comedor para tus reuniones veraniegas"}]},{"@type":"WebSite","@id":"https:\/\/que-sofas.es\/blog\/#website","url":"https:\/\/que-sofas.es\/blog\/","name":"Que Sof\u00e1s Blog","description":"\u00a1El blog de Que Sof\u00e1s!","publisher":{"@id":"https:\/\/que-sofas.es\/blog\/#organization"},"potentialAction":[{"@type":"SearchAction","target":{"@type":"EntryPoint","urlTemplate":"https:\/\/que-sofas.es\/blog\/?s={search_term_string}"},"query-input":"required name=search_term_string"}],"inLanguage":"es"},{"@type":"Organization","@id":"https:\/\/que-sofas.es\/blog\/#organization","name":"Que Sof\u00e1s","url":"https:\/\/que-sofas.es\/blog\/","logo":{"@type":"ImageObject","inLanguage":"es","@id":"https:\/\/que-sofas.es\/blog\/#\/schema\/logo\/image\/","url":"https:\/\/que-sofas.es\/blog\/wp-content\/uploads\/2023\/08\/logo-que-sofas-200x40px-2.png","contentUrl":"https:\/\/que-sofas.es\/blog\/wp-content\/uploads\/2023\/08\/logo-que-sofas-200x40px-2.png","width":171,"height":39,"caption":"Que Sof\u00e1s"},"image":{"@id":"https:\/\/que-sofas.es\/blog\/#\/schema\/logo\/image\/"},"sameAs":["https:\/\/www.facebook.com\/quesofasbarato","https:\/\/www.instagram.com\/que_sofas\/"]},{"@type":"Person","@id":"https:\/\/que-sofas.es\/blog\/#\/schema\/person\/70cf32421bda4ee10a724cebf2437836","name":"Que Barato","image":{"@type":"ImageObject","inLanguage":"es","@id":"https:\/\/que-sofas.es\/blog\/#\/schema\/person\/image\/","url":"https:\/\/secure.gravatar.com\/avatar\/2e4417e0f91201ea490393883aae4775?s=96&d=mm&r=g","contentUrl":"https:\/\/secure.gravatar.com\/avatar\/2e4417e0f91201ea490393883aae4775?s=96&d=mm&r=g","caption":"Que Barato"}}]}},"_links":{"self":[{"href":"https:\/\/que-sofas.es\/blog\/wp-json\/wp\/v2\/posts\/3645"}],"collection":[{"href":"https:\/\/que-sofas.es\/blog\/wp-json\/wp\/v2\/posts"}],"about":[{"href":"https:\/\/que-sofas.es\/blog\/wp-json\/wp\/v2\/types\/post"}],"author":[{"embeddable":true,"href":"https:\/\/que-sofas.es\/blog\/wp-json\/wp\/v2\/users\/3"}],"replies":[{"embeddable":true,"href":"https:\/\/que-sofas.es\/blog\/wp-json\/wp\/v2\/comments?post=3645"}],"version-history":[{"count":4,"href":"https:\/\/que-sofas.es\/blog\/wp-json\/wp\/v2\/posts\/3645\/revisions"}],"predecessor-version":[{"id":3653,"href":"https:\/\/que-sofas.es\/blog\/wp-json\/wp\/v2\/posts\/3645\/revisions\/3653"}],"wp:featuredmedia":[{"embeddable":true,"href":"https:\/\/que-sofas.es\/blog\/wp-json\/wp\/v2\/media\/3649"}],"wp:attachment":[{"href":"https:\/\/que-sofas.es\/blog\/wp-json\/wp\/v2\/media?parent=3645"}],"wp:term":[{"taxonomy":"category","embeddable":true,"href":"https:\/\/que-sofas.es\/blog\/wp-json\/wp\/v2\/categories?post=3645"},{"taxonomy":"post_tag","embeddable":true,"href":"https:\/\/que-sofas.es\/blog\/wp-json\/wp\/v2\/tags?post=3645"}],"curies":[{"name":"wp","href":"https:\/\/api.w.org\/{rel}","templated":true}]}}