{"id":3591,"date":"2021-03-29T13:08:25","date_gmt":"2021-03-29T11:08:25","guid":{"rendered":"https:\/\/que-barato.es\/blog\/?p=3591"},"modified":"2021-03-29T13:10:52","modified_gmt":"2021-03-29T11:10:52","slug":"cambio-armario-primavera","status":"publish","type":"post","link":"https:\/\/que-sofas.es\/blog\/cambio-armario-primavera\/","title":{"rendered":"Los mejores trucos para realizar el cambio de armario de primavera"},"content":{"rendered":"<p>La llegada del buen tiempo trae muchos planes nuevos que se acompa\u00f1an de un maravilloso sol. Pero los looks cambian con la estacionalidad y tambi\u00e9n debemos tener en cuenta que se acerca una de las tareas que nos pueden resultar m\u00e1s tediosas de realizar: el cambio de armario de primavera.<\/p>\n<p>Realizar el traspaso de ropa de invierno a ropa de verano es para muchos una aut\u00e9ntica pesadilla. Pero, adem\u00e1s de necesario por el cambio de temperatura, es una fant\u00e1stica <strong>oportunidad para hacer inventario<\/strong> de toda esa ropa que has ido guardando y que ya no te pones. Por eso, desde Que Barato os damos los mejores trucos para realizar el cambio de armario de primavera-verano para que te sea lo m\u00e1s f\u00e1cil posible.<\/p>\n<div id=\"ez-toc-container\" class=\"ez-toc-v2_0_55 counter-hierarchy ez-toc-counter ez-toc-grey ez-toc-container-direction\">\n<p class=\"ez-toc-title\">&iquest;De qu&eacute; hablamos en este post?<\/p>\n<label for=\"ez-toc-cssicon-toggle-item-69f593946ab44\"><span class=\"\"><span style=\"display:none;\">Toggle<\/span><span class=\"ez-toc-icon-toggle-span\"><svg style=\"fill: #999;color:#999\" xmlns=\"http:\/\/www.w3.org\/2000\/svg\" class=\"list-377408\" width=\"20px\" height=\"20px\" viewBox=\"0 0 24 24\" fill=\"none\"><path d=\"M6 6H4v2h2V6zm14 0H8v2h12V6zM4 11h2v2H4v-2zm16 0H8v2h12v-2zM4 16h2v2H4v-2zm16 0H8v2h12v-2z\" fill=\"currentColor\"><\/path><\/svg><svg style=\"fill: #999;color:#999\" class=\"arrow-unsorted-368013\" xmlns=\"http:\/\/www.w3.org\/2000\/svg\" width=\"10px\" height=\"10px\" viewBox=\"0 0 24 24\" version=\"1.2\" baseProfile=\"tiny\"><path d=\"M18.2 9.3l-6.2-6.3-6.2 6.3c-.2.2-.3.4-.3.7s.1.5.3.7c.2.2.4.3.7.3h11c.3 0 .5-.1.7-.3.2-.2.3-.5.3-.7s-.1-.5-.3-.7zM5.8 14.7l6.2 6.3 6.2-6.3c.2-.2.3-.5.3-.7s-.1-.5-.3-.7c-.2-.2-.4-.3-.7-.3h-11c-.3 0-.5.1-.7.3-.2.2-.3.5-.3.7s.1.5.3.7z\"\/><\/svg><\/span><\/span><\/label><input type=\"checkbox\"  id=\"ez-toc-cssicon-toggle-item-69f593946ab44\"  aria-label=\"Toggle\" \/><nav><ul class='ez-toc-list ez-toc-list-level-1 ' ><li class='ez-toc-page-1 ez-toc-heading-level-2'><a class=\"ez-toc-link ez-toc-heading-1\" href=\"https:\/\/que-sofas.es\/blog\/cambio-armario-primavera\/#1_Vacia_tu_armario\" title=\"1.\u00a0\u00a0\u00a0\u00a0\u00a0 Vac\u00eda tu armario\">1.\u00a0\u00a0\u00a0\u00a0\u00a0 Vac\u00eda tu armario<\/a><\/li><li class='ez-toc-page-1 ez-toc-heading-level-2'><a class=\"ez-toc-link ez-toc-heading-2\" href=\"https:\/\/que-sofas.es\/blog\/cambio-armario-primavera\/#2_Almacena_de_las_prendas_de_la_temporada_pasada\" title=\"2.\u00a0\u00a0\u00a0\u00a0\u00a0 Almacena de las prendas de la temporada pasada\">2.\u00a0\u00a0\u00a0\u00a0\u00a0 Almacena de las prendas de la temporada pasada<\/a><\/li><li class='ez-toc-page-1 ez-toc-heading-level-2'><a class=\"ez-toc-link ez-toc-heading-3\" href=\"https:\/\/que-sofas.es\/blog\/cambio-armario-primavera\/#3_Define_los_espacios_para_cada_seccion_de_ropa\" title=\"3.\u00a0\u00a0\u00a0\u00a0\u00a0 Define los espacios para cada secci\u00f3n de ropa\">3.\u00a0\u00a0\u00a0\u00a0\u00a0 Define los espacios para cada secci\u00f3n de ropa<\/a><\/li><li class='ez-toc-page-1 ez-toc-heading-level-2'><a class=\"ez-toc-link ez-toc-heading-4\" href=\"https:\/\/que-sofas.es\/blog\/cambio-armario-primavera\/#4_Ordena_por_colores_y_tipo_de_prenda_segun_su_uso_y_actividad\" title=\"4.\u00a0\u00a0\u00a0\u00a0\u00a0 Ordena por colores y tipo de prenda seg\u00fan su uso y actividad\">4.\u00a0\u00a0\u00a0\u00a0\u00a0 Ordena por colores y tipo de prenda seg\u00fan su uso y actividad<\/a><\/li><li class='ez-toc-page-1 ez-toc-heading-level-2'><a class=\"ez-toc-link ez-toc-heading-5\" href=\"https:\/\/que-sofas.es\/blog\/cambio-armario-primavera\/#5_Organizadores_de_cajones\" title=\"5.\u00a0\u00a0\u00a0\u00a0\u00a0 Organizadores de cajones\">5.\u00a0\u00a0\u00a0\u00a0\u00a0 Organizadores de cajones<\/a><\/li><li class='ez-toc-page-1 ez-toc-heading-level-2'><a class=\"ez-toc-link ez-toc-heading-6\" href=\"https:\/\/que-sofas.es\/blog\/cambio-armario-primavera\/#6_Ordenacion_vertical_para_camisetas\" title=\"6.\u00a0\u00a0\u00a0\u00a0\u00a0 Ordenaci\u00f3n vertical para camisetas\">6.\u00a0\u00a0\u00a0\u00a0\u00a0 Ordenaci\u00f3n vertical para camisetas<\/a><\/li><li class='ez-toc-page-1 ez-toc-heading-level-2'><a class=\"ez-toc-link ez-toc-heading-7\" href=\"https:\/\/que-sofas.es\/blog\/cambio-armario-primavera\/#7_Especial_atencion_a_los_%E2%80%9Cfondo_de_armario%E2%80%9D_que_son_los_basicos\" title=\"7.\u00a0\u00a0\u00a0\u00a0\u00a0 Especial atenci\u00f3n a los \u201cfondo de armario\u201d que son los b\u00e1sicos\">7.\u00a0\u00a0\u00a0\u00a0\u00a0 Especial atenci\u00f3n a los \u201cfondo de armario\u201d que son los b\u00e1sicos<\/a><\/li><li class='ez-toc-page-1 ez-toc-heading-level-2'><a class=\"ez-toc-link ez-toc-heading-8\" href=\"https:\/\/que-sofas.es\/blog\/cambio-armario-primavera\/#8_Recuerda_ordenar_tambien_los_zapatos_y_accesorios\" title=\"8.\u00a0\u00a0\u00a0\u00a0\u00a0 Recuerda ordenar tambi\u00e9n los zapatos y accesorios\">8.\u00a0\u00a0\u00a0\u00a0\u00a0 Recuerda ordenar tambi\u00e9n los zapatos y accesorios<\/a><\/li><\/ul><\/nav><\/div>\n<h2><span class=\"ez-toc-section\" id=\"1_Vacia_tu_armario\"><\/span>1.\u00a0\u00a0\u00a0\u00a0\u00a0 Vac\u00eda tu armario<span class=\"ez-toc-section-end\"><\/span><\/h2>\n<p>El primer paso que debemos realizar antes de comenzar el cambio es vaciar el armario entero. De esta forma comenzaremos desde cero y ser\u00e1 m\u00e1s f\u00e1cil ordenar las prendas de la nueva temporada. Adem\u00e1s, es una buena ocasi\u00f3n para retirar las piezas que ya no te valgan de talla o que se hayan pasado de moda y ya no te pongas. Aprovecha tambi\u00e9n que tienes el armario vac\u00edo para realizar una <strong>limpieza a fondo del mueble<\/strong>. El polvo puede acumularse con el paso del tiempo y con la ropa dentro es m\u00e1s dif\u00edcil de realizar.<\/p>\n<h2><span class=\"ez-toc-section\" id=\"2_Almacena_de_las_prendas_de_la_temporada_pasada\"><\/span>2.\u00a0\u00a0\u00a0\u00a0\u00a0 Almacena de las prendas de la temporada pasada<span class=\"ez-toc-section-end\"><\/span><\/h2>\n<p>Una vez hayamos sacado toda la ropa de la temporada pasada, debemos guardarla para utilizarla el pr\u00f3ximo a\u00f1o. Para este punto es primordial que tengamos especial cuidado en la forma en la que la guardamos, as\u00ed evitaremos estropear la ropa. Un buen punto de partida es realizar una <strong>catalogaci\u00f3n por tipo de prenda<\/strong>, de esta forma ser\u00e1 m\u00e1s f\u00e1cil el proceso. Adem\u00e1s, puedes recurrir a t\u00e9cnicas como el almacenaje al vac\u00edo para que ocupe el menor espacio posible.<\/p>\n<h2><span class=\"ez-toc-section\" id=\"3_Define_los_espacios_para_cada_seccion_de_ropa\"><\/span>3.\u00a0\u00a0\u00a0\u00a0\u00a0 Define los espacios para cada secci\u00f3n de ropa<span class=\"ez-toc-section-end\"><\/span><\/h2>\n<p>Determina las <strong>secciones de tu armario<\/strong> que van a ir destinadas a cada tipolog\u00eda de prenda. As\u00ed, ir\u00e1s directamente a ella cuando busques una en concreto. Procura que esta selecci\u00f3n de espacios sea acorde con el tipo de ropa. Las camisas y vestidos es mejor que est\u00e9n colgados, mientras que las camisetas y los pantalones puedes guardarlos en cajones.<\/p>\n<h2><span class=\"ez-toc-section\" id=\"4_Ordena_por_colores_y_tipo_de_prenda_segun_su_uso_y_actividad\"><\/span>4.\u00a0\u00a0\u00a0\u00a0\u00a0 Ordena por colores y tipo de prenda seg\u00fan su uso y actividad<span class=\"ez-toc-section-end\"><\/span><\/h2>\n<p>Una vez determinado el espacio para cada tipo de prenda, realizaremos una ordenaci\u00f3n seg\u00fan su uso y el tipo de actividad al que est\u00e1 destinada. Nuestra recomendaci\u00f3n es ordenar la <strong>ropa por colores<\/strong> y poner m\u00e1s a la mano las prendas de m\u00e1s uso. De esta forma ser\u00e1 m\u00e1s f\u00e1cil mantener el armario ordenado.<\/p>\n<h2><span class=\"ez-toc-section\" id=\"5_Organizadores_de_cajones\"><\/span>5.\u00a0\u00a0\u00a0\u00a0\u00a0 Organizadores de cajones<span class=\"ez-toc-section-end\"><\/span><\/h2>\n<p>Apuesta por organizadores de cajones que ampl\u00eden el espacio disponible y te ayude a mantener un orden determinado. Este art\u00edculo es <strong>ideal para prendas peque\u00f1as<\/strong> o accesorios. Si tu armario no cuenta con cajones, no te preocupes. En Que Barato tenemos la soluci\u00f3n: nuestra <a href=\"https:\/\/que-barato.es\/armarios-baratos\/413-cajonera-interior-armario-.html\">Cajonera Interior de Armario<\/a>. Aprovecha todo el espacio interior y a\u00f1ade almacenaje extra a tu armario.<\/p>\n<h2><span class=\"ez-toc-section\" id=\"6_Ordenacion_vertical_para_camisetas\"><\/span>6.\u00a0\u00a0\u00a0\u00a0\u00a0 Ordenaci\u00f3n vertical para camisetas<span class=\"ez-toc-section-end\"><\/span><\/h2>\n<p>Las camisetas son una de las prendas m\u00e1s utilizadas, es por ello que conviene tenerlas muy a la mano. Pero cuando hablamos de ellas, es probable que encontremos varias formas de poder almacenarlas. Nosotros apostamos por la conocida como <strong>\u201cordenaci\u00f3n vertical\u201d<\/strong> que te ayudar\u00e1 a localizar la camiseta que est\u00e1s buscando a golpe de vista. Adem\u00e1s, es muy sencilla de mantener en orden.<\/p>\n<h2><span class=\"ez-toc-section\" id=\"7_Especial_atencion_a_los_%E2%80%9Cfondo_de_armario%E2%80%9D_que_son_los_basicos\"><\/span>7.\u00a0\u00a0\u00a0\u00a0\u00a0 Especial atenci\u00f3n a los \u201cfondo de armario\u201d que son los b\u00e1sicos<span class=\"ez-toc-section-end\"><\/span><\/h2>\n<p>Sin duda existen unas prendas permanentes en nuestro armario: nuestros b\u00e1sicos. Los llamados<strong> \u201cfondo de armario\u201d son las claves de nuestros looks<\/strong> y nos resultan atemporales. Ejemplo de ello son los trajes de chaqueta oscuros, las camisas blancas o los jeans. Es por ello que debemos prestar especial atenci\u00f3n al lugar que le destinamos a estas prendas. Aseg\u00farate de tenerlas siempre a mano.<\/p>\n<h2><span class=\"ez-toc-section\" id=\"8_Recuerda_ordenar_tambien_los_zapatos_y_accesorios\"><\/span>8.\u00a0\u00a0\u00a0\u00a0\u00a0 Recuerda ordenar tambi\u00e9n los zapatos y accesorios<span class=\"ez-toc-section-end\"><\/span><\/h2>\n<p>Pero el cambio de armario no consta solo de ropa. No debemos olvidarnos de los queridos zapatos y accesorios. Estos art\u00edculos t<strong>ambi\u00e9n tienen su estacionalidad<\/strong> y es por ello que debemos tenerlos en cuenta a la hora de realizar el cambio de armario.<\/p>\n<p>La importancia de tener un armario ordenado y minimalista es que si no ves una prenda, no la usas y van pasando las temporadas hasta que se queda anticuada pero ocupando espacio. As\u00ed que no lo dudes y sigue todos nuestros trucos para realizar el cambio de armario de primavera.<\/p>\n","protected":false},"excerpt":{"rendered":"<p>La llegada del buen tiempo trae muchos planes nuevos que se acompa\u00f1an de un maravilloso sol. Pero los looks cambian con la estacionalidad y tambi\u00e9n debemos tener en cuenta que se acerca una de las tareas que nos pueden resultar m\u00e1s tediosas de realizar: el cambio de armario de primavera. Realizar el traspaso de ropa [&hellip;]<\/p>\n","protected":false},"author":3,"featured_media":3593,"comment_status":"closed","ping_status":"closed","sticky":false,"template":"","format":"standard","meta":{"footnotes":""},"categories":[35,39],"tags":[60,66,106,149,202],"yoast_head":"<!-- This site is optimized with the Yoast SEO plugin v21.2 - https:\/\/yoast.com\/wordpress\/plugins\/seo\/ -->\n<title>Trucos para realizar el cambio de armario de primavera | Qu\u00e9 Barato Blog<\/title>\n<meta name=\"description\" content=\"Te contamos cu\u00e1les son los mejores trucos para realizar el cambio de armario de primavera lo m\u00e1s f\u00e1cilmente posible.\" \/>\n<meta name=\"robots\" content=\"index, follow, max-snippet:-1, max-image-preview:large, max-video-preview:-1\" \/>\n<link rel=\"canonical\" href=\"https:\/\/que-sofas.es\/blog\/cambio-armario-primavera\/\" \/>\n<meta property=\"og:locale\" content=\"es_ES\" \/>\n<meta property=\"og:type\" content=\"article\" \/>\n<meta property=\"og:title\" content=\"Trucos para realizar el cambio de armario de primavera | Qu\u00e9 Barato Blog\" \/>\n<meta property=\"og:description\" content=\"Te contamos cu\u00e1les son los mejores trucos para realizar el cambio de armario de primavera lo m\u00e1s f\u00e1cilmente posible.\" \/>\n<meta property=\"og:url\" content=\"https:\/\/que-sofas.es\/blog\/cambio-armario-primavera\/\" \/>\n<meta property=\"og:site_name\" content=\"Que Sof\u00e1s Blog\" \/>\n<meta property=\"article:publisher\" content=\"https:\/\/www.facebook.com\/quesofasbarato\" \/>\n<meta property=\"article:published_time\" content=\"2021-03-29T11:08:25+00:00\" \/>\n<meta property=\"article:modified_time\" content=\"2021-03-29T11:10:52+00:00\" \/>\n<meta property=\"og:image\" content=\"https:\/\/que-sofas.es\/blog\/wp-content\/uploads\/2021\/03\/cambio-armario-primavera.png\" \/>\n\t<meta property=\"og:image:width\" content=\"800\" \/>\n\t<meta property=\"og:image:height\" content=\"600\" \/>\n\t<meta property=\"og:image:type\" content=\"image\/png\" \/>\n<meta name=\"author\" content=\"Que Barato\" \/>\n<meta name=\"twitter:card\" content=\"summary_large_image\" \/>\n<meta name=\"twitter:label1\" content=\"Escrito por\" \/>\n\t<meta name=\"twitter:data1\" content=\"Que Barato\" \/>\n\t<meta name=\"twitter:label2\" content=\"Tiempo de lectura\" \/>\n\t<meta name=\"twitter:data2\" content=\"4 minutos\" \/>\n<script type=\"application\/ld+json\" class=\"yoast-schema-graph\">{\"@context\":\"https:\/\/schema.org\",\"@graph\":[{\"@type\":\"Article\",\"@id\":\"https:\/\/que-sofas.es\/blog\/cambio-armario-primavera\/#article\",\"isPartOf\":{\"@id\":\"https:\/\/que-sofas.es\/blog\/cambio-armario-primavera\/\"},\"author\":{\"name\":\"Que Barato\",\"@id\":\"https:\/\/que-sofas.es\/blog\/#\/schema\/person\/70cf32421bda4ee10a724cebf2437836\"},\"headline\":\"Los mejores trucos para realizar el cambio de armario de primavera\",\"datePublished\":\"2021-03-29T11:08:25+00:00\",\"dateModified\":\"2021-03-29T11:10:52+00:00\",\"mainEntityOfPage\":{\"@id\":\"https:\/\/que-sofas.es\/blog\/cambio-armario-primavera\/\"},\"wordCount\":811,\"publisher\":{\"@id\":\"https:\/\/que-sofas.es\/blog\/#organization\"},\"keywords\":[\"armario\",\"barato\",\"Consejos\",\"ideas\",\"quebarato\"],\"articleSection\":[\"Blog\",\"Ideas y consejos\"],\"inLanguage\":\"es\"},{\"@type\":\"WebPage\",\"@id\":\"https:\/\/que-sofas.es\/blog\/cambio-armario-primavera\/\",\"url\":\"https:\/\/que-sofas.es\/blog\/cambio-armario-primavera\/\",\"name\":\"Trucos para realizar el cambio de armario de primavera | Qu\u00e9 Barato Blog\",\"isPartOf\":{\"@id\":\"https:\/\/que-sofas.es\/blog\/#website\"},\"datePublished\":\"2021-03-29T11:08:25+00:00\",\"dateModified\":\"2021-03-29T11:10:52+00:00\",\"description\":\"Te contamos cu\u00e1les son los mejores trucos para realizar el cambio de armario de primavera lo m\u00e1s f\u00e1cilmente posible.\",\"breadcrumb\":{\"@id\":\"https:\/\/que-sofas.es\/blog\/cambio-armario-primavera\/#breadcrumb\"},\"inLanguage\":\"es\",\"potentialAction\":[{\"@type\":\"ReadAction\",\"target\":[\"https:\/\/que-sofas.es\/blog\/cambio-armario-primavera\/\"]}]},{\"@type\":\"BreadcrumbList\",\"@id\":\"https:\/\/que-sofas.es\/blog\/cambio-armario-primavera\/#breadcrumb\",\"itemListElement\":[{\"@type\":\"ListItem\",\"position\":1,\"name\":\"Portada\",\"item\":\"https:\/\/que-sofas.es\/blog\/\"},{\"@type\":\"ListItem\",\"position\":2,\"name\":\"Los mejores trucos para realizar el cambio de armario de primavera\"}]},{\"@type\":\"WebSite\",\"@id\":\"https:\/\/que-sofas.es\/blog\/#website\",\"url\":\"https:\/\/que-sofas.es\/blog\/\",\"name\":\"Que Sof\u00e1s Blog\",\"description\":\"\u00a1El blog de Que Sof\u00e1s!\",\"publisher\":{\"@id\":\"https:\/\/que-sofas.es\/blog\/#organization\"},\"potentialAction\":[{\"@type\":\"SearchAction\",\"target\":{\"@type\":\"EntryPoint\",\"urlTemplate\":\"https:\/\/que-sofas.es\/blog\/?s={search_term_string}\"},\"query-input\":\"required name=search_term_string\"}],\"inLanguage\":\"es\"},{\"@type\":\"Organization\",\"@id\":\"https:\/\/que-sofas.es\/blog\/#organization\",\"name\":\"Que Sof\u00e1s\",\"url\":\"https:\/\/que-sofas.es\/blog\/\",\"logo\":{\"@type\":\"ImageObject\",\"inLanguage\":\"es\",\"@id\":\"https:\/\/que-sofas.es\/blog\/#\/schema\/logo\/image\/\",\"url\":\"https:\/\/que-sofas.es\/blog\/wp-content\/uploads\/2023\/08\/logo-que-sofas-200x40px-2.png\",\"contentUrl\":\"https:\/\/que-sofas.es\/blog\/wp-content\/uploads\/2023\/08\/logo-que-sofas-200x40px-2.png\",\"width\":171,\"height\":39,\"caption\":\"Que Sof\u00e1s\"},\"image\":{\"@id\":\"https:\/\/que-sofas.es\/blog\/#\/schema\/logo\/image\/\"},\"sameAs\":[\"https:\/\/www.facebook.com\/quesofasbarato\",\"https:\/\/www.instagram.com\/que_sofas\/\"]},{\"@type\":\"Person\",\"@id\":\"https:\/\/que-sofas.es\/blog\/#\/schema\/person\/70cf32421bda4ee10a724cebf2437836\",\"name\":\"Que Barato\",\"image\":{\"@type\":\"ImageObject\",\"inLanguage\":\"es\",\"@id\":\"https:\/\/que-sofas.es\/blog\/#\/schema\/person\/image\/\",\"url\":\"https:\/\/secure.gravatar.com\/avatar\/2e4417e0f91201ea490393883aae4775?s=96&d=mm&r=g\",\"contentUrl\":\"https:\/\/secure.gravatar.com\/avatar\/2e4417e0f91201ea490393883aae4775?s=96&d=mm&r=g\",\"caption\":\"Que Barato\"}}]}<\/script>\n<!-- \/ Yoast SEO plugin. -->","yoast_head_json":{"title":"Trucos para realizar el cambio de armario de primavera | Qu\u00e9 Barato Blog","description":"Te contamos cu\u00e1les son los mejores trucos para realizar el cambio de armario de primavera lo m\u00e1s f\u00e1cilmente posible.","robots":{"index":"index","follow":"follow","max-snippet":"max-snippet:-1","max-image-preview":"max-image-preview:large","max-video-preview":"max-video-preview:-1"},"canonical":"https:\/\/que-sofas.es\/blog\/cambio-armario-primavera\/","og_locale":"es_ES","og_type":"article","og_title":"Trucos para realizar el cambio de armario de primavera | Qu\u00e9 Barato Blog","og_description":"Te contamos cu\u00e1les son los mejores trucos para realizar el cambio de armario de primavera lo m\u00e1s f\u00e1cilmente posible.","og_url":"https:\/\/que-sofas.es\/blog\/cambio-armario-primavera\/","og_site_name":"Que Sof\u00e1s Blog","article_publisher":"https:\/\/www.facebook.com\/quesofasbarato","article_published_time":"2021-03-29T11:08:25+00:00","article_modified_time":"2021-03-29T11:10:52+00:00","og_image":[{"width":800,"height":600,"url":"https:\/\/que-sofas.es\/blog\/wp-content\/uploads\/2021\/03\/cambio-armario-primavera.png","type":"image\/png"}],"author":"Que Barato","twitter_card":"summary_large_image","twitter_misc":{"Escrito por":"Que Barato","Tiempo de lectura":"4 minutos"},"schema":{"@context":"https:\/\/schema.org","@graph":[{"@type":"Article","@id":"https:\/\/que-sofas.es\/blog\/cambio-armario-primavera\/#article","isPartOf":{"@id":"https:\/\/que-sofas.es\/blog\/cambio-armario-primavera\/"},"author":{"name":"Que Barato","@id":"https:\/\/que-sofas.es\/blog\/#\/schema\/person\/70cf32421bda4ee10a724cebf2437836"},"headline":"Los mejores trucos para realizar el cambio de armario de primavera","datePublished":"2021-03-29T11:08:25+00:00","dateModified":"2021-03-29T11:10:52+00:00","mainEntityOfPage":{"@id":"https:\/\/que-sofas.es\/blog\/cambio-armario-primavera\/"},"wordCount":811,"publisher":{"@id":"https:\/\/que-sofas.es\/blog\/#organization"},"keywords":["armario","barato","Consejos","ideas","quebarato"],"articleSection":["Blog","Ideas y consejos"],"inLanguage":"es"},{"@type":"WebPage","@id":"https:\/\/que-sofas.es\/blog\/cambio-armario-primavera\/","url":"https:\/\/que-sofas.es\/blog\/cambio-armario-primavera\/","name":"Trucos para realizar el cambio de armario de primavera | Qu\u00e9 Barato Blog","isPartOf":{"@id":"https:\/\/que-sofas.es\/blog\/#website"},"datePublished":"2021-03-29T11:08:25+00:00","dateModified":"2021-03-29T11:10:52+00:00","description":"Te contamos cu\u00e1les son los mejores trucos para realizar el cambio de armario de primavera lo m\u00e1s f\u00e1cilmente posible.","breadcrumb":{"@id":"https:\/\/que-sofas.es\/blog\/cambio-armario-primavera\/#breadcrumb"},"inLanguage":"es","potentialAction":[{"@type":"ReadAction","target":["https:\/\/que-sofas.es\/blog\/cambio-armario-primavera\/"]}]},{"@type":"BreadcrumbList","@id":"https:\/\/que-sofas.es\/blog\/cambio-armario-primavera\/#breadcrumb","itemListElement":[{"@type":"ListItem","position":1,"name":"Portada","item":"https:\/\/que-sofas.es\/blog\/"},{"@type":"ListItem","position":2,"name":"Los mejores trucos para realizar el cambio de armario de primavera"}]},{"@type":"WebSite","@id":"https:\/\/que-sofas.es\/blog\/#website","url":"https:\/\/que-sofas.es\/blog\/","name":"Que Sof\u00e1s Blog","description":"\u00a1El blog de Que Sof\u00e1s!","publisher":{"@id":"https:\/\/que-sofas.es\/blog\/#organization"},"potentialAction":[{"@type":"SearchAction","target":{"@type":"EntryPoint","urlTemplate":"https:\/\/que-sofas.es\/blog\/?s={search_term_string}"},"query-input":"required name=search_term_string"}],"inLanguage":"es"},{"@type":"Organization","@id":"https:\/\/que-sofas.es\/blog\/#organization","name":"Que Sof\u00e1s","url":"https:\/\/que-sofas.es\/blog\/","logo":{"@type":"ImageObject","inLanguage":"es","@id":"https:\/\/que-sofas.es\/blog\/#\/schema\/logo\/image\/","url":"https:\/\/que-sofas.es\/blog\/wp-content\/uploads\/2023\/08\/logo-que-sofas-200x40px-2.png","contentUrl":"https:\/\/que-sofas.es\/blog\/wp-content\/uploads\/2023\/08\/logo-que-sofas-200x40px-2.png","width":171,"height":39,"caption":"Que Sof\u00e1s"},"image":{"@id":"https:\/\/que-sofas.es\/blog\/#\/schema\/logo\/image\/"},"sameAs":["https:\/\/www.facebook.com\/quesofasbarato","https:\/\/www.instagram.com\/que_sofas\/"]},{"@type":"Person","@id":"https:\/\/que-sofas.es\/blog\/#\/schema\/person\/70cf32421bda4ee10a724cebf2437836","name":"Que Barato","image":{"@type":"ImageObject","inLanguage":"es","@id":"https:\/\/que-sofas.es\/blog\/#\/schema\/person\/image\/","url":"https:\/\/secure.gravatar.com\/avatar\/2e4417e0f91201ea490393883aae4775?s=96&d=mm&r=g","contentUrl":"https:\/\/secure.gravatar.com\/avatar\/2e4417e0f91201ea490393883aae4775?s=96&d=mm&r=g","caption":"Que Barato"}}]}},"_links":{"self":[{"href":"https:\/\/que-sofas.es\/blog\/wp-json\/wp\/v2\/posts\/3591"}],"collection":[{"href":"https:\/\/que-sofas.es\/blog\/wp-json\/wp\/v2\/posts"}],"about":[{"href":"https:\/\/que-sofas.es\/blog\/wp-json\/wp\/v2\/types\/post"}],"author":[{"embeddable":true,"href":"https:\/\/que-sofas.es\/blog\/wp-json\/wp\/v2\/users\/3"}],"replies":[{"embeddable":true,"href":"https:\/\/que-sofas.es\/blog\/wp-json\/wp\/v2\/comments?post=3591"}],"version-history":[{"count":4,"href":"https:\/\/que-sofas.es\/blog\/wp-json\/wp\/v2\/posts\/3591\/revisions"}],"predecessor-version":[{"id":3596,"href":"https:\/\/que-sofas.es\/blog\/wp-json\/wp\/v2\/posts\/3591\/revisions\/3596"}],"wp:featuredmedia":[{"embeddable":true,"href":"https:\/\/que-sofas.es\/blog\/wp-json\/wp\/v2\/media\/3593"}],"wp:attachment":[{"href":"https:\/\/que-sofas.es\/blog\/wp-json\/wp\/v2\/media?parent=3591"}],"wp:term":[{"taxonomy":"category","embeddable":true,"href":"https:\/\/que-sofas.es\/blog\/wp-json\/wp\/v2\/categories?post=3591"},{"taxonomy":"post_tag","embeddable":true,"href":"https:\/\/que-sofas.es\/blog\/wp-json\/wp\/v2\/tags?post=3591"}],"curies":[{"name":"wp","href":"https:\/\/api.w.org\/{rel}","templated":true}]}}