{"id":3581,"date":"2021-03-25T12:44:01","date_gmt":"2021-03-25T10:44:01","guid":{"rendered":"https:\/\/que-barato.es\/blog\/?p=3581"},"modified":"2021-03-25T12:44:31","modified_gmt":"2021-03-25T10:44:31","slug":"ofertas-muebles-salon-50","status":"publish","type":"post","link":"https:\/\/que-sofas.es\/blog\/ofertas-muebles-salon-50\/","title":{"rendered":"Decora tu sal\u00f3n con nuestras ofertas al 50%"},"content":{"rendered":"<p>Con la llegada de la primavera es muy posible que est\u00e9s pensado darle un nuevo aire a tu sal\u00f3n. Una renovaci\u00f3n de todo el mobiliario puede ser una tarea costosa y agotadora, pero desde Que Barato te lo ponemos f\u00e1cil con <a href=\"https:\/\/que-barato.es\/\"><strong>nuestras ofertas de muebles al 50%<\/strong><\/a><strong>.<\/strong><\/p>\n<p>Si lo que buscas es una estancia completamente diferente, pero con todas las comodidades y al mejor precio, sigue leyendo. Te hemos preparado una selecci\u00f3n de nuestros art\u00edculos para que redecores tu sal\u00f3n de la mejor forma.<\/p>\n<h2><strong>Elige tu sof\u00e1 perfecto<\/strong><\/h2>\n<p><a href=\"https:\/\/que-barato.es\/sofas-baratos\/424-sofa-modular-hanssen.html\"><img decoding=\"async\" loading=\"lazy\" class=\"size-medium wp-image-3585 alignleft\" src=\"https:\/\/que-barato.es\/blog\/wp-content\/uploads\/2021\/03\/sofa-modular-hanssen-300x250.jpg\" alt=\"\" width=\"300\" height=\"250\" srcset=\"https:\/\/que-sofas.es\/blog\/wp-content\/uploads\/2021\/03\/sofa-modular-hanssen-300x250.jpg 300w, https:\/\/que-sofas.es\/blog\/wp-content\/uploads\/2021\/03\/sofa-modular-hanssen-1030x858.jpg 1030w, https:\/\/que-sofas.es\/blog\/wp-content\/uploads\/2021\/03\/sofa-modular-hanssen-768x640.jpg 768w, https:\/\/que-sofas.es\/blog\/wp-content\/uploads\/2021\/03\/sofa-modular-hanssen.jpg 1100w\" sizes=\"(max-width: 300px) 100vw, 300px\" \/><\/a>El sof\u00e1 es sin duda el centro de la estancia y se deben tener en cuenta diferentes factores para <a href=\"https:\/\/que-barato.es\/blog\/tips-para-elegir-tu-nuevo-sofa\/\">elegir el que mejor se adapte a nuestras necesidades<\/a>. El tama\u00f1o del sof\u00e1, su tapicer\u00eda, el espacio disponible o el uso que le vamos a dar influyen de forma decisiva en nuestra selecci\u00f3n.<\/p>\n<p>Por eso en Que Barato te lo ponemos f\u00e1cil con nuestro nuevo modelo de <a href=\"https:\/\/que-barato.es\/sofas-baratos\/424-sofa-modular-hanssen.html\">Sof\u00e1 Modular HANSSEN<\/a>. Disponible en 3 colores gris perla, gris cemento y ocre, es la apuesta perfecta para disfrutar de <strong>un sof\u00e1 muy vers\u00e1til<\/strong> gracias a todas las opciones que ofrecen su asientos extra\u00edbles y reclinables.<\/p>\n<p>&nbsp;<\/p>\n<h2><strong>Las mejores mesas de centro<\/strong><\/h2>\n<p><a href=\"https:\/\/que-barato.es\/mesas-de-centro-baratos\/43-189-mesa-de-centro-sonder.html#\/81-colores-roble\"><img decoding=\"async\" loading=\"lazy\" class=\"size-medium wp-image-3584 alignright\" src=\"https:\/\/que-barato.es\/blog\/wp-content\/uploads\/2021\/03\/mesa-de-centro-sonder-300x250.jpg\" alt=\"\" width=\"300\" height=\"250\" srcset=\"https:\/\/que-sofas.es\/blog\/wp-content\/uploads\/2021\/03\/mesa-de-centro-sonder-300x250.jpg 300w, https:\/\/que-sofas.es\/blog\/wp-content\/uploads\/2021\/03\/mesa-de-centro-sonder-1030x858.jpg 1030w, https:\/\/que-sofas.es\/blog\/wp-content\/uploads\/2021\/03\/mesa-de-centro-sonder-768x640.jpg 768w, https:\/\/que-sofas.es\/blog\/wp-content\/uploads\/2021\/03\/mesa-de-centro-sonder.jpg 1100w\" sizes=\"(max-width: 300px) 100vw, 300px\" \/><\/a>Las mesas de centro le dan un toque acogedor a tu sal\u00f3n gracias a la posibilidad de reunirte a si alrededor en un espacio multiusos. Para una mayor utilidad, te proponemos que apuestes por las <strong>mesas de centro elevables<\/strong>, que permiten que disfrutes de un nivel m\u00e1s alto si quieres realizar cualquier tarea desde el propio sof\u00e1.<\/p>\n<p>Encontramos perfecta nuestra <a href=\"https:\/\/que-barato.es\/mesas-de-centro-baratos\/43-189-mesa-de-centro-sonder.html#\/81-colores-roble\">Mesa de Centro SONDER<\/a>, ya que ofrece todas las oportunidades de utilizaci\u00f3n. Adem\u00e1s, c<strong>asa a muy bien con todos los estilos decorativos<\/strong> al poder elegir entre dos colores: roble o blanco. Disfrutaras<\/p>\n<h2><strong>Completa tu comedor<\/strong><\/h2>\n<p><a href=\"https:\/\/que-barato.es\/mesas-de-comedor-baratos\/47-195-mesa-de-comedor-niger.html#\/35-colores-blanco\"><img decoding=\"async\" loading=\"lazy\" class=\"size-medium wp-image-3582 alignleft\" src=\"https:\/\/que-barato.es\/blog\/wp-content\/uploads\/2021\/03\/mesa-de-comedor-niger-300x250.jpg\" alt=\"\" width=\"300\" height=\"250\" srcset=\"https:\/\/que-sofas.es\/blog\/wp-content\/uploads\/2021\/03\/mesa-de-comedor-niger-300x250.jpg 300w, https:\/\/que-sofas.es\/blog\/wp-content\/uploads\/2021\/03\/mesa-de-comedor-niger-1030x858.jpg 1030w, https:\/\/que-sofas.es\/blog\/wp-content\/uploads\/2021\/03\/mesa-de-comedor-niger-768x640.jpg 768w, https:\/\/que-sofas.es\/blog\/wp-content\/uploads\/2021\/03\/mesa-de-comedor-niger.jpg 1100w\" sizes=\"(max-width: 300px) 100vw, 300px\" \/><\/a>Cuando tienes un espacio superior y quieres disfrutar de comidas con la familia y los amigos, lo ideal es apostar por establecer una zona de comedor. Esta zona estar\u00e1 compuesta por dos elementos fundamentales: la mesa de comedor y las sillas que lo acompa\u00f1an.<\/p>\n<p>Lo ideal es crear un ambiente separado del espacio del sof\u00e1 para que pueda servir de un uso complementario a este. Desde Que Barato, contamos que numerosos modelos que pueden adaptarse a lo que est\u00e1s buscando para completar tu estancia perfecta. Nuestra apuesta es por la <a href=\"https:\/\/que-barato.es\/mesas-de-comedor-baratos\/47-195-mesa-de-comedor-niger.html#\/35-colores-blanco\">Mesa de Comedor NIGER<\/a>. Su elegante dise\u00f1o har\u00e1 las maravillas de tus reuniones, y adem\u00e1s ofrecer\u00e1 <strong>versatilidad a la decoraci\u00f3n<\/strong> adyacente a la misma. Adem\u00e1s de su comentado cristal puedes encontrar sus patas en dos tonalidades blancas o cambrian.<\/p>\n<p><a href=\"https:\/\/que-barato.es\/sillas\/61-silla-tribor.html\"><img decoding=\"async\" loading=\"lazy\" class=\"size-medium wp-image-3583 alignright\" src=\"https:\/\/que-barato.es\/blog\/wp-content\/uploads\/2021\/03\/silla-tribor-300x250.jpg\" alt=\"\" width=\"300\" height=\"250\" srcset=\"https:\/\/que-sofas.es\/blog\/wp-content\/uploads\/2021\/03\/silla-tribor-300x250.jpg 300w, https:\/\/que-sofas.es\/blog\/wp-content\/uploads\/2021\/03\/silla-tribor-1030x858.jpg 1030w, https:\/\/que-sofas.es\/blog\/wp-content\/uploads\/2021\/03\/silla-tribor-768x640.jpg 768w, https:\/\/que-sofas.es\/blog\/wp-content\/uploads\/2021\/03\/silla-tribor.jpg 1100w\" sizes=\"(max-width: 300px) 100vw, 300px\" \/><\/a><\/p>\n<p>Para completar tu sal\u00f3n es importante tener unas <strong>sillas que sean c\u00f3modas<\/strong> para poder realizar reuni\u00f3n<\/p>\n<p>es y que sea lo m\u00e1s placentero posible estar sentadas en ellas. Nuestra <a href=\"https:\/\/que-barato.es\/sillas\/61-silla-tribor.html\">Silla TRIBOR<\/a> ser\u00e1 ideal para tu estancia. Se trata de unas sillas tapizadas disponibles en dos colores marengo y beige que aportar\u00e1n elegancia y sobriedad a tu sal\u00f3n. Combin\u00e1ndose perfectamente con nuestra Mesa de Comedor NIGER.<\/p>\n<p>Disfruta ahora de las mejores ofertas con <strong>nuestro cat\u00e1logo de ofertas en muebles para tu sal\u00f3n al 50% de descuento<\/strong> y aprovecha para poder renovar la decoraci\u00f3n por un precio inigualable con la comodidad y las garant\u00edas que te ofrece Que Barato.<\/p>\n","protected":false},"excerpt":{"rendered":"<p>Con la llegada de la primavera es muy posible que est\u00e9s pensado darle un nuevo aire a tu sal\u00f3n. Una renovaci\u00f3n de todo el mobiliario puede ser una tarea costosa y agotadora, pero desde Que Barato te lo ponemos f\u00e1cil con nuestras ofertas de muebles al 50%. Si lo que buscas es una estancia completamente [&hellip;]<\/p>\n","protected":false},"author":3,"featured_media":3589,"comment_status":"closed","ping_status":"closed","sticky":false,"template":"","format":"standard","meta":{"footnotes":""},"categories":[40,43],"tags":[50,66,100,137,147,215,229],"yoast_head":"<!-- This site is optimized with the Yoast SEO plugin v21.2 - https:\/\/yoast.com\/wordpress\/plugins\/seo\/ -->\n<title>Decora tu sal\u00f3n con nuestras ofertas al 50% | Salones | Que Sof\u00e1s Blog<\/title>\n<meta name=\"description\" content=\"Te traemos las mejores ofertas en muebles para tu sal\u00f3n con 50% de descuento. Redecora tu estancia con los mejores productos al mejor precio.\" \/>\n<meta name=\"robots\" content=\"index, follow, max-snippet:-1, max-image-preview:large, max-video-preview:-1\" \/>\n<link rel=\"canonical\" href=\"https:\/\/que-sofas.es\/blog\/ofertas-muebles-salon-50\/\" \/>\n<meta property=\"og:locale\" content=\"es_ES\" \/>\n<meta property=\"og:type\" content=\"article\" \/>\n<meta property=\"og:title\" content=\"Decora tu sal\u00f3n con nuestras ofertas al 50% | Salones | Que Sof\u00e1s Blog\" \/>\n<meta property=\"og:description\" content=\"Te traemos las mejores ofertas en muebles para tu sal\u00f3n con 50% de descuento. Redecora tu estancia con los mejores productos al mejor precio.\" \/>\n<meta property=\"og:url\" content=\"https:\/\/que-sofas.es\/blog\/ofertas-muebles-salon-50\/\" \/>\n<meta property=\"og:site_name\" content=\"Que Sof\u00e1s Blog\" \/>\n<meta property=\"article:publisher\" content=\"https:\/\/www.facebook.com\/quesofasbarato\" \/>\n<meta property=\"article:published_time\" content=\"2021-03-25T10:44:01+00:00\" \/>\n<meta property=\"article:modified_time\" content=\"2021-03-25T10:44:31+00:00\" \/>\n<meta property=\"og:image\" content=\"https:\/\/que-sofas.es\/blog\/wp-content\/uploads\/2021\/03\/decorar-salon-muebles-baratos.png\" \/>\n\t<meta property=\"og:image:width\" content=\"800\" \/>\n\t<meta property=\"og:image:height\" content=\"600\" \/>\n\t<meta property=\"og:image:type\" content=\"image\/png\" \/>\n<meta name=\"author\" content=\"Que Barato\" \/>\n<meta name=\"twitter:card\" content=\"summary_large_image\" \/>\n<meta name=\"twitter:label1\" content=\"Escrito por\" \/>\n\t<meta name=\"twitter:data1\" content=\"Que Barato\" \/>\n\t<meta name=\"twitter:label2\" content=\"Tiempo de lectura\" \/>\n\t<meta name=\"twitter:data2\" content=\"3 minutos\" \/>\n<script type=\"application\/ld+json\" class=\"yoast-schema-graph\">{\"@context\":\"https:\/\/schema.org\",\"@graph\":[{\"@type\":\"Article\",\"@id\":\"https:\/\/que-sofas.es\/blog\/ofertas-muebles-salon-50\/#article\",\"isPartOf\":{\"@id\":\"https:\/\/que-sofas.es\/blog\/ofertas-muebles-salon-50\/\"},\"author\":{\"name\":\"Que Barato\",\"@id\":\"https:\/\/que-sofas.es\/blog\/#\/schema\/person\/70cf32421bda4ee10a724cebf2437836\"},\"headline\":\"Decora tu sal\u00f3n con nuestras ofertas al 50%\",\"datePublished\":\"2021-03-25T10:44:01+00:00\",\"dateModified\":\"2021-03-25T10:44:31+00:00\",\"mainEntityOfPage\":{\"@id\":\"https:\/\/que-sofas.es\/blog\/ofertas-muebles-salon-50\/\"},\"wordCount\":566,\"publisher\":{\"@id\":\"https:\/\/que-sofas.es\/blog\/#organization\"},\"keywords\":[\"Ahorro\",\"barato\",\"comedor\",\"familia\",\"hogar\",\"sal\u00f3n\",\"sof\u00e1\"],\"articleSection\":[\"Salones\",\"Vivir barato\"],\"inLanguage\":\"es\"},{\"@type\":\"WebPage\",\"@id\":\"https:\/\/que-sofas.es\/blog\/ofertas-muebles-salon-50\/\",\"url\":\"https:\/\/que-sofas.es\/blog\/ofertas-muebles-salon-50\/\",\"name\":\"Decora tu sal\u00f3n con nuestras ofertas al 50% | Salones | Que Sof\u00e1s Blog\",\"isPartOf\":{\"@id\":\"https:\/\/que-sofas.es\/blog\/#website\"},\"datePublished\":\"2021-03-25T10:44:01+00:00\",\"dateModified\":\"2021-03-25T10:44:31+00:00\",\"description\":\"Te traemos las mejores ofertas en muebles para tu sal\u00f3n con 50% de descuento. Redecora tu estancia con los mejores productos al mejor precio.\",\"breadcrumb\":{\"@id\":\"https:\/\/que-sofas.es\/blog\/ofertas-muebles-salon-50\/#breadcrumb\"},\"inLanguage\":\"es\",\"potentialAction\":[{\"@type\":\"ReadAction\",\"target\":[\"https:\/\/que-sofas.es\/blog\/ofertas-muebles-salon-50\/\"]}]},{\"@type\":\"BreadcrumbList\",\"@id\":\"https:\/\/que-sofas.es\/blog\/ofertas-muebles-salon-50\/#breadcrumb\",\"itemListElement\":[{\"@type\":\"ListItem\",\"position\":1,\"name\":\"Portada\",\"item\":\"https:\/\/que-sofas.es\/blog\/\"},{\"@type\":\"ListItem\",\"position\":2,\"name\":\"Decora tu sal\u00f3n con nuestras ofertas al 50%\"}]},{\"@type\":\"WebSite\",\"@id\":\"https:\/\/que-sofas.es\/blog\/#website\",\"url\":\"https:\/\/que-sofas.es\/blog\/\",\"name\":\"Que Sof\u00e1s Blog\",\"description\":\"\u00a1El blog de Que Sof\u00e1s!\",\"publisher\":{\"@id\":\"https:\/\/que-sofas.es\/blog\/#organization\"},\"potentialAction\":[{\"@type\":\"SearchAction\",\"target\":{\"@type\":\"EntryPoint\",\"urlTemplate\":\"https:\/\/que-sofas.es\/blog\/?s={search_term_string}\"},\"query-input\":\"required name=search_term_string\"}],\"inLanguage\":\"es\"},{\"@type\":\"Organization\",\"@id\":\"https:\/\/que-sofas.es\/blog\/#organization\",\"name\":\"Que Sof\u00e1s\",\"url\":\"https:\/\/que-sofas.es\/blog\/\",\"logo\":{\"@type\":\"ImageObject\",\"inLanguage\":\"es\",\"@id\":\"https:\/\/que-sofas.es\/blog\/#\/schema\/logo\/image\/\",\"url\":\"https:\/\/que-sofas.es\/blog\/wp-content\/uploads\/2023\/08\/logo-que-sofas-200x40px-2.png\",\"contentUrl\":\"https:\/\/que-sofas.es\/blog\/wp-content\/uploads\/2023\/08\/logo-que-sofas-200x40px-2.png\",\"width\":171,\"height\":39,\"caption\":\"Que Sof\u00e1s\"},\"image\":{\"@id\":\"https:\/\/que-sofas.es\/blog\/#\/schema\/logo\/image\/\"},\"sameAs\":[\"https:\/\/www.facebook.com\/quesofasbarato\",\"https:\/\/www.instagram.com\/que_sofas\/\"]},{\"@type\":\"Person\",\"@id\":\"https:\/\/que-sofas.es\/blog\/#\/schema\/person\/70cf32421bda4ee10a724cebf2437836\",\"name\":\"Que Barato\",\"image\":{\"@type\":\"ImageObject\",\"inLanguage\":\"es\",\"@id\":\"https:\/\/que-sofas.es\/blog\/#\/schema\/person\/image\/\",\"url\":\"https:\/\/secure.gravatar.com\/avatar\/2e4417e0f91201ea490393883aae4775?s=96&d=mm&r=g\",\"contentUrl\":\"https:\/\/secure.gravatar.com\/avatar\/2e4417e0f91201ea490393883aae4775?s=96&d=mm&r=g\",\"caption\":\"Que Barato\"}}]}<\/script>\n<!-- \/ Yoast SEO plugin. -->","yoast_head_json":{"title":"Decora tu sal\u00f3n con nuestras ofertas al 50% | Salones | Que Sof\u00e1s Blog","description":"Te traemos las mejores ofertas en muebles para tu sal\u00f3n con 50% de descuento. Redecora tu estancia con los mejores productos al mejor precio.","robots":{"index":"index","follow":"follow","max-snippet":"max-snippet:-1","max-image-preview":"max-image-preview:large","max-video-preview":"max-video-preview:-1"},"canonical":"https:\/\/que-sofas.es\/blog\/ofertas-muebles-salon-50\/","og_locale":"es_ES","og_type":"article","og_title":"Decora tu sal\u00f3n con nuestras ofertas al 50% | Salones | Que Sof\u00e1s Blog","og_description":"Te traemos las mejores ofertas en muebles para tu sal\u00f3n con 50% de descuento. Redecora tu estancia con los mejores productos al mejor precio.","og_url":"https:\/\/que-sofas.es\/blog\/ofertas-muebles-salon-50\/","og_site_name":"Que Sof\u00e1s Blog","article_publisher":"https:\/\/www.facebook.com\/quesofasbarato","article_published_time":"2021-03-25T10:44:01+00:00","article_modified_time":"2021-03-25T10:44:31+00:00","og_image":[{"width":800,"height":600,"url":"https:\/\/que-sofas.es\/blog\/wp-content\/uploads\/2021\/03\/decorar-salon-muebles-baratos.png","type":"image\/png"}],"author":"Que Barato","twitter_card":"summary_large_image","twitter_misc":{"Escrito por":"Que Barato","Tiempo de lectura":"3 minutos"},"schema":{"@context":"https:\/\/schema.org","@graph":[{"@type":"Article","@id":"https:\/\/que-sofas.es\/blog\/ofertas-muebles-salon-50\/#article","isPartOf":{"@id":"https:\/\/que-sofas.es\/blog\/ofertas-muebles-salon-50\/"},"author":{"name":"Que Barato","@id":"https:\/\/que-sofas.es\/blog\/#\/schema\/person\/70cf32421bda4ee10a724cebf2437836"},"headline":"Decora tu sal\u00f3n con nuestras ofertas al 50%","datePublished":"2021-03-25T10:44:01+00:00","dateModified":"2021-03-25T10:44:31+00:00","mainEntityOfPage":{"@id":"https:\/\/que-sofas.es\/blog\/ofertas-muebles-salon-50\/"},"wordCount":566,"publisher":{"@id":"https:\/\/que-sofas.es\/blog\/#organization"},"keywords":["Ahorro","barato","comedor","familia","hogar","sal\u00f3n","sof\u00e1"],"articleSection":["Salones","Vivir barato"],"inLanguage":"es"},{"@type":"WebPage","@id":"https:\/\/que-sofas.es\/blog\/ofertas-muebles-salon-50\/","url":"https:\/\/que-sofas.es\/blog\/ofertas-muebles-salon-50\/","name":"Decora tu sal\u00f3n con nuestras ofertas al 50% | Salones | Que Sof\u00e1s Blog","isPartOf":{"@id":"https:\/\/que-sofas.es\/blog\/#website"},"datePublished":"2021-03-25T10:44:01+00:00","dateModified":"2021-03-25T10:44:31+00:00","description":"Te traemos las mejores ofertas en muebles para tu sal\u00f3n con 50% de descuento. Redecora tu estancia con los mejores productos al mejor precio.","breadcrumb":{"@id":"https:\/\/que-sofas.es\/blog\/ofertas-muebles-salon-50\/#breadcrumb"},"inLanguage":"es","potentialAction":[{"@type":"ReadAction","target":["https:\/\/que-sofas.es\/blog\/ofertas-muebles-salon-50\/"]}]},{"@type":"BreadcrumbList","@id":"https:\/\/que-sofas.es\/blog\/ofertas-muebles-salon-50\/#breadcrumb","itemListElement":[{"@type":"ListItem","position":1,"name":"Portada","item":"https:\/\/que-sofas.es\/blog\/"},{"@type":"ListItem","position":2,"name":"Decora tu sal\u00f3n con nuestras ofertas al 50%"}]},{"@type":"WebSite","@id":"https:\/\/que-sofas.es\/blog\/#website","url":"https:\/\/que-sofas.es\/blog\/","name":"Que Sof\u00e1s Blog","description":"\u00a1El blog de Que Sof\u00e1s!","publisher":{"@id":"https:\/\/que-sofas.es\/blog\/#organization"},"potentialAction":[{"@type":"SearchAction","target":{"@type":"EntryPoint","urlTemplate":"https:\/\/que-sofas.es\/blog\/?s={search_term_string}"},"query-input":"required name=search_term_string"}],"inLanguage":"es"},{"@type":"Organization","@id":"https:\/\/que-sofas.es\/blog\/#organization","name":"Que Sof\u00e1s","url":"https:\/\/que-sofas.es\/blog\/","logo":{"@type":"ImageObject","inLanguage":"es","@id":"https:\/\/que-sofas.es\/blog\/#\/schema\/logo\/image\/","url":"https:\/\/que-sofas.es\/blog\/wp-content\/uploads\/2023\/08\/logo-que-sofas-200x40px-2.png","contentUrl":"https:\/\/que-sofas.es\/blog\/wp-content\/uploads\/2023\/08\/logo-que-sofas-200x40px-2.png","width":171,"height":39,"caption":"Que Sof\u00e1s"},"image":{"@id":"https:\/\/que-sofas.es\/blog\/#\/schema\/logo\/image\/"},"sameAs":["https:\/\/www.facebook.com\/quesofasbarato","https:\/\/www.instagram.com\/que_sofas\/"]},{"@type":"Person","@id":"https:\/\/que-sofas.es\/blog\/#\/schema\/person\/70cf32421bda4ee10a724cebf2437836","name":"Que Barato","image":{"@type":"ImageObject","inLanguage":"es","@id":"https:\/\/que-sofas.es\/blog\/#\/schema\/person\/image\/","url":"https:\/\/secure.gravatar.com\/avatar\/2e4417e0f91201ea490393883aae4775?s=96&d=mm&r=g","contentUrl":"https:\/\/secure.gravatar.com\/avatar\/2e4417e0f91201ea490393883aae4775?s=96&d=mm&r=g","caption":"Que Barato"}}]}},"_links":{"self":[{"href":"https:\/\/que-sofas.es\/blog\/wp-json\/wp\/v2\/posts\/3581"}],"collection":[{"href":"https:\/\/que-sofas.es\/blog\/wp-json\/wp\/v2\/posts"}],"about":[{"href":"https:\/\/que-sofas.es\/blog\/wp-json\/wp\/v2\/types\/post"}],"author":[{"embeddable":true,"href":"https:\/\/que-sofas.es\/blog\/wp-json\/wp\/v2\/users\/3"}],"replies":[{"embeddable":true,"href":"https:\/\/que-sofas.es\/blog\/wp-json\/wp\/v2\/comments?post=3581"}],"version-history":[{"count":5,"href":"https:\/\/que-sofas.es\/blog\/wp-json\/wp\/v2\/posts\/3581\/revisions"}],"predecessor-version":[{"id":3762,"href":"https:\/\/que-sofas.es\/blog\/wp-json\/wp\/v2\/posts\/3581\/revisions\/3762"}],"wp:featuredmedia":[{"embeddable":true,"href":"https:\/\/que-sofas.es\/blog\/wp-json\/wp\/v2\/media\/3589"}],"wp:attachment":[{"href":"https:\/\/que-sofas.es\/blog\/wp-json\/wp\/v2\/media?parent=3581"}],"wp:term":[{"taxonomy":"category","embeddable":true,"href":"https:\/\/que-sofas.es\/blog\/wp-json\/wp\/v2\/categories?post=3581"},{"taxonomy":"post_tag","embeddable":true,"href":"https:\/\/que-sofas.es\/blog\/wp-json\/wp\/v2\/tags?post=3581"}],"curies":[{"name":"wp","href":"https:\/\/api.w.org\/{rel}","templated":true}]}}