{"id":3536,"date":"2021-01-20T12:08:02","date_gmt":"2021-01-20T10:08:02","guid":{"rendered":"https:\/\/que-barato.es\/blog\/?p=3536"},"modified":"2021-01-20T12:08:02","modified_gmt":"2021-01-20T10:08:02","slug":"tendencias-en-decoracion-para-2021","status":"publish","type":"post","link":"https:\/\/que-sofas.es\/blog\/tendencias-en-decoracion-para-2021\/","title":{"rendered":"Seis tendencias en decoraci\u00f3n para 2021"},"content":{"rendered":"<p>Con la llegada del 2021, debemos estar atentos a las <strong>tendencias que marcar\u00e1n los estilos de decoraci\u00f3n en nuestros hogares<\/strong>. Con un claro cambio de paradigma en la concepci\u00f3n de \u201chogar\u201d, impuesto por la situaci\u00f3n social actual, desde Qu\u00e9 Barato sabemos que debemos adaptar los espacios a nuestras necesidades. Y con nosotros puedes hacerlo sin perder el punto de vista elegante que nos traer\u00e1n las tendencias este a\u00f1o.<\/p>\n<div id=\"ez-toc-container\" class=\"ez-toc-v2_0_55 counter-hierarchy ez-toc-counter ez-toc-grey ez-toc-container-direction\">\n<p class=\"ez-toc-title\">&iquest;De qu&eacute; hablamos en este post?<\/p>\n<label for=\"ez-toc-cssicon-toggle-item-69ef64f1bb4de\"><span class=\"\"><span style=\"display:none;\">Toggle<\/span><span class=\"ez-toc-icon-toggle-span\"><svg style=\"fill: #999;color:#999\" xmlns=\"http:\/\/www.w3.org\/2000\/svg\" class=\"list-377408\" width=\"20px\" height=\"20px\" viewBox=\"0 0 24 24\" fill=\"none\"><path d=\"M6 6H4v2h2V6zm14 0H8v2h12V6zM4 11h2v2H4v-2zm16 0H8v2h12v-2zM4 16h2v2H4v-2zm16 0H8v2h12v-2z\" fill=\"currentColor\"><\/path><\/svg><svg style=\"fill: #999;color:#999\" class=\"arrow-unsorted-368013\" xmlns=\"http:\/\/www.w3.org\/2000\/svg\" width=\"10px\" height=\"10px\" viewBox=\"0 0 24 24\" version=\"1.2\" baseProfile=\"tiny\"><path d=\"M18.2 9.3l-6.2-6.3-6.2 6.3c-.2.2-.3.4-.3.7s.1.5.3.7c.2.2.4.3.7.3h11c.3 0 .5-.1.7-.3.2-.2.3-.5.3-.7s-.1-.5-.3-.7zM5.8 14.7l6.2 6.3 6.2-6.3c.2-.2.3-.5.3-.7s-.1-.5-.3-.7c-.2-.2-.4-.3-.7-.3h-11c-.3 0-.5.1-.7.3-.2.2-.3.5-.3.7s.1.5.3.7z\"\/><\/svg><\/span><\/span><\/label><input type=\"checkbox\"  id=\"ez-toc-cssicon-toggle-item-69ef64f1bb4de\"  aria-label=\"Toggle\" \/><nav><ul class='ez-toc-list ez-toc-list-level-1 ' ><li class='ez-toc-page-1 ez-toc-heading-level-2'><a class=\"ez-toc-link ez-toc-heading-1\" href=\"https:\/\/que-sofas.es\/blog\/tendencias-en-decoracion-para-2021\/#Maderas_claras\" title=\"Maderas claras\">Maderas claras<\/a><\/li><li class='ez-toc-page-1 ez-toc-heading-level-2'><a class=\"ez-toc-link ez-toc-heading-2\" href=\"https:\/\/que-sofas.es\/blog\/tendencias-en-decoracion-para-2021\/#Grises_y_neutros_con_un_toque_de_color\" title=\"Grises y neutros con un toque de color\">Grises y neutros con un toque de color<\/a><\/li><li class='ez-toc-page-1 ez-toc-heading-level-2'><a class=\"ez-toc-link ez-toc-heading-3\" href=\"https:\/\/que-sofas.es\/blog\/tendencias-en-decoracion-para-2021\/#Elegancia_industrial\" title=\"Elegancia industrial\">Elegancia industrial<\/a><\/li><li class='ez-toc-page-1 ez-toc-heading-level-2'><a class=\"ez-toc-link ez-toc-heading-4\" href=\"https:\/\/que-sofas.es\/blog\/tendencias-en-decoracion-para-2021\/#Formas_redondeadas\" title=\"Formas redondeadas\">Formas redondeadas<\/a><\/li><li class='ez-toc-page-1 ez-toc-heading-level-2'><a class=\"ez-toc-link ez-toc-heading-5\" href=\"https:\/\/que-sofas.es\/blog\/tendencias-en-decoracion-para-2021\/#Materiales_naturales\" title=\"Materiales naturales\">Materiales naturales<\/a><\/li><li class='ez-toc-page-1 ez-toc-heading-level-2'><a class=\"ez-toc-link ez-toc-heading-6\" href=\"https:\/\/que-sofas.es\/blog\/tendencias-en-decoracion-para-2021\/#Espacios_polivalentes\" title=\"Espacios polivalentes\">Espacios polivalentes<\/a><\/li><\/ul><\/nav><\/div>\n<h2><span class=\"ez-toc-section\" id=\"Maderas_claras\"><\/span>Maderas claras<span class=\"ez-toc-section-end\"><\/span><\/h2>\n<p><img decoding=\"async\" loading=\"lazy\" class=\"size-medium wp-image-3541 alignright\" src=\"https:\/\/que-barato.es\/blog\/wp-content\/uploads\/2021\/01\/armario-winner-300x250.jpg\" alt=\"\" width=\"300\" height=\"250\" srcset=\"https:\/\/que-sofas.es\/blog\/wp-content\/uploads\/2021\/01\/armario-winner-300x250.jpg 300w, https:\/\/que-sofas.es\/blog\/wp-content\/uploads\/2021\/01\/armario-winner-1030x858.jpg 1030w, https:\/\/que-sofas.es\/blog\/wp-content\/uploads\/2021\/01\/armario-winner-768x640.jpg 768w, https:\/\/que-sofas.es\/blog\/wp-content\/uploads\/2021\/01\/armario-winner.jpg 1100w\" sizes=\"(max-width: 300px) 100vw, 300px\" \/><\/p>\n<p>Siguiendo el estilo n\u00f3rdico, una de las tendencias que encontraremos en decoraci\u00f3n en\u00a02021 es el uso de maderas blancas. Con este tono conseguir\u00e1s darle elegancia a tu sal\u00f3n y <strong>potenciar los puntos d<\/strong><strong>e luz de la estancia<\/strong>. Una soluci\u00f3n que aportar\u00e1 calidez a tus habitaciones y crear\u00e1 un ambiente acogedor.<\/p>\n<p>Nosotros te lo ponemos f\u00e1cil para estar a la \u00faltima moda en decoraci\u00f3n con nuestro <a href=\"https:\/\/que-barato.es\/armarios\/3-armario-winner.html\">armario Winner<\/a>. Blanco con paneles centrales reversibles en color Roble Sonoma, este armario se establece como el perfecto candidato para iluminar tus dormitorios o salas de estar.<\/p>\n<h2><span class=\"ez-toc-section\" id=\"Grises_y_neutros_con_un_toque_de_color\"><\/span>Grises y neutros con un toque de color<span class=\"ez-toc-section-end\"><\/span><\/h2>\n<p>Los tonos neutros como el beige o el gris ganan potencia en las tendencias que se esperan este a\u00f1o. Lo ideal para combinar en estos casos es <strong>incorporar alg\u00fan elemento de color para realizar contraste<\/strong>. Con esta combinaci\u00f3n conseguir\u00e1s darle personalidad a la estancia. Recuerda que los colores de este a\u00f1o, seg\u00fan Pantone, son el gris (Ultimate Gray) y el amarillo (Illuminating). \u00c9chale un vistazo a nuestras propuestas para <a href=\"https:\/\/que-barato.es\/blog\/colores-pantone-2021-hogar\/\">integrar los colores Pantone 2021 en tu hogar<\/a>.<\/p>\n<h2><span class=\"ez-toc-section\" id=\"Elegancia_industrial\"><\/span>Elegancia industrial<span class=\"ez-toc-section-end\"><\/span><\/h2>\n<p><img decoding=\"async\" loading=\"lazy\" class=\" wp-image-3538 alignleft\" src=\"https:\/\/que-barato.es\/blog\/wp-content\/uploads\/2021\/01\/sofa-chaise-longue-saona-300x250.jpg\" alt=\"\" width=\"250\" height=\"208\" srcset=\"https:\/\/que-sofas.es\/blog\/wp-content\/uploads\/2021\/01\/sofa-chaise-longue-saona-300x250.jpg 300w, https:\/\/que-sofas.es\/blog\/wp-content\/uploads\/2021\/01\/sofa-chaise-longue-saona-1030x858.jpg 1030w, https:\/\/que-sofas.es\/blog\/wp-content\/uploads\/2021\/01\/sofa-chaise-longue-saona-768x640.jpg 768w, https:\/\/que-sofas.es\/blog\/wp-content\/uploads\/2021\/01\/sofa-chaise-longue-saona.jpg 1100w\" sizes=\"(max-width: 250px) 100vw, 250px\" \/>El<em> loft<\/em> es un tipo de espacio que tiene sus or\u00edgenes en la d\u00e9cada de los 50 en Nueva York. Con el paso del tiempo ha ido evolucionado hasta el concepto actual, presente entre las tendencias de decoraci\u00f3n para 2021.<\/p>\n<p>Este estilo deja a la vista los materiales de construcci\u00f3n y sus estructuras: <strong>paredes de ladrillo visto, tuber\u00edas o vigas de madera<\/strong>. Con colores oscuros, la reina de este estilo es sin duda la luz de la estancia. Dar\u00e1 ese aspecto acogedor que necesitas y definir\u00e1 la personalidad del lugar. Completa tu sal\u00f3n con nuestro <a href=\"https:\/\/que-barato.es\/chaiselongue-baratos\/74-sofa-chaise-longue-saona.html\">Sof\u00e1 Chaise Longe Saona<\/a>, con un color marengo que combinar\u00e1 a la perfecci\u00f3n con tu <em>loft<\/em>.<\/p>\n<h2><span class=\"ez-toc-section\" id=\"Formas_redondeadas\"><\/span>Formas redondeadas<span class=\"ez-toc-section-end\"><\/span><\/h2>\n<p><img decoding=\"async\" loading=\"lazy\" class=\" wp-image-3539 alignright\" src=\"https:\/\/que-barato.es\/blog\/wp-content\/uploads\/2021\/01\/silla-einar-1-300x250.jpg\" alt=\"\" width=\"224\" height=\"186\" srcset=\"https:\/\/que-sofas.es\/blog\/wp-content\/uploads\/2021\/01\/silla-einar-1-300x250.jpg 300w, https:\/\/que-sofas.es\/blog\/wp-content\/uploads\/2021\/01\/silla-einar-1-1030x858.jpg 1030w, https:\/\/que-sofas.es\/blog\/wp-content\/uploads\/2021\/01\/silla-einar-1-768x640.jpg 768w, https:\/\/que-sofas.es\/blog\/wp-content\/uploads\/2021\/01\/silla-einar-1.jpg 1100w\" sizes=\"(max-width: 224px) 100vw, 224px\" \/><\/p>\n<p>Los muebles con formas suaves y redondeadas ser\u00e1n los reyes de este 2021. <strong>Aportando elegancia y comodidad<\/strong>, nos dar\u00e1n la sensaci\u00f3n de encontrarnos en los a\u00f1os 60. Esta tendencia vers\u00e1til se puede trasladar a todo tipo de elementos, desde sof\u00e1s hasta mesas, pasando por cabeceros de cama o elementos decorativos como cuadros o espejos. Pero nuestra principal apuesta es incorporarlo en las sillas de nuestro sal\u00f3n o comedor.<\/p>\n<p>Enlazando con la anterior tendencia de combinar grises con elementos que aporten un toque de color, nuestra <a href=\"https:\/\/que-barato.es\/sillas\/369-921-silla-einar-.html#\/19-colores-rosa\">Silla Einar<\/a> es la mejor opci\u00f3n para unir ambas tendencias. En varios colores, esta silla de respaldo redondeado ser\u00e1 la protagonista de tu casa.<\/p>\n<h2><span class=\"ez-toc-section\" id=\"Materiales_naturales\"><\/span>Materiales naturales<span class=\"ez-toc-section-end\"><\/span><\/h2>\n<p>La utilizaci\u00f3n de materiales naturales y artesanos ser\u00e1 la principal tendencia decorativa que marque este a\u00f1o. En la b\u00fasqueda de la armon\u00eda en nuestro hogar encontraremos detalles que aportar\u00e1n personalidad. Pero, sobre todo, calidez a las estancias. El<strong> uso de materiales como barro, m\u00e1rmol o madera<\/strong> ser\u00e1 predominante entre las tendencias de decoraci\u00f3n en 2021.<\/p>\n<h2><span class=\"ez-toc-section\" id=\"Espacios_polivalentes\"><\/span>Espacios polivalentes<span class=\"ez-toc-section-end\"><\/span><\/h2>\n<p><img decoding=\"async\" loading=\"lazy\" class=\" wp-image-3540 alignleft\" src=\"https:\/\/que-barato.es\/blog\/wp-content\/uploads\/2021\/01\/mesa-de-comedor-lyon-300x250.jpg\" alt=\"\" width=\"198\" height=\"165\" srcset=\"https:\/\/que-sofas.es\/blog\/wp-content\/uploads\/2021\/01\/mesa-de-comedor-lyon-300x250.jpg 300w, https:\/\/que-sofas.es\/blog\/wp-content\/uploads\/2021\/01\/mesa-de-comedor-lyon-1030x858.jpg 1030w, https:\/\/que-sofas.es\/blog\/wp-content\/uploads\/2021\/01\/mesa-de-comedor-lyon-768x640.jpg 768w, https:\/\/que-sofas.es\/blog\/wp-content\/uploads\/2021\/01\/mesa-de-comedor-lyon.jpg 1100w\" sizes=\"(max-width: 198px) 100vw, 198px\" \/>Una de las principales novedades que trajo consigo el 2020 fue la incorporaci\u00f3n del teletrabajo. Esta novedad ha influido en todos los aspectos de nuestra vida, incluida la decoraci\u00f3n de nuestro hogar. Por eso, en este nuevo a\u00f1o tomar\u00e1 especial relevancia la utilizaci\u00f3n de espacios polivalentes.<\/p>\n<p>Teniendo que incorporar un \u00e1rea dedicada al trabajo, los rincones de la casa se vuelven m\u00e1s vers\u00e1tiles. Estas zonas se incluyen en el sal\u00f3n, el dormitorio o incluso en el comedor. <strong>Los principales elementos de estos despachos improvisados son las mesas<\/strong>. En Qu\u00e9 Barato apostamos por convertir la mesa de tu comedor en un maravilloso espacio de trabajo en el que poder dar rienda suelta a tu creatividad. Nuestra <a href=\"https:\/\/que-barato.es\/mesas-de-comedor-baratos\/46-mesa-de-comedor-lyon.html\">mesa de comedor LYON<\/a>, le dar\u00e1 a tu hogar toda la polivalencia que este nuevo a\u00f1o 2021 te solicita.<\/p>\n","protected":false},"excerpt":{"rendered":"<p>Con la llegada del 2021, debemos estar atentos a las tendencias que marcar\u00e1n los estilos de decoraci\u00f3n en nuestros hogares. Con un claro cambio de paradigma en la concepci\u00f3n de \u201chogar\u201d, impuesto por la situaci\u00f3n social actual, desde Qu\u00e9 Barato sabemos que debemos adaptar los espacios a nuestras necesidades. Y con nosotros puedes hacerlo sin [&hellip;]<\/p>\n","protected":false},"author":3,"featured_media":3537,"comment_status":"closed","ping_status":"closed","sticky":false,"template":"","format":"standard","meta":{"footnotes":""},"categories":[39],"tags":[60,91,111,147,215,222],"yoast_head":"<!-- This site is optimized with the Yoast SEO plugin v21.2 - https:\/\/yoast.com\/wordpress\/plugins\/seo\/ -->\n<title>Seis tendencias en decoraci\u00f3n para 2021 | Qu\u00e9 Barato Blog<\/title>\n<meta name=\"description\" content=\"Te contamos cuales son las tendencias en decoraci\u00f3n para 2021 que te ayudar\u00e1n a darle un toque innovador a tu hogar.\" \/>\n<meta name=\"robots\" content=\"index, follow, max-snippet:-1, max-image-preview:large, max-video-preview:-1\" \/>\n<link rel=\"canonical\" href=\"https:\/\/que-sofas.es\/blog\/tendencias-en-decoracion-para-2021\/\" \/>\n<meta property=\"og:locale\" content=\"es_ES\" \/>\n<meta property=\"og:type\" content=\"article\" \/>\n<meta property=\"og:title\" content=\"Seis tendencias en decoraci\u00f3n para 2021 | Qu\u00e9 Barato Blog\" \/>\n<meta property=\"og:description\" content=\"Te contamos cuales son las tendencias en decoraci\u00f3n para 2021 que te ayudar\u00e1n a darle un toque innovador a tu hogar.\" \/>\n<meta property=\"og:url\" content=\"https:\/\/que-sofas.es\/blog\/tendencias-en-decoracion-para-2021\/\" \/>\n<meta property=\"og:site_name\" content=\"Que Sof\u00e1s Blog\" \/>\n<meta property=\"article:publisher\" content=\"https:\/\/www.facebook.com\/quesofasbarato\" \/>\n<meta property=\"article:published_time\" content=\"2021-01-20T10:08:02+00:00\" \/>\n<meta property=\"og:image\" content=\"https:\/\/que-sofas.es\/blog\/wp-content\/uploads\/2021\/01\/tendencias-decoracin-2021.png\" \/>\n\t<meta property=\"og:image:width\" content=\"640\" \/>\n\t<meta property=\"og:image:height\" content=\"423\" \/>\n\t<meta property=\"og:image:type\" content=\"image\/png\" \/>\n<meta name=\"author\" content=\"Que Barato\" \/>\n<meta name=\"twitter:card\" content=\"summary_large_image\" \/>\n<meta name=\"twitter:label1\" content=\"Escrito por\" \/>\n\t<meta name=\"twitter:data1\" content=\"Que Barato\" \/>\n\t<meta name=\"twitter:label2\" content=\"Tiempo de lectura\" \/>\n\t<meta name=\"twitter:data2\" content=\"4 minutos\" \/>\n<script type=\"application\/ld+json\" class=\"yoast-schema-graph\">{\"@context\":\"https:\/\/schema.org\",\"@graph\":[{\"@type\":\"Article\",\"@id\":\"https:\/\/que-sofas.es\/blog\/tendencias-en-decoracion-para-2021\/#article\",\"isPartOf\":{\"@id\":\"https:\/\/que-sofas.es\/blog\/tendencias-en-decoracion-para-2021\/\"},\"author\":{\"name\":\"Que Barato\",\"@id\":\"https:\/\/que-sofas.es\/blog\/#\/schema\/person\/70cf32421bda4ee10a724cebf2437836\"},\"headline\":\"Seis tendencias en decoraci\u00f3n para 2021\",\"datePublished\":\"2021-01-20T10:08:02+00:00\",\"dateModified\":\"2021-01-20T10:08:02+00:00\",\"mainEntityOfPage\":{\"@id\":\"https:\/\/que-sofas.es\/blog\/tendencias-en-decoracion-para-2021\/\"},\"wordCount\":711,\"publisher\":{\"@id\":\"https:\/\/que-sofas.es\/blog\/#organization\"},\"keywords\":[\"armario\",\"chaiselongue\",\"decoraci\u00f3n\",\"hogar\",\"sal\u00f3n\",\"silla\"],\"articleSection\":[\"Ideas y consejos\"],\"inLanguage\":\"es\"},{\"@type\":\"WebPage\",\"@id\":\"https:\/\/que-sofas.es\/blog\/tendencias-en-decoracion-para-2021\/\",\"url\":\"https:\/\/que-sofas.es\/blog\/tendencias-en-decoracion-para-2021\/\",\"name\":\"Seis tendencias en decoraci\u00f3n para 2021 | Qu\u00e9 Barato Blog\",\"isPartOf\":{\"@id\":\"https:\/\/que-sofas.es\/blog\/#website\"},\"datePublished\":\"2021-01-20T10:08:02+00:00\",\"dateModified\":\"2021-01-20T10:08:02+00:00\",\"description\":\"Te contamos cuales son las tendencias en decoraci\u00f3n para 2021 que te ayudar\u00e1n a darle un toque innovador a tu hogar.\",\"breadcrumb\":{\"@id\":\"https:\/\/que-sofas.es\/blog\/tendencias-en-decoracion-para-2021\/#breadcrumb\"},\"inLanguage\":\"es\",\"potentialAction\":[{\"@type\":\"ReadAction\",\"target\":[\"https:\/\/que-sofas.es\/blog\/tendencias-en-decoracion-para-2021\/\"]}]},{\"@type\":\"BreadcrumbList\",\"@id\":\"https:\/\/que-sofas.es\/blog\/tendencias-en-decoracion-para-2021\/#breadcrumb\",\"itemListElement\":[{\"@type\":\"ListItem\",\"position\":1,\"name\":\"Portada\",\"item\":\"https:\/\/que-sofas.es\/blog\/\"},{\"@type\":\"ListItem\",\"position\":2,\"name\":\"Seis tendencias en decoraci\u00f3n para 2021\"}]},{\"@type\":\"WebSite\",\"@id\":\"https:\/\/que-sofas.es\/blog\/#website\",\"url\":\"https:\/\/que-sofas.es\/blog\/\",\"name\":\"Que Sof\u00e1s Blog\",\"description\":\"\u00a1El blog de Que Sof\u00e1s!\",\"publisher\":{\"@id\":\"https:\/\/que-sofas.es\/blog\/#organization\"},\"potentialAction\":[{\"@type\":\"SearchAction\",\"target\":{\"@type\":\"EntryPoint\",\"urlTemplate\":\"https:\/\/que-sofas.es\/blog\/?s={search_term_string}\"},\"query-input\":\"required name=search_term_string\"}],\"inLanguage\":\"es\"},{\"@type\":\"Organization\",\"@id\":\"https:\/\/que-sofas.es\/blog\/#organization\",\"name\":\"Que Sof\u00e1s\",\"url\":\"https:\/\/que-sofas.es\/blog\/\",\"logo\":{\"@type\":\"ImageObject\",\"inLanguage\":\"es\",\"@id\":\"https:\/\/que-sofas.es\/blog\/#\/schema\/logo\/image\/\",\"url\":\"https:\/\/que-sofas.es\/blog\/wp-content\/uploads\/2023\/08\/logo-que-sofas-200x40px-2.png\",\"contentUrl\":\"https:\/\/que-sofas.es\/blog\/wp-content\/uploads\/2023\/08\/logo-que-sofas-200x40px-2.png\",\"width\":171,\"height\":39,\"caption\":\"Que Sof\u00e1s\"},\"image\":{\"@id\":\"https:\/\/que-sofas.es\/blog\/#\/schema\/logo\/image\/\"},\"sameAs\":[\"https:\/\/www.facebook.com\/quesofasbarato\",\"https:\/\/www.instagram.com\/que_sofas\/\"]},{\"@type\":\"Person\",\"@id\":\"https:\/\/que-sofas.es\/blog\/#\/schema\/person\/70cf32421bda4ee10a724cebf2437836\",\"name\":\"Que Barato\",\"image\":{\"@type\":\"ImageObject\",\"inLanguage\":\"es\",\"@id\":\"https:\/\/que-sofas.es\/blog\/#\/schema\/person\/image\/\",\"url\":\"https:\/\/secure.gravatar.com\/avatar\/2e4417e0f91201ea490393883aae4775?s=96&d=mm&r=g\",\"contentUrl\":\"https:\/\/secure.gravatar.com\/avatar\/2e4417e0f91201ea490393883aae4775?s=96&d=mm&r=g\",\"caption\":\"Que Barato\"}}]}<\/script>\n<!-- \/ Yoast SEO plugin. -->","yoast_head_json":{"title":"Seis tendencias en decoraci\u00f3n para 2021 | Qu\u00e9 Barato Blog","description":"Te contamos cuales son las tendencias en decoraci\u00f3n para 2021 que te ayudar\u00e1n a darle un toque innovador a tu hogar.","robots":{"index":"index","follow":"follow","max-snippet":"max-snippet:-1","max-image-preview":"max-image-preview:large","max-video-preview":"max-video-preview:-1"},"canonical":"https:\/\/que-sofas.es\/blog\/tendencias-en-decoracion-para-2021\/","og_locale":"es_ES","og_type":"article","og_title":"Seis tendencias en decoraci\u00f3n para 2021 | Qu\u00e9 Barato Blog","og_description":"Te contamos cuales son las tendencias en decoraci\u00f3n para 2021 que te ayudar\u00e1n a darle un toque innovador a tu hogar.","og_url":"https:\/\/que-sofas.es\/blog\/tendencias-en-decoracion-para-2021\/","og_site_name":"Que Sof\u00e1s Blog","article_publisher":"https:\/\/www.facebook.com\/quesofasbarato","article_published_time":"2021-01-20T10:08:02+00:00","og_image":[{"width":640,"height":423,"url":"https:\/\/que-sofas.es\/blog\/wp-content\/uploads\/2021\/01\/tendencias-decoracin-2021.png","type":"image\/png"}],"author":"Que Barato","twitter_card":"summary_large_image","twitter_misc":{"Escrito por":"Que Barato","Tiempo de lectura":"4 minutos"},"schema":{"@context":"https:\/\/schema.org","@graph":[{"@type":"Article","@id":"https:\/\/que-sofas.es\/blog\/tendencias-en-decoracion-para-2021\/#article","isPartOf":{"@id":"https:\/\/que-sofas.es\/blog\/tendencias-en-decoracion-para-2021\/"},"author":{"name":"Que Barato","@id":"https:\/\/que-sofas.es\/blog\/#\/schema\/person\/70cf32421bda4ee10a724cebf2437836"},"headline":"Seis tendencias en decoraci\u00f3n para 2021","datePublished":"2021-01-20T10:08:02+00:00","dateModified":"2021-01-20T10:08:02+00:00","mainEntityOfPage":{"@id":"https:\/\/que-sofas.es\/blog\/tendencias-en-decoracion-para-2021\/"},"wordCount":711,"publisher":{"@id":"https:\/\/que-sofas.es\/blog\/#organization"},"keywords":["armario","chaiselongue","decoraci\u00f3n","hogar","sal\u00f3n","silla"],"articleSection":["Ideas y consejos"],"inLanguage":"es"},{"@type":"WebPage","@id":"https:\/\/que-sofas.es\/blog\/tendencias-en-decoracion-para-2021\/","url":"https:\/\/que-sofas.es\/blog\/tendencias-en-decoracion-para-2021\/","name":"Seis tendencias en decoraci\u00f3n para 2021 | Qu\u00e9 Barato Blog","isPartOf":{"@id":"https:\/\/que-sofas.es\/blog\/#website"},"datePublished":"2021-01-20T10:08:02+00:00","dateModified":"2021-01-20T10:08:02+00:00","description":"Te contamos cuales son las tendencias en decoraci\u00f3n para 2021 que te ayudar\u00e1n a darle un toque innovador a tu hogar.","breadcrumb":{"@id":"https:\/\/que-sofas.es\/blog\/tendencias-en-decoracion-para-2021\/#breadcrumb"},"inLanguage":"es","potentialAction":[{"@type":"ReadAction","target":["https:\/\/que-sofas.es\/blog\/tendencias-en-decoracion-para-2021\/"]}]},{"@type":"BreadcrumbList","@id":"https:\/\/que-sofas.es\/blog\/tendencias-en-decoracion-para-2021\/#breadcrumb","itemListElement":[{"@type":"ListItem","position":1,"name":"Portada","item":"https:\/\/que-sofas.es\/blog\/"},{"@type":"ListItem","position":2,"name":"Seis tendencias en decoraci\u00f3n para 2021"}]},{"@type":"WebSite","@id":"https:\/\/que-sofas.es\/blog\/#website","url":"https:\/\/que-sofas.es\/blog\/","name":"Que Sof\u00e1s Blog","description":"\u00a1El blog de Que Sof\u00e1s!","publisher":{"@id":"https:\/\/que-sofas.es\/blog\/#organization"},"potentialAction":[{"@type":"SearchAction","target":{"@type":"EntryPoint","urlTemplate":"https:\/\/que-sofas.es\/blog\/?s={search_term_string}"},"query-input":"required name=search_term_string"}],"inLanguage":"es"},{"@type":"Organization","@id":"https:\/\/que-sofas.es\/blog\/#organization","name":"Que Sof\u00e1s","url":"https:\/\/que-sofas.es\/blog\/","logo":{"@type":"ImageObject","inLanguage":"es","@id":"https:\/\/que-sofas.es\/blog\/#\/schema\/logo\/image\/","url":"https:\/\/que-sofas.es\/blog\/wp-content\/uploads\/2023\/08\/logo-que-sofas-200x40px-2.png","contentUrl":"https:\/\/que-sofas.es\/blog\/wp-content\/uploads\/2023\/08\/logo-que-sofas-200x40px-2.png","width":171,"height":39,"caption":"Que Sof\u00e1s"},"image":{"@id":"https:\/\/que-sofas.es\/blog\/#\/schema\/logo\/image\/"},"sameAs":["https:\/\/www.facebook.com\/quesofasbarato","https:\/\/www.instagram.com\/que_sofas\/"]},{"@type":"Person","@id":"https:\/\/que-sofas.es\/blog\/#\/schema\/person\/70cf32421bda4ee10a724cebf2437836","name":"Que Barato","image":{"@type":"ImageObject","inLanguage":"es","@id":"https:\/\/que-sofas.es\/blog\/#\/schema\/person\/image\/","url":"https:\/\/secure.gravatar.com\/avatar\/2e4417e0f91201ea490393883aae4775?s=96&d=mm&r=g","contentUrl":"https:\/\/secure.gravatar.com\/avatar\/2e4417e0f91201ea490393883aae4775?s=96&d=mm&r=g","caption":"Que Barato"}}]}},"_links":{"self":[{"href":"https:\/\/que-sofas.es\/blog\/wp-json\/wp\/v2\/posts\/3536"}],"collection":[{"href":"https:\/\/que-sofas.es\/blog\/wp-json\/wp\/v2\/posts"}],"about":[{"href":"https:\/\/que-sofas.es\/blog\/wp-json\/wp\/v2\/types\/post"}],"author":[{"embeddable":true,"href":"https:\/\/que-sofas.es\/blog\/wp-json\/wp\/v2\/users\/3"}],"replies":[{"embeddable":true,"href":"https:\/\/que-sofas.es\/blog\/wp-json\/wp\/v2\/comments?post=3536"}],"version-history":[{"count":2,"href":"https:\/\/que-sofas.es\/blog\/wp-json\/wp\/v2\/posts\/3536\/revisions"}],"predecessor-version":[{"id":3543,"href":"https:\/\/que-sofas.es\/blog\/wp-json\/wp\/v2\/posts\/3536\/revisions\/3543"}],"wp:featuredmedia":[{"embeddable":true,"href":"https:\/\/que-sofas.es\/blog\/wp-json\/wp\/v2\/media\/3537"}],"wp:attachment":[{"href":"https:\/\/que-sofas.es\/blog\/wp-json\/wp\/v2\/media?parent=3536"}],"wp:term":[{"taxonomy":"category","embeddable":true,"href":"https:\/\/que-sofas.es\/blog\/wp-json\/wp\/v2\/categories?post=3536"},{"taxonomy":"post_tag","embeddable":true,"href":"https:\/\/que-sofas.es\/blog\/wp-json\/wp\/v2\/tags?post=3536"}],"curies":[{"name":"wp","href":"https:\/\/api.w.org\/{rel}","templated":true}]}}