{"id":3504,"date":"2020-11-30T16:17:48","date_gmt":"2020-11-30T14:17:48","guid":{"rendered":"https:\/\/que-barato.es\/blog\/?p=3504"},"modified":"2020-12-03T08:20:38","modified_gmt":"2020-12-03T06:20:38","slug":"ideas-para-decorar-tu-hogar-por-navidad","status":"publish","type":"post","link":"https:\/\/que-sofas.es\/blog\/ideas-para-decorar-tu-hogar-por-navidad\/","title":{"rendered":"Ideas para decorar tu hogar por Navidad"},"content":{"rendered":"<p>La Navidad es una \u00e9poca del a\u00f1o que se caracteriza por las luces, las bolas, las flores de pascua\u2026 En definitiva, por la transformaci\u00f3n de las casas con una decoraci\u00f3n navide\u00f1a tanto en el exterior como en el interior.<\/p>\n<p>Sin embargo, esta decoraci\u00f3n va m\u00e1s all\u00e1 de los espumillones y \u00e1rbol de Navidad. Hoy en d\u00eda, la decoraci\u00f3n navide\u00f1a contiene multitud de elementos en perfecta sinton\u00eda. <strong>Incluso el mobiliario habitual de la casa puede adaptarse durante estas semanas de Navidad<\/strong>.<\/p>\n<p>En este art\u00edculo queremos darte algunas ideas sobre c\u00f3mo decorar tu hogar para la \u00e9poca de Navidad. Qu\u00e9date con nosotros \u00a1y el esp\u00edritu navide\u00f1o te inundar\u00e1 en unos minutos!<\/p>\n<h2><img decoding=\"async\" loading=\"lazy\" class=\"wp-image-3507 aligncenter\" src=\"https:\/\/que-barato.es\/blog\/wp-content\/uploads\/2020\/11\/velas-de-navidad-300x200.jpg\" alt=\"Decoraci\u00f3n de Navidad\" width=\"582\" height=\"388\" srcset=\"https:\/\/que-sofas.es\/blog\/wp-content\/uploads\/2020\/11\/velas-de-navidad-300x200.jpg 300w, https:\/\/que-sofas.es\/blog\/wp-content\/uploads\/2020\/11\/velas-de-navidad-768x512.jpg 768w, https:\/\/que-sofas.es\/blog\/wp-content\/uploads\/2020\/11\/velas-de-navidad.jpg 900w\" sizes=\"(max-width: 582px) 100vw, 582px\" \/><\/h2>\n<h2>Cosas que no pueden faltar en tu decoraci\u00f3n navide\u00f1a<\/h2>\n<p>Antes de ponernos manos a la obra con la transformaci\u00f3n de la casa, debemos ver qu\u00e9 elementos vamos a utilizar. Atr\u00e1s quedaron los espumillones llamativos y la decoraci\u00f3n cargante. A veces, menos, es m\u00e1s.<\/p>\n<p>Una iluminaci\u00f3n c\u00e1lida, elementos t\u00edpicos del invierno, tonos suaves y colores claros combinados con el rojo y el verde. Tu hogar parecer\u00e1 sacado de una revista.<\/p>\n<p>Vemos los elementos imprescindibles que no pueden faltar en la decoraci\u00f3n de Navidad de tu casa.<\/p>\n<p>Los elementos decorativos t\u00edpicos de la Navidad tienen que tener su sitio. Bolas de diferentes colores y tama\u00f1os, vegetaci\u00f3n navide\u00f1a, un \u00e1rbol de Navidad, paquetes de regalo bajo el \u00e1rbol, luces, velas y el portal de Bel\u00e9n.<\/p>\n<p><img decoding=\"async\" loading=\"lazy\" class=\"wp-image-3505 aligncenter\" src=\"https:\/\/que-barato.es\/blog\/wp-content\/uploads\/2020\/11\/elementos-para-la-decoracin-de-navidad-300x200.jpg\" alt=\"Prepara la decoraci\u00f3n navide\u00f1a\" width=\"587\" height=\"391\" srcset=\"https:\/\/que-sofas.es\/blog\/wp-content\/uploads\/2020\/11\/elementos-para-la-decoracin-de-navidad-300x200.jpg 300w, https:\/\/que-sofas.es\/blog\/wp-content\/uploads\/2020\/11\/elementos-para-la-decoracin-de-navidad-768x512.jpg 768w, https:\/\/que-sofas.es\/blog\/wp-content\/uploads\/2020\/11\/elementos-para-la-decoracin-de-navidad.jpg 900w\" sizes=\"(max-width: 587px) 100vw, 587px\" \/><\/p>\n<p>&nbsp;<\/p>\n<p>La cantidad de elementos decorativos va a depender del espacio disponible que tengas. Pero debes tratar de que estos ocupen diferentes zonas para conseguir un aut\u00e9ntico ambiente navide\u00f1o. Por ejemplo, un rinc\u00f3n del sal\u00f3n para el \u00e1rbol de Navidad, un espacio del comedor para el pesebre, unas velas en el mueble del recibidor. <strong>El objetivo es que haya esp\u00edritu navide\u00f1o en cada rinc\u00f3n del hogar<\/strong> sin que sea una decoraci\u00f3n excesiva.<\/p>\n<p>Otras cosas que puedes usar para decorar la casa en Navidad son elementos t\u00edpicos del invierno. Por ejemplo, mantas suaves para el sof\u00e1, pi\u00f1as y le\u00f1a para decorar, o una alfombra bonita. De esta manera, estar\u00e1s cambiando tu casa, pero sin llegar a cargarla con decoraci\u00f3n navide\u00f1a.<\/p>\n<p>Por \u00faltimo, <strong>debes tener en cuenta el mobiliario de tu casa<\/strong>. La Navidad es una \u00e9poca del a\u00f1o para pasarla en familia. Y, aunque las circunstancias de este a\u00f1o impidan las reuniones de muchas personas, seguro que vas a recibir alg\u00fan que otro invitado, siempre respetando el l\u00edmite permitido.<\/p>\n<p><img decoding=\"async\" loading=\"lazy\" class=\"wp-image-3509 aligncenter\" src=\"https:\/\/que-barato.es\/blog\/wp-content\/uploads\/2020\/11\/salon-en-navidad-300x200.jpg\" alt=\"Decoraci\u00f3n del sal\u00f3n para Navidad\" width=\"546\" height=\"364\" srcset=\"https:\/\/que-sofas.es\/blog\/wp-content\/uploads\/2020\/11\/salon-en-navidad-300x200.jpg 300w, https:\/\/que-sofas.es\/blog\/wp-content\/uploads\/2020\/11\/salon-en-navidad-768x512.jpg 768w, https:\/\/que-sofas.es\/blog\/wp-content\/uploads\/2020\/11\/salon-en-navidad.jpg 900w\" sizes=\"(max-width: 546px) 100vw, 546px\" \/><\/p>\n<p>Las cenas, comidas y los ratitos despu\u00e9s de comer requieren de una mesa grande y sof\u00e1 para todos. En primer lugar, <strong>para el comedor necesitar\u00e1s una mesa con capacidad suficiente<\/strong> para todos. Una buena cena de navidad se hace en una gran mesa con un centro de plantas y velas y una cuidada disposici\u00f3n de los platos, vasos y cubiertos. Y por supuesto, con las mismas sillas para todos los comensales.<\/p>\n<p>Tras la comida, hacemos la sobremesa en el sal\u00f3n. Para ello es necesario un sof\u00e1 c\u00f3modo y con plazas para todos. Pero el elemento clave es, sin duda \u00a1la mesa de camilla! Encargada de hacer las tardes y noches de invierno m\u00e1s c\u00e1lidas y acogedoras.<\/p>\n<p>&nbsp;<\/p>\n<h2>Trucos para decorar tu hogar en Navidad<\/h2>\n<p>Una vez que tenemos todos los elementos de decoraci\u00f3n navide\u00f1a necesarios, llega la hora de ponerlos en sinton\u00eda. Para ello, te dejamos algunos consejos para que tu casa sea la pr\u00f3xima portada de una revista de decoraci\u00f3n.<\/p>\n<ul>\n<li>Recuerda que cada detalle debe combinar con el resto de la decoraci\u00f3n. Una mezcla de estilos y de colores solo har\u00e1 que el resultado sea cargante y excesivo.<\/li>\n<li>Los tonos llamativos, los espumillones brillantes y el exceso de tiras de luces son cosas del pasado.<\/li>\n<li>No olvides que en la decoraci\u00f3n navide\u00f1a tambi\u00e9n entra la m\u00fasica, la iluminaci\u00f3n e incluso el olor.<\/li>\n<li>Utiliza una l\u00e1mpara c\u00e1lida para crear ambiente en el sal\u00f3n y darles protagonismo a las velas.<\/li>\n<li>Para hacer reuniones especiales, utiliza una vajilla o cuberter\u00eda diferente a la habitual.<\/li>\n<li>IMPORTANTE: haz que tu sal\u00f3n sea tan confortable que nadie se quiera marchar.<\/li>\n<\/ul>\n<p>&nbsp;<\/p>\n<p>Truco Qu\u00e9-Barato: Como no hay nada m\u00e1s confortable y acogedor como una mesa con tu familia sentada alrededor, aqu\u00ed te dejamos algunas opciones de <a href=\"https:\/\/que-barato.es\/25-mesas-de-camilla\">mesas de camilla<\/a>. Recuerda, no pongas los turrones directamente sobre ella ?<\/p>\n<p>&nbsp;<\/p>\n<p>Ande, ande, ande, la marimorena\u2026<\/p>\n","protected":false},"excerpt":{"rendered":"<p>La Navidad es una \u00e9poca del a\u00f1o que se caracteriza por las luces, las bolas, las flores de pascua\u2026 En definitiva, por la transformaci\u00f3n de las casas con una decoraci\u00f3n navide\u00f1a tanto en el exterior como en el interior. Sin embargo, esta decoraci\u00f3n va m\u00e1s all\u00e1 de los espumillones y \u00e1rbol de Navidad. Hoy en [&hellip;]<\/p>\n","protected":false},"author":3,"featured_media":3511,"comment_status":"closed","ping_status":"closed","sticky":false,"template":"","format":"standard","meta":{"footnotes":""},"categories":[35,39,40],"tags":[283,285,284],"yoast_head":"<!-- This site is optimized with the Yoast SEO plugin v21.2 - https:\/\/yoast.com\/wordpress\/plugins\/seo\/ -->\n<title>Ideas para decorar tu hogar por Navidad | Qu\u00e9 Barato Blog<\/title>\n<meta name=\"description\" content=\"Te ayudamos a decorar tu hogar para la \u00e9poca de Navidad. \u00bfSabes cu\u00e1les son los elementos que no pueden faltar en tu sal\u00f3n? \u00a1Aqu\u00ed est\u00e1n!\" \/>\n<meta name=\"robots\" content=\"index, follow, max-snippet:-1, max-image-preview:large, max-video-preview:-1\" \/>\n<link rel=\"canonical\" href=\"https:\/\/que-sofas.es\/blog\/ideas-para-decorar-tu-hogar-por-navidad\/\" \/>\n<meta property=\"og:locale\" content=\"es_ES\" \/>\n<meta property=\"og:type\" content=\"article\" \/>\n<meta property=\"og:title\" content=\"Ideas para decorar tu hogar por Navidad | Qu\u00e9 Barato Blog\" \/>\n<meta property=\"og:description\" content=\"Te ayudamos a decorar tu hogar para la \u00e9poca de Navidad. \u00bfSabes cu\u00e1les son los elementos que no pueden faltar en tu sal\u00f3n? \u00a1Aqu\u00ed est\u00e1n!\" \/>\n<meta property=\"og:url\" content=\"https:\/\/que-sofas.es\/blog\/ideas-para-decorar-tu-hogar-por-navidad\/\" \/>\n<meta property=\"og:site_name\" content=\"Que Sof\u00e1s Blog\" \/>\n<meta property=\"article:publisher\" content=\"https:\/\/www.facebook.com\/quesofasbarato\" \/>\n<meta property=\"article:published_time\" content=\"2020-11-30T14:17:48+00:00\" \/>\n<meta property=\"article:modified_time\" content=\"2020-12-03T06:20:38+00:00\" \/>\n<meta property=\"og:image\" content=\"https:\/\/que-sofas.es\/blog\/wp-content\/uploads\/2020\/11\/ideas-para-decorar-tu-hogar-en-navidad.jpg\" \/>\n\t<meta property=\"og:image:width\" content=\"640\" \/>\n\t<meta property=\"og:image:height\" content=\"423\" \/>\n\t<meta property=\"og:image:type\" content=\"image\/jpeg\" \/>\n<meta name=\"author\" content=\"Que Barato\" \/>\n<meta name=\"twitter:card\" content=\"summary_large_image\" \/>\n<meta name=\"twitter:label1\" content=\"Escrito por\" \/>\n\t<meta name=\"twitter:data1\" content=\"Que Barato\" \/>\n\t<meta name=\"twitter:label2\" content=\"Tiempo de lectura\" \/>\n\t<meta name=\"twitter:data2\" content=\"4 minutos\" \/>\n<script type=\"application\/ld+json\" class=\"yoast-schema-graph\">{\"@context\":\"https:\/\/schema.org\",\"@graph\":[{\"@type\":\"Article\",\"@id\":\"https:\/\/que-sofas.es\/blog\/ideas-para-decorar-tu-hogar-por-navidad\/#article\",\"isPartOf\":{\"@id\":\"https:\/\/que-sofas.es\/blog\/ideas-para-decorar-tu-hogar-por-navidad\/\"},\"author\":{\"name\":\"Que Barato\",\"@id\":\"https:\/\/que-sofas.es\/blog\/#\/schema\/person\/70cf32421bda4ee10a724cebf2437836\"},\"headline\":\"Ideas para decorar tu hogar por Navidad\",\"datePublished\":\"2020-11-30T14:17:48+00:00\",\"dateModified\":\"2020-12-03T06:20:38+00:00\",\"mainEntityOfPage\":{\"@id\":\"https:\/\/que-sofas.es\/blog\/ideas-para-decorar-tu-hogar-por-navidad\/\"},\"wordCount\":786,\"publisher\":{\"@id\":\"https:\/\/que-sofas.es\/blog\/#organization\"},\"keywords\":[\"Decoraci\u00f3n navide\u00f1a\",\"salones y comedores\",\"Trucos para decorar\"],\"articleSection\":[\"Blog\",\"Ideas y consejos\",\"Salones\"],\"inLanguage\":\"es\"},{\"@type\":\"WebPage\",\"@id\":\"https:\/\/que-sofas.es\/blog\/ideas-para-decorar-tu-hogar-por-navidad\/\",\"url\":\"https:\/\/que-sofas.es\/blog\/ideas-para-decorar-tu-hogar-por-navidad\/\",\"name\":\"Ideas para decorar tu hogar por Navidad | Qu\u00e9 Barato Blog\",\"isPartOf\":{\"@id\":\"https:\/\/que-sofas.es\/blog\/#website\"},\"datePublished\":\"2020-11-30T14:17:48+00:00\",\"dateModified\":\"2020-12-03T06:20:38+00:00\",\"description\":\"Te ayudamos a decorar tu hogar para la \u00e9poca de Navidad. \u00bfSabes cu\u00e1les son los elementos que no pueden faltar en tu sal\u00f3n? \u00a1Aqu\u00ed est\u00e1n!\",\"breadcrumb\":{\"@id\":\"https:\/\/que-sofas.es\/blog\/ideas-para-decorar-tu-hogar-por-navidad\/#breadcrumb\"},\"inLanguage\":\"es\",\"potentialAction\":[{\"@type\":\"ReadAction\",\"target\":[\"https:\/\/que-sofas.es\/blog\/ideas-para-decorar-tu-hogar-por-navidad\/\"]}]},{\"@type\":\"BreadcrumbList\",\"@id\":\"https:\/\/que-sofas.es\/blog\/ideas-para-decorar-tu-hogar-por-navidad\/#breadcrumb\",\"itemListElement\":[{\"@type\":\"ListItem\",\"position\":1,\"name\":\"Portada\",\"item\":\"https:\/\/que-sofas.es\/blog\/\"},{\"@type\":\"ListItem\",\"position\":2,\"name\":\"Ideas para decorar tu hogar por Navidad\"}]},{\"@type\":\"WebSite\",\"@id\":\"https:\/\/que-sofas.es\/blog\/#website\",\"url\":\"https:\/\/que-sofas.es\/blog\/\",\"name\":\"Que Sof\u00e1s Blog\",\"description\":\"\u00a1El blog de Que Sof\u00e1s!\",\"publisher\":{\"@id\":\"https:\/\/que-sofas.es\/blog\/#organization\"},\"potentialAction\":[{\"@type\":\"SearchAction\",\"target\":{\"@type\":\"EntryPoint\",\"urlTemplate\":\"https:\/\/que-sofas.es\/blog\/?s={search_term_string}\"},\"query-input\":\"required name=search_term_string\"}],\"inLanguage\":\"es\"},{\"@type\":\"Organization\",\"@id\":\"https:\/\/que-sofas.es\/blog\/#organization\",\"name\":\"Que Sof\u00e1s\",\"url\":\"https:\/\/que-sofas.es\/blog\/\",\"logo\":{\"@type\":\"ImageObject\",\"inLanguage\":\"es\",\"@id\":\"https:\/\/que-sofas.es\/blog\/#\/schema\/logo\/image\/\",\"url\":\"https:\/\/que-sofas.es\/blog\/wp-content\/uploads\/2023\/08\/logo-que-sofas-200x40px-2.png\",\"contentUrl\":\"https:\/\/que-sofas.es\/blog\/wp-content\/uploads\/2023\/08\/logo-que-sofas-200x40px-2.png\",\"width\":171,\"height\":39,\"caption\":\"Que Sof\u00e1s\"},\"image\":{\"@id\":\"https:\/\/que-sofas.es\/blog\/#\/schema\/logo\/image\/\"},\"sameAs\":[\"https:\/\/www.facebook.com\/quesofasbarato\",\"https:\/\/www.instagram.com\/que_sofas\/\"]},{\"@type\":\"Person\",\"@id\":\"https:\/\/que-sofas.es\/blog\/#\/schema\/person\/70cf32421bda4ee10a724cebf2437836\",\"name\":\"Que Barato\",\"image\":{\"@type\":\"ImageObject\",\"inLanguage\":\"es\",\"@id\":\"https:\/\/que-sofas.es\/blog\/#\/schema\/person\/image\/\",\"url\":\"https:\/\/secure.gravatar.com\/avatar\/2e4417e0f91201ea490393883aae4775?s=96&d=mm&r=g\",\"contentUrl\":\"https:\/\/secure.gravatar.com\/avatar\/2e4417e0f91201ea490393883aae4775?s=96&d=mm&r=g\",\"caption\":\"Que Barato\"}}]}<\/script>\n<!-- \/ Yoast SEO plugin. -->","yoast_head_json":{"title":"Ideas para decorar tu hogar por Navidad | Qu\u00e9 Barato Blog","description":"Te ayudamos a decorar tu hogar para la \u00e9poca de Navidad. \u00bfSabes cu\u00e1les son los elementos que no pueden faltar en tu sal\u00f3n? \u00a1Aqu\u00ed est\u00e1n!","robots":{"index":"index","follow":"follow","max-snippet":"max-snippet:-1","max-image-preview":"max-image-preview:large","max-video-preview":"max-video-preview:-1"},"canonical":"https:\/\/que-sofas.es\/blog\/ideas-para-decorar-tu-hogar-por-navidad\/","og_locale":"es_ES","og_type":"article","og_title":"Ideas para decorar tu hogar por Navidad | Qu\u00e9 Barato Blog","og_description":"Te ayudamos a decorar tu hogar para la \u00e9poca de Navidad. \u00bfSabes cu\u00e1les son los elementos que no pueden faltar en tu sal\u00f3n? \u00a1Aqu\u00ed est\u00e1n!","og_url":"https:\/\/que-sofas.es\/blog\/ideas-para-decorar-tu-hogar-por-navidad\/","og_site_name":"Que Sof\u00e1s Blog","article_publisher":"https:\/\/www.facebook.com\/quesofasbarato","article_published_time":"2020-11-30T14:17:48+00:00","article_modified_time":"2020-12-03T06:20:38+00:00","og_image":[{"width":640,"height":423,"url":"https:\/\/que-sofas.es\/blog\/wp-content\/uploads\/2020\/11\/ideas-para-decorar-tu-hogar-en-navidad.jpg","type":"image\/jpeg"}],"author":"Que Barato","twitter_card":"summary_large_image","twitter_misc":{"Escrito por":"Que Barato","Tiempo de lectura":"4 minutos"},"schema":{"@context":"https:\/\/schema.org","@graph":[{"@type":"Article","@id":"https:\/\/que-sofas.es\/blog\/ideas-para-decorar-tu-hogar-por-navidad\/#article","isPartOf":{"@id":"https:\/\/que-sofas.es\/blog\/ideas-para-decorar-tu-hogar-por-navidad\/"},"author":{"name":"Que Barato","@id":"https:\/\/que-sofas.es\/blog\/#\/schema\/person\/70cf32421bda4ee10a724cebf2437836"},"headline":"Ideas para decorar tu hogar por Navidad","datePublished":"2020-11-30T14:17:48+00:00","dateModified":"2020-12-03T06:20:38+00:00","mainEntityOfPage":{"@id":"https:\/\/que-sofas.es\/blog\/ideas-para-decorar-tu-hogar-por-navidad\/"},"wordCount":786,"publisher":{"@id":"https:\/\/que-sofas.es\/blog\/#organization"},"keywords":["Decoraci\u00f3n navide\u00f1a","salones y comedores","Trucos para decorar"],"articleSection":["Blog","Ideas y consejos","Salones"],"inLanguage":"es"},{"@type":"WebPage","@id":"https:\/\/que-sofas.es\/blog\/ideas-para-decorar-tu-hogar-por-navidad\/","url":"https:\/\/que-sofas.es\/blog\/ideas-para-decorar-tu-hogar-por-navidad\/","name":"Ideas para decorar tu hogar por Navidad | Qu\u00e9 Barato Blog","isPartOf":{"@id":"https:\/\/que-sofas.es\/blog\/#website"},"datePublished":"2020-11-30T14:17:48+00:00","dateModified":"2020-12-03T06:20:38+00:00","description":"Te ayudamos a decorar tu hogar para la \u00e9poca de Navidad. \u00bfSabes cu\u00e1les son los elementos que no pueden faltar en tu sal\u00f3n? \u00a1Aqu\u00ed est\u00e1n!","breadcrumb":{"@id":"https:\/\/que-sofas.es\/blog\/ideas-para-decorar-tu-hogar-por-navidad\/#breadcrumb"},"inLanguage":"es","potentialAction":[{"@type":"ReadAction","target":["https:\/\/que-sofas.es\/blog\/ideas-para-decorar-tu-hogar-por-navidad\/"]}]},{"@type":"BreadcrumbList","@id":"https:\/\/que-sofas.es\/blog\/ideas-para-decorar-tu-hogar-por-navidad\/#breadcrumb","itemListElement":[{"@type":"ListItem","position":1,"name":"Portada","item":"https:\/\/que-sofas.es\/blog\/"},{"@type":"ListItem","position":2,"name":"Ideas para decorar tu hogar por Navidad"}]},{"@type":"WebSite","@id":"https:\/\/que-sofas.es\/blog\/#website","url":"https:\/\/que-sofas.es\/blog\/","name":"Que Sof\u00e1s Blog","description":"\u00a1El blog de Que Sof\u00e1s!","publisher":{"@id":"https:\/\/que-sofas.es\/blog\/#organization"},"potentialAction":[{"@type":"SearchAction","target":{"@type":"EntryPoint","urlTemplate":"https:\/\/que-sofas.es\/blog\/?s={search_term_string}"},"query-input":"required name=search_term_string"}],"inLanguage":"es"},{"@type":"Organization","@id":"https:\/\/que-sofas.es\/blog\/#organization","name":"Que Sof\u00e1s","url":"https:\/\/que-sofas.es\/blog\/","logo":{"@type":"ImageObject","inLanguage":"es","@id":"https:\/\/que-sofas.es\/blog\/#\/schema\/logo\/image\/","url":"https:\/\/que-sofas.es\/blog\/wp-content\/uploads\/2023\/08\/logo-que-sofas-200x40px-2.png","contentUrl":"https:\/\/que-sofas.es\/blog\/wp-content\/uploads\/2023\/08\/logo-que-sofas-200x40px-2.png","width":171,"height":39,"caption":"Que Sof\u00e1s"},"image":{"@id":"https:\/\/que-sofas.es\/blog\/#\/schema\/logo\/image\/"},"sameAs":["https:\/\/www.facebook.com\/quesofasbarato","https:\/\/www.instagram.com\/que_sofas\/"]},{"@type":"Person","@id":"https:\/\/que-sofas.es\/blog\/#\/schema\/person\/70cf32421bda4ee10a724cebf2437836","name":"Que Barato","image":{"@type":"ImageObject","inLanguage":"es","@id":"https:\/\/que-sofas.es\/blog\/#\/schema\/person\/image\/","url":"https:\/\/secure.gravatar.com\/avatar\/2e4417e0f91201ea490393883aae4775?s=96&d=mm&r=g","contentUrl":"https:\/\/secure.gravatar.com\/avatar\/2e4417e0f91201ea490393883aae4775?s=96&d=mm&r=g","caption":"Que Barato"}}]}},"_links":{"self":[{"href":"https:\/\/que-sofas.es\/blog\/wp-json\/wp\/v2\/posts\/3504"}],"collection":[{"href":"https:\/\/que-sofas.es\/blog\/wp-json\/wp\/v2\/posts"}],"about":[{"href":"https:\/\/que-sofas.es\/blog\/wp-json\/wp\/v2\/types\/post"}],"author":[{"embeddable":true,"href":"https:\/\/que-sofas.es\/blog\/wp-json\/wp\/v2\/users\/3"}],"replies":[{"embeddable":true,"href":"https:\/\/que-sofas.es\/blog\/wp-json\/wp\/v2\/comments?post=3504"}],"version-history":[{"count":3,"href":"https:\/\/que-sofas.es\/blog\/wp-json\/wp\/v2\/posts\/3504\/revisions"}],"predecessor-version":[{"id":3510,"href":"https:\/\/que-sofas.es\/blog\/wp-json\/wp\/v2\/posts\/3504\/revisions\/3510"}],"wp:featuredmedia":[{"embeddable":true,"href":"https:\/\/que-sofas.es\/blog\/wp-json\/wp\/v2\/media\/3511"}],"wp:attachment":[{"href":"https:\/\/que-sofas.es\/blog\/wp-json\/wp\/v2\/media?parent=3504"}],"wp:term":[{"taxonomy":"category","embeddable":true,"href":"https:\/\/que-sofas.es\/blog\/wp-json\/wp\/v2\/categories?post=3504"},{"taxonomy":"post_tag","embeddable":true,"href":"https:\/\/que-sofas.es\/blog\/wp-json\/wp\/v2\/tags?post=3504"}],"curies":[{"name":"wp","href":"https:\/\/api.w.org\/{rel}","templated":true}]}}