{"id":349,"date":"2018-03-28T08:31:37","date_gmt":"2018-03-28T08:31:37","guid":{"rendered":"http:\/\/www.que-barato.es\/blog\/?p=349"},"modified":"2018-03-28T08:31:37","modified_gmt":"2018-03-28T08:31:37","slug":"sorteo-menuda-primavera","status":"publish","type":"post","link":"https:\/\/que-sofas.es\/blog\/sorteo-menuda-primavera\/","title":{"rendered":"Sorteo, \u00a1menuda primavera!"},"content":{"rendered":"<p>Queremos premiar tu fidelidad dando luminosidad, continuidad, profundidad y ese toque decorativo al hogar con este maravilloso espejo. \u00c9l se encargar\u00e1 de llenar de vida esa pared vac\u00eda, convirti\u00e9ndose as\u00ed en uno de los protagonistas de la <a href=\"http:\/\/www.que-barato.es\/blog\/?p=293\" target=\"_blank\" rel=\"noopener noreferrer\">casa<\/a>.<\/p>\n<p>&nbsp;<\/p>\n<p style=\"text-align: center;\"><strong>\u00bfQuieres participar en nuestro sorteo?<\/strong><\/p>\n<p style=\"text-align: center;\">Que Barato lo pone f\u00e1cil, \u00a1\u00a1queremos llenar de vida los espacios de casa!!<\/p>\n<p style=\"text-align: center;\"><strong>Estas son las reglas del juego:<\/strong><\/p>\n<p style=\"text-align: center;\">&#8211;<strong style=\"font-style: inherit;\">Tienes que ser fan<\/strong>\u00a0de nuestra p\u00e1gina.<\/p>\n<p style=\"text-align: center;\">&#8211;<strong style=\"font-style: inherit;\">Dar al \u201cMe gusta\u201d a esta publicaci\u00f3n y compartirla<\/strong>\u00a0en tu muro.<\/p>\n<p style=\"text-align: center;\">&#8211;<strong>Nombra a ese amigo<\/strong> que le encanta mirarse al espejo.<\/p>\n<p style=\"text-align: center;\">-Cuando te levantas y te miras al espejo, \u00bfQu\u00e9 es lo que te dices? <strong>Cu\u00e9ntalo.<\/strong><\/p>\n<p>\u00a0<a href=\"https:\/\/que-barato.es\/blog\/wp-content\/uploads\/2018\/03\/sorteo_1_original.png\"><img decoding=\"async\" loading=\"lazy\" class=\"aligncenter size-portfolio wp-image-350\" src=\"http:\/\/www.que-barato.es\/blog\/wp-content\/uploads\/2018\/03\/sorteo_1_original-495x400.png\" alt=\"sorteo_1_original\" width=\"495\" height=\"400\" \/><\/a><\/p>\n<p>&nbsp;<\/p>\n<p><strong>El premio se recoger\u00e1 en nuestra nueva tienda\u00a0ubicada en la Avenida de Hytasa, 28<\/strong>, no se enviar\u00e1 bajo ning\u00fan concepto por mensajer\u00eda. Se le har\u00e1 una fotograf\u00eda al ganador recogiendo su regalo que posteriormente subiremos a las distintas redes sociales.<\/p>\n<p>Si pasado 10 d\u00edas el ganador no reclama su premio, autom\u00e1ticamente se generar\u00e1 un nuevo sorteo.<\/p>\n<p>No se considerar\u00e1 v\u00e1lido ning\u00fan comentario que aparezca publicado despu\u00e9s de dicha fecha y hora l\u00edmite, as\u00ed como tampoco se consideran participantes v\u00e1lidos aquellos que no cumplan las condiciones redactadas en este art\u00edculo.<\/p>\n<p>El sorteo que organiza Que Barato no lo promociona Facebook.<\/p>\n<p>&nbsp;<\/p>\n<p>\u00a1\u00a1Mucha suerte y a participar!!<\/p>\n<p>&nbsp;    \t<\/p>\n","protected":false},"excerpt":{"rendered":"<p>Queremos premiar tu fidelidad dando luminosidad, continuidad, profundidad y ese toque decorativo al hogar con este maravilloso espejo. \u00c9l se encargar\u00e1 de llenar de vida esa pared vac\u00eda, convirti\u00e9ndose as\u00ed en uno de los protagonistas de la casa. &nbsp; \u00bfQuieres participar en nuestro sorteo? Que Barato lo pone f\u00e1cil, \u00a1\u00a1queremos llenar de vida los espacios [&hellip;]<\/p>\n","protected":false},"author":3,"featured_media":284,"comment_status":"open","ping_status":"open","sticky":false,"template":"","format":"standard","meta":{"footnotes":""},"categories":[42],"tags":[49,50,56,87,97,106,111,130,147,176,179,180,188,197,199,202,215,239],"yoast_head":"<!-- This site is optimized with the Yoast SEO plugin v21.2 - https:\/\/yoast.com\/wordpress\/plugins\/seo\/ -->\n<title>Sorteo, \u00a1menuda primavera! | Qu\u00e9 Barato Blog<\/title>\n<meta name=\"description\" content=\"Ha empezado la estaci\u00f3n m\u00e1s bonita del a\u00f1o y queremos celebrarlo con el sorteo de un espejo. Queremos llenar de vida los espacios de casa.\" \/>\n<meta name=\"robots\" content=\"index, follow, max-snippet:-1, max-image-preview:large, max-video-preview:-1\" \/>\n<link rel=\"canonical\" href=\"https:\/\/que-sofas.es\/blog\/sorteo-menuda-primavera\/\" \/>\n<meta property=\"og:locale\" content=\"es_ES\" \/>\n<meta property=\"og:type\" content=\"article\" \/>\n<meta property=\"og:title\" content=\"Sorteo, \u00a1menuda primavera! | Qu\u00e9 Barato Blog\" \/>\n<meta property=\"og:description\" content=\"Ha empezado la estaci\u00f3n m\u00e1s bonita del a\u00f1o y queremos celebrarlo con el sorteo de un espejo. Queremos llenar de vida los espacios de casa.\" \/>\n<meta property=\"og:url\" content=\"https:\/\/que-sofas.es\/blog\/sorteo-menuda-primavera\/\" \/>\n<meta property=\"og:site_name\" content=\"Que Sof\u00e1s Blog\" \/>\n<meta property=\"article:publisher\" content=\"https:\/\/www.facebook.com\/quesofasbarato\" \/>\n<meta property=\"article:published_time\" content=\"2018-03-28T08:31:37+00:00\" \/>\n<meta property=\"og:image\" content=\"https:\/\/que-sofas.es\/blog\/wp-content\/uploads\/2018\/02\/sorteo_1_original.png\" \/>\n\t<meta property=\"og:image:width\" content=\"1080\" \/>\n\t<meta property=\"og:image:height\" content=\"1080\" \/>\n\t<meta property=\"og:image:type\" content=\"image\/png\" \/>\n<meta name=\"author\" content=\"Que Barato\" \/>\n<meta name=\"twitter:card\" content=\"summary_large_image\" \/>\n<meta name=\"twitter:label1\" content=\"Escrito por\" \/>\n\t<meta name=\"twitter:data1\" content=\"Que Barato\" \/>\n\t<meta name=\"twitter:label2\" content=\"Tiempo de lectura\" \/>\n\t<meta name=\"twitter:data2\" content=\"1 minuto\" \/>\n<script type=\"application\/ld+json\" class=\"yoast-schema-graph\">{\"@context\":\"https:\/\/schema.org\",\"@graph\":[{\"@type\":\"Article\",\"@id\":\"https:\/\/que-sofas.es\/blog\/sorteo-menuda-primavera\/#article\",\"isPartOf\":{\"@id\":\"https:\/\/que-sofas.es\/blog\/sorteo-menuda-primavera\/\"},\"author\":{\"name\":\"Que Barato\",\"@id\":\"https:\/\/que-sofas.es\/blog\/#\/schema\/person\/70cf32421bda4ee10a724cebf2437836\"},\"headline\":\"Sorteo, \u00a1menuda primavera!\",\"datePublished\":\"2018-03-28T08:31:37+00:00\",\"dateModified\":\"2018-03-28T08:31:37+00:00\",\"mainEntityOfPage\":{\"@id\":\"https:\/\/que-sofas.es\/blog\/sorteo-menuda-primavera\/\"},\"wordCount\":233,\"commentCount\":0,\"publisher\":{\"@id\":\"https:\/\/que-sofas.es\/blog\/#organization\"},\"keywords\":[\"ahorrar\",\"Ahorro\",\"amueblar\",\"casa\",\"Colchones\",\"Consejos\",\"decoraci\u00f3n\",\"espejo\",\"hogar\",\"mobiliario\",\"mueble\",\"muebles\",\"oferta\",\"precio\",\"promoci\u00f3n\",\"quebarato\",\"sal\u00f3n\",\"sorteo\"],\"articleSection\":[\"Sorteos\"],\"inLanguage\":\"es\",\"potentialAction\":[{\"@type\":\"CommentAction\",\"name\":\"Comment\",\"target\":[\"https:\/\/que-sofas.es\/blog\/sorteo-menuda-primavera\/#respond\"]}]},{\"@type\":\"WebPage\",\"@id\":\"https:\/\/que-sofas.es\/blog\/sorteo-menuda-primavera\/\",\"url\":\"https:\/\/que-sofas.es\/blog\/sorteo-menuda-primavera\/\",\"name\":\"Sorteo, \u00a1menuda primavera! | Qu\u00e9 Barato Blog\",\"isPartOf\":{\"@id\":\"https:\/\/que-sofas.es\/blog\/#website\"},\"datePublished\":\"2018-03-28T08:31:37+00:00\",\"dateModified\":\"2018-03-28T08:31:37+00:00\",\"description\":\"Ha empezado la estaci\u00f3n m\u00e1s bonita del a\u00f1o y queremos celebrarlo con el sorteo de un espejo. Queremos llenar de vida los espacios de casa.\",\"breadcrumb\":{\"@id\":\"https:\/\/que-sofas.es\/blog\/sorteo-menuda-primavera\/#breadcrumb\"},\"inLanguage\":\"es\",\"potentialAction\":[{\"@type\":\"ReadAction\",\"target\":[\"https:\/\/que-sofas.es\/blog\/sorteo-menuda-primavera\/\"]}]},{\"@type\":\"BreadcrumbList\",\"@id\":\"https:\/\/que-sofas.es\/blog\/sorteo-menuda-primavera\/#breadcrumb\",\"itemListElement\":[{\"@type\":\"ListItem\",\"position\":1,\"name\":\"Portada\",\"item\":\"https:\/\/que-sofas.es\/blog\/\"},{\"@type\":\"ListItem\",\"position\":2,\"name\":\"Sorteo, \u00a1menuda primavera!\"}]},{\"@type\":\"WebSite\",\"@id\":\"https:\/\/que-sofas.es\/blog\/#website\",\"url\":\"https:\/\/que-sofas.es\/blog\/\",\"name\":\"Que Sof\u00e1s Blog\",\"description\":\"\u00a1El blog de Que Sof\u00e1s!\",\"publisher\":{\"@id\":\"https:\/\/que-sofas.es\/blog\/#organization\"},\"potentialAction\":[{\"@type\":\"SearchAction\",\"target\":{\"@type\":\"EntryPoint\",\"urlTemplate\":\"https:\/\/que-sofas.es\/blog\/?s={search_term_string}\"},\"query-input\":\"required name=search_term_string\"}],\"inLanguage\":\"es\"},{\"@type\":\"Organization\",\"@id\":\"https:\/\/que-sofas.es\/blog\/#organization\",\"name\":\"Que Sof\u00e1s\",\"url\":\"https:\/\/que-sofas.es\/blog\/\",\"logo\":{\"@type\":\"ImageObject\",\"inLanguage\":\"es\",\"@id\":\"https:\/\/que-sofas.es\/blog\/#\/schema\/logo\/image\/\",\"url\":\"https:\/\/que-sofas.es\/blog\/wp-content\/uploads\/2023\/08\/logo-que-sofas-200x40px-2.png\",\"contentUrl\":\"https:\/\/que-sofas.es\/blog\/wp-content\/uploads\/2023\/08\/logo-que-sofas-200x40px-2.png\",\"width\":171,\"height\":39,\"caption\":\"Que Sof\u00e1s\"},\"image\":{\"@id\":\"https:\/\/que-sofas.es\/blog\/#\/schema\/logo\/image\/\"},\"sameAs\":[\"https:\/\/www.facebook.com\/quesofasbarato\",\"https:\/\/www.instagram.com\/que_sofas\/\"]},{\"@type\":\"Person\",\"@id\":\"https:\/\/que-sofas.es\/blog\/#\/schema\/person\/70cf32421bda4ee10a724cebf2437836\",\"name\":\"Que Barato\",\"image\":{\"@type\":\"ImageObject\",\"inLanguage\":\"es\",\"@id\":\"https:\/\/que-sofas.es\/blog\/#\/schema\/person\/image\/\",\"url\":\"https:\/\/secure.gravatar.com\/avatar\/2e4417e0f91201ea490393883aae4775?s=96&d=mm&r=g\",\"contentUrl\":\"https:\/\/secure.gravatar.com\/avatar\/2e4417e0f91201ea490393883aae4775?s=96&d=mm&r=g\",\"caption\":\"Que Barato\"}}]}<\/script>\n<!-- \/ Yoast SEO plugin. -->","yoast_head_json":{"title":"Sorteo, \u00a1menuda primavera! | Qu\u00e9 Barato Blog","description":"Ha empezado la estaci\u00f3n m\u00e1s bonita del a\u00f1o y queremos celebrarlo con el sorteo de un espejo. Queremos llenar de vida los espacios de casa.","robots":{"index":"index","follow":"follow","max-snippet":"max-snippet:-1","max-image-preview":"max-image-preview:large","max-video-preview":"max-video-preview:-1"},"canonical":"https:\/\/que-sofas.es\/blog\/sorteo-menuda-primavera\/","og_locale":"es_ES","og_type":"article","og_title":"Sorteo, \u00a1menuda primavera! | Qu\u00e9 Barato Blog","og_description":"Ha empezado la estaci\u00f3n m\u00e1s bonita del a\u00f1o y queremos celebrarlo con el sorteo de un espejo. Queremos llenar de vida los espacios de casa.","og_url":"https:\/\/que-sofas.es\/blog\/sorteo-menuda-primavera\/","og_site_name":"Que Sof\u00e1s Blog","article_publisher":"https:\/\/www.facebook.com\/quesofasbarato","article_published_time":"2018-03-28T08:31:37+00:00","og_image":[{"width":1080,"height":1080,"url":"https:\/\/que-sofas.es\/blog\/wp-content\/uploads\/2018\/02\/sorteo_1_original.png","type":"image\/png"}],"author":"Que Barato","twitter_card":"summary_large_image","twitter_misc":{"Escrito por":"Que Barato","Tiempo de lectura":"1 minuto"},"schema":{"@context":"https:\/\/schema.org","@graph":[{"@type":"Article","@id":"https:\/\/que-sofas.es\/blog\/sorteo-menuda-primavera\/#article","isPartOf":{"@id":"https:\/\/que-sofas.es\/blog\/sorteo-menuda-primavera\/"},"author":{"name":"Que Barato","@id":"https:\/\/que-sofas.es\/blog\/#\/schema\/person\/70cf32421bda4ee10a724cebf2437836"},"headline":"Sorteo, \u00a1menuda primavera!","datePublished":"2018-03-28T08:31:37+00:00","dateModified":"2018-03-28T08:31:37+00:00","mainEntityOfPage":{"@id":"https:\/\/que-sofas.es\/blog\/sorteo-menuda-primavera\/"},"wordCount":233,"commentCount":0,"publisher":{"@id":"https:\/\/que-sofas.es\/blog\/#organization"},"keywords":["ahorrar","Ahorro","amueblar","casa","Colchones","Consejos","decoraci\u00f3n","espejo","hogar","mobiliario","mueble","muebles","oferta","precio","promoci\u00f3n","quebarato","sal\u00f3n","sorteo"],"articleSection":["Sorteos"],"inLanguage":"es","potentialAction":[{"@type":"CommentAction","name":"Comment","target":["https:\/\/que-sofas.es\/blog\/sorteo-menuda-primavera\/#respond"]}]},{"@type":"WebPage","@id":"https:\/\/que-sofas.es\/blog\/sorteo-menuda-primavera\/","url":"https:\/\/que-sofas.es\/blog\/sorteo-menuda-primavera\/","name":"Sorteo, \u00a1menuda primavera! | Qu\u00e9 Barato Blog","isPartOf":{"@id":"https:\/\/que-sofas.es\/blog\/#website"},"datePublished":"2018-03-28T08:31:37+00:00","dateModified":"2018-03-28T08:31:37+00:00","description":"Ha empezado la estaci\u00f3n m\u00e1s bonita del a\u00f1o y queremos celebrarlo con el sorteo de un espejo. Queremos llenar de vida los espacios de casa.","breadcrumb":{"@id":"https:\/\/que-sofas.es\/blog\/sorteo-menuda-primavera\/#breadcrumb"},"inLanguage":"es","potentialAction":[{"@type":"ReadAction","target":["https:\/\/que-sofas.es\/blog\/sorteo-menuda-primavera\/"]}]},{"@type":"BreadcrumbList","@id":"https:\/\/que-sofas.es\/blog\/sorteo-menuda-primavera\/#breadcrumb","itemListElement":[{"@type":"ListItem","position":1,"name":"Portada","item":"https:\/\/que-sofas.es\/blog\/"},{"@type":"ListItem","position":2,"name":"Sorteo, \u00a1menuda primavera!"}]},{"@type":"WebSite","@id":"https:\/\/que-sofas.es\/blog\/#website","url":"https:\/\/que-sofas.es\/blog\/","name":"Que Sof\u00e1s Blog","description":"\u00a1El blog de Que Sof\u00e1s!","publisher":{"@id":"https:\/\/que-sofas.es\/blog\/#organization"},"potentialAction":[{"@type":"SearchAction","target":{"@type":"EntryPoint","urlTemplate":"https:\/\/que-sofas.es\/blog\/?s={search_term_string}"},"query-input":"required name=search_term_string"}],"inLanguage":"es"},{"@type":"Organization","@id":"https:\/\/que-sofas.es\/blog\/#organization","name":"Que Sof\u00e1s","url":"https:\/\/que-sofas.es\/blog\/","logo":{"@type":"ImageObject","inLanguage":"es","@id":"https:\/\/que-sofas.es\/blog\/#\/schema\/logo\/image\/","url":"https:\/\/que-sofas.es\/blog\/wp-content\/uploads\/2023\/08\/logo-que-sofas-200x40px-2.png","contentUrl":"https:\/\/que-sofas.es\/blog\/wp-content\/uploads\/2023\/08\/logo-que-sofas-200x40px-2.png","width":171,"height":39,"caption":"Que Sof\u00e1s"},"image":{"@id":"https:\/\/que-sofas.es\/blog\/#\/schema\/logo\/image\/"},"sameAs":["https:\/\/www.facebook.com\/quesofasbarato","https:\/\/www.instagram.com\/que_sofas\/"]},{"@type":"Person","@id":"https:\/\/que-sofas.es\/blog\/#\/schema\/person\/70cf32421bda4ee10a724cebf2437836","name":"Que Barato","image":{"@type":"ImageObject","inLanguage":"es","@id":"https:\/\/que-sofas.es\/blog\/#\/schema\/person\/image\/","url":"https:\/\/secure.gravatar.com\/avatar\/2e4417e0f91201ea490393883aae4775?s=96&d=mm&r=g","contentUrl":"https:\/\/secure.gravatar.com\/avatar\/2e4417e0f91201ea490393883aae4775?s=96&d=mm&r=g","caption":"Que Barato"}}]}},"_links":{"self":[{"href":"https:\/\/que-sofas.es\/blog\/wp-json\/wp\/v2\/posts\/349"}],"collection":[{"href":"https:\/\/que-sofas.es\/blog\/wp-json\/wp\/v2\/posts"}],"about":[{"href":"https:\/\/que-sofas.es\/blog\/wp-json\/wp\/v2\/types\/post"}],"author":[{"embeddable":true,"href":"https:\/\/que-sofas.es\/blog\/wp-json\/wp\/v2\/users\/3"}],"replies":[{"embeddable":true,"href":"https:\/\/que-sofas.es\/blog\/wp-json\/wp\/v2\/comments?post=349"}],"version-history":[{"count":0,"href":"https:\/\/que-sofas.es\/blog\/wp-json\/wp\/v2\/posts\/349\/revisions"}],"wp:featuredmedia":[{"embeddable":true,"href":"https:\/\/que-sofas.es\/blog\/wp-json\/wp\/v2\/media\/284"}],"wp:attachment":[{"href":"https:\/\/que-sofas.es\/blog\/wp-json\/wp\/v2\/media?parent=349"}],"wp:term":[{"taxonomy":"category","embeddable":true,"href":"https:\/\/que-sofas.es\/blog\/wp-json\/wp\/v2\/categories?post=349"},{"taxonomy":"post_tag","embeddable":true,"href":"https:\/\/que-sofas.es\/blog\/wp-json\/wp\/v2\/tags?post=349"}],"curies":[{"name":"wp","href":"https:\/\/api.w.org\/{rel}","templated":true}]}}