{"id":331,"date":"2018-03-13T12:39:26","date_gmt":"2018-03-13T12:39:26","guid":{"rendered":"http:\/\/www.que-barato.es\/blog\/?p=331"},"modified":"2018-03-13T12:39:26","modified_gmt":"2018-03-13T12:39:26","slug":"no-importa-cual-sea-tu-profesion-tienes-que-tomarte-un-tiempo-en-decorar-tu-oficina","status":"publish","type":"post","link":"https:\/\/que-sofas.es\/blog\/no-importa-cual-sea-tu-profesion-tienes-que-tomarte-un-tiempo-en-decorar-tu-oficina\/","title":{"rendered":"No importa cu\u00e1l sea tu profesi\u00f3n, tienes que tomarte un tiempo en decorar tu oficina."},"content":{"rendered":"<p><strong>Pasamos un m\u00ednimo de 40 horas a la semana en la oficina<\/strong>, m\u00e1s de un tercio de las horas del d\u00eda, nuestro espacio de trabajo debe hacernos sentir c\u00f3modos, <strong>es importante crear un espacio que haga m\u00e1s llevadero y agradable tu trabajo.<\/strong><!--more--><\/p>\n<p><strong>\u00a1Da un poco de calor, un toque personal \u00a0y consigue un ambiente agradable en tu lugar de trabajo!<\/strong><\/p>\n<p>\u00bfDe qu\u00e9 color pintamos la oficina?<\/p>\n<p><strong>Hay que elegir colores que ayuden a trabajar eficazmente, debe reflejar orden y profesionalidad;<\/strong> Los colores tienes diferentes efectos en nuestros sentimientos, lo ideal es optar por un color relajante pero que invite a la productividad.<\/p>\n<p style=\"text-align: center;\"><a href=\"https:\/\/que-barato.es\/blog\/wp-content\/uploads\/2018\/03\/como-decorar-mi-oficina2.jpg\"><img decoding=\"async\" loading=\"lazy\" class=\"aligncenter size-portfolio wp-image-333\" src=\"http:\/\/www.que-barato.es\/blog\/wp-content\/uploads\/2018\/03\/como-decorar-mi-oficina2-495x400.jpg\" alt=\"como-decorar-mi-oficina2\" width=\"495\" height=\"400\" \/><\/a><\/p>\n<p style=\"text-align: left;\"><strong>Azul, Verde, Gris son colores que promueven la relajaci\u00f3n entre otras sensaciones, el blanco y el beige dar\u00e1n m\u00e1s amplitud y m\u00e1s claridad.<\/strong><\/p>\n<p style=\"text-align: left;\">El espacio se aprovechar\u00e1 m\u00e1s si elegimos un escritorio que sea m\u00e1s largo que ancho.<\/p>\n<p><strong>Los muebles<\/strong> que visten la oficina <strong>tienen que ser pr\u00e1cticos, vers\u00e1tiles, con un objetivo preciso<\/strong>, no son muebles decorativos sin m\u00e1s.<\/p>\n<p>Piensa en las necesidades, <strong>\u00bfQu\u00e9 almacenaje necesitas? \u00bfQu\u00e9 tipo de <a href=\"http:\/\/www.que-barato.es\/productos\/6-dormitorios\/98-escritorios-baratos\" target=\"_blank\" rel=\"noopener noreferrer\">escritorio<\/a>? \u00bfC\u00f3mo es la estructura de la oficina?<\/strong> Haz un esquema y no malgaste el espacio.<\/p>\n<p><a href=\"https:\/\/que-barato.es\/blog\/wp-content\/uploads\/2018\/03\/armarios-oficina-nexo-ofifran.jpg\"><img decoding=\"async\" loading=\"lazy\" class=\"aligncenter size-portfolio wp-image-338\" src=\"http:\/\/www.que-barato.es\/blog\/wp-content\/uploads\/2018\/03\/armarios-oficina-nexo-ofifran-495x400.jpg\" alt=\"armarios-oficina-nexo-ofifran\" width=\"495\" height=\"400\" \/><\/a><\/p>\n<p style=\"text-align: left;\"><strong>Es importante tener un lugar para almacenar,<\/strong> puedes elegir tener un mueble archivador debajo de la mesa. Los estantes son muy \u00fatiles para organizar las cosas que necesites.<\/p>\n<p style=\"text-align: left;\">En estantes verticales con muchas divisiones puedes colocar papeles, folios archivadores, etc\u2026<\/p>\n<p style=\"text-align: center;\"><a href=\"https:\/\/que-barato.es\/blog\/wp-content\/uploads\/2018\/03\/foto-muebles-oficina-armarios-cajones-2.jpg\"><img decoding=\"async\" loading=\"lazy\" class=\"aligncenter size-portfolio wp-image-339\" src=\"http:\/\/www.que-barato.es\/blog\/wp-content\/uploads\/2018\/03\/foto-muebles-oficina-armarios-cajones-2-495x380.jpg\" alt=\"foto-muebles-oficina-armarios-cajones-2\" width=\"495\" height=\"380\" \/><\/a><\/p>\n<p style=\"text-align: left;\">Los muebles archivadores con muchos cajones, tambi\u00e9n ofrecen mucho almacenaje en poco espacio.<\/p>\n<p style=\"text-align: left;\">En ellos podr\u00e1s guardar tus papeles y todo lo que necesites sin ocupar espacio en el resto de la oficina.<\/p>\n<p style=\"text-align: left;\">Las maderas oscuras gritan profesionalidad, las maderas claras como roble, pino o arce funcionan muy bien en recepci\u00f3n, escuelas, academias, trabajo en equipo..<\/p>\n<p><strong>Trabajar sentado en una oficina puede causar una variedad de problemas de salud, aseg\u00farate de elegir una <a href=\"http:\/\/www.que-barato.es\/productos\/16-juveniles\/144-sillas-de-estudio-baratos\" target=\"_blank\" rel=\"noopener noreferrer\">silla<\/a> c\u00f3moda, ergon\u00f3mica y ajustable.<\/strong><\/p>\n<p><a href=\"https:\/\/que-barato.es\/blog\/wp-content\/uploads\/2018\/03\/sillas_oficina_grande_0.jpg\"><img decoding=\"async\" loading=\"lazy\" class=\"aligncenter wp-image-340 size-full\" src=\"https:\/\/que-barato.es\/blog\/wp-content\/uploads\/2018\/03\/sillas_oficina_grande_0.jpg\" alt=\"sillas_oficina_grande_0\" width=\"690\" height=\"460\" srcset=\"https:\/\/que-sofas.es\/blog\/wp-content\/uploads\/2018\/03\/sillas_oficina_grande_0.jpg 690w, https:\/\/que-sofas.es\/blog\/wp-content\/uploads\/2018\/03\/sillas_oficina_grande_0-300x200.jpg 300w\" sizes=\"(max-width: 690px) 100vw, 690px\" \/><\/a><strong>Los respaldos lumbares te ayudan a mantener tu espalda alineada reduciendo la tensi\u00f3n y proporcion\u00e1ndote todo el confort que necesitas.<\/strong><\/p>\n<p>Si ya contamos con el ambiente propicio\u00a0 los muebles adecuados para la oficina, <strong>necesitamos los complementos y accesorios para completar nuestro lugar de trabajo.<\/strong><\/p>\n<p><a href=\"https:\/\/que-barato.es\/blog\/wp-content\/uploads\/2018\/03\/PMSteele.jpg\"><img decoding=\"async\" loading=\"lazy\" class=\"aligncenter wp-image-336 size-full\" src=\"https:\/\/que-barato.es\/blog\/wp-content\/uploads\/2018\/03\/PMSteele.jpg\" alt=\"PMSteele\" width=\"570\" height=\"350\" srcset=\"https:\/\/que-sofas.es\/blog\/wp-content\/uploads\/2018\/03\/PMSteele.jpg 570w, https:\/\/que-sofas.es\/blog\/wp-content\/uploads\/2018\/03\/PMSteele-300x184.jpg 300w\" sizes=\"(max-width: 570px) 100vw, 570px\" \/><\/a><\/p>\n<p>Hay que prestar <strong>mucha atenci\u00f3n a la iluminaci\u00f3n,<\/strong> ya sea natural o artificial es un elemento clave imprescindible.<\/p>\n<p>Cuadros o fotograf\u00edas enmarcadas junto certificados y diplomas enmarcados, es de tener muy buen gusto para decorar. Alg\u00fan cuadro, vinilo puedo quedar muy bien y adem\u00e1s si elegimos una buena frase puede incluso motivarnos a diario.<\/p>\n<p><a href=\"https:\/\/que-barato.es\/blog\/wp-content\/uploads\/2018\/03\/blog-1453466605.jpg\"><img decoding=\"async\" loading=\"lazy\" class=\"aligncenter wp-image-342 size-full\" src=\"https:\/\/que-barato.es\/blog\/wp-content\/uploads\/2018\/03\/blog-1453466605.jpg\" alt=\"White interior with big blank wall in office\" width=\"850\" height=\"410\" srcset=\"https:\/\/que-sofas.es\/blog\/wp-content\/uploads\/2018\/03\/blog-1453466605.jpg 850w, https:\/\/que-sofas.es\/blog\/wp-content\/uploads\/2018\/03\/blog-1453466605-300x145.jpg 300w, https:\/\/que-sofas.es\/blog\/wp-content\/uploads\/2018\/03\/blog-1453466605-768x370.jpg 768w\" sizes=\"(max-width: 850px) 100vw, 850px\" \/><\/a><\/p>\n<p>Y por \u00faltimo a\u00f1ade <strong>alg\u00fan objeto personal, art\u00edculos atractivos para que tu oficina est\u00e9 completa.<\/strong><\/p>\n<p>&nbsp;<\/p>\n<p><strong style=\"font-weight: bold; color: #711874;\">Soluciones acorde a tus necesidades con la mejor calidad al mejor precio puedes encontrar en Que Barato.\u00a0<\/strong><\/p>\n<p style=\"text-align: left;\"><strong>Sencilla, organizada c\u00f3moda y sobre todo profesional. \u00a1\u00a1Trabajando tambi\u00e9n puedes sentirte como en casa!!<\/strong><\/p>\n<p style=\"color: #666666; text-align: center;\"><strong style=\"font-weight: bold; font-style: inherit; color: #711874;\">Nuestras redes sociales, \u00a1\u00a1S\u00edguenos!!<\/strong><\/p>\n<p style=\"color: #666666; text-align: center;\">https:\/\/www.facebook.com\/quebaratocalidadalmejorprecio\/<\/p>\n<p style=\"color: #666666; text-align: center;\"><a class=\"twitter-timeline\" data-width=\"1140\" data-height=\"1000\" data-dnt=\"true\" href=\"https:\/\/twitter.com\/Quebaratomueble?ref_src=twsrc%5Etfw\">Tweets by Quebaratomueble<\/a><script async src=\"https:\/\/platform.twitter.com\/widgets.js\" charset=\"utf-8\"><\/script><\/p>\n<p style=\"color: #666666; text-align: center;\">https:\/\/www.pinterest.es\/quebaratomueble\/<\/p>\n<p style=\"color: #666666; text-align: center;\">https:\/\/www.instagram.com\/quebaratomuebles\/<\/p>\n<p style=\"color: #666666; text-align: center;\"><a href=\"https:\/\/que-barato.es\/blog\/wp-content\/uploads\/2018\/03\/direcciones_1_original-1.png\"><img decoding=\"async\" loading=\"lazy\" class=\"aligncenter wp-image-301 size-full\" src=\"https:\/\/que-barato.es\/blog\/wp-content\/uploads\/2018\/03\/direcciones_1_original-1.png\" alt=\"direcciones_1_original (1)\" width=\"1200\" height=\"630\" srcset=\"https:\/\/que-sofas.es\/blog\/wp-content\/uploads\/2018\/03\/direcciones_1_original-1.png 1200w, https:\/\/que-sofas.es\/blog\/wp-content\/uploads\/2018\/03\/direcciones_1_original-1-300x158.png 300w, https:\/\/que-sofas.es\/blog\/wp-content\/uploads\/2018\/03\/direcciones_1_original-1-1030x541.png 1030w, https:\/\/que-sofas.es\/blog\/wp-content\/uploads\/2018\/03\/direcciones_1_original-1-768x403.png 768w\" sizes=\"(max-width: 1200px) 100vw, 1200px\" \/><\/a><\/p>\n<p>&nbsp;    \t<\/p>\n","protected":false},"excerpt":{"rendered":"<p>Pasamos un m\u00ednimo de 40 horas a la semana en la oficina, m\u00e1s de un tercio de las horas del d\u00eda, nuestro espacio de trabajo debe hacernos sentir c\u00f3modos, es importante crear un espacio que haga m\u00e1s llevadero y agradable tu trabajo.<\/p>\n","protected":false},"author":3,"featured_media":334,"comment_status":"open","ping_status":"open","sticky":false,"template":"","format":"standard","meta":{"footnotes":""},"categories":[39],"tags":[50,77,78,99,106,111,128,132,149,171,179,180,190,202,221,252],"yoast_head":"<!-- This site is optimized with the Yoast SEO plugin v21.2 - https:\/\/yoast.com\/wordpress\/plugins\/seo\/ -->\n<title>Decorar la oficina<\/title>\n<meta name=\"description\" content=\"Ideas y consejos de como decorar la oficina y hacer m\u00e1s llevadero el d\u00eda a d\u00eda.\" \/>\n<meta name=\"robots\" content=\"index, follow, max-snippet:-1, max-image-preview:large, max-video-preview:-1\" \/>\n<link rel=\"canonical\" href=\"https:\/\/que-sofas.es\/blog\/no-importa-cual-sea-tu-profesion-tienes-que-tomarte-un-tiempo-en-decorar-tu-oficina\/\" \/>\n<meta property=\"og:locale\" content=\"es_ES\" \/>\n<meta property=\"og:type\" content=\"article\" \/>\n<meta property=\"og:title\" content=\"Decorar la oficina\" \/>\n<meta property=\"og:description\" content=\"Ideas y consejos de como decorar la oficina y hacer m\u00e1s llevadero el d\u00eda a d\u00eda.\" \/>\n<meta property=\"og:url\" content=\"https:\/\/que-sofas.es\/blog\/no-importa-cual-sea-tu-profesion-tienes-que-tomarte-un-tiempo-en-decorar-tu-oficina\/\" \/>\n<meta property=\"og:site_name\" content=\"Que Sof\u00e1s Blog\" \/>\n<meta property=\"article:publisher\" content=\"https:\/\/www.facebook.com\/quesofasbarato\" \/>\n<meta property=\"article:published_time\" content=\"2018-03-13T12:39:26+00:00\" \/>\n<meta property=\"og:image\" content=\"https:\/\/que-sofas.es\/blog\/wp-content\/uploads\/2018\/03\/Criteria-arquitecthos-oficinas-confort-03.jpg\" \/>\n\t<meta property=\"og:image:width\" content=\"700\" \/>\n\t<meta property=\"og:image:height\" content=\"500\" \/>\n\t<meta property=\"og:image:type\" content=\"image\/jpeg\" \/>\n<meta name=\"author\" content=\"Que Barato\" \/>\n<meta name=\"twitter:card\" content=\"summary_large_image\" \/>\n<meta name=\"twitter:label1\" content=\"Escrito por\" \/>\n\t<meta name=\"twitter:data1\" content=\"Que Barato\" \/>\n\t<meta name=\"twitter:label2\" content=\"Tiempo de lectura\" \/>\n\t<meta name=\"twitter:data2\" content=\"3 minutos\" \/>\n<script type=\"application\/ld+json\" class=\"yoast-schema-graph\">{\"@context\":\"https:\/\/schema.org\",\"@graph\":[{\"@type\":\"Article\",\"@id\":\"https:\/\/que-sofas.es\/blog\/no-importa-cual-sea-tu-profesion-tienes-que-tomarte-un-tiempo-en-decorar-tu-oficina\/#article\",\"isPartOf\":{\"@id\":\"https:\/\/que-sofas.es\/blog\/no-importa-cual-sea-tu-profesion-tienes-que-tomarte-un-tiempo-en-decorar-tu-oficina\/\"},\"author\":{\"name\":\"Que Barato\",\"@id\":\"https:\/\/que-sofas.es\/blog\/#\/schema\/person\/70cf32421bda4ee10a724cebf2437836\"},\"headline\":\"No importa cu\u00e1l sea tu profesi\u00f3n, tienes que tomarte un tiempo en decorar tu oficina.\",\"datePublished\":\"2018-03-13T12:39:26+00:00\",\"dateModified\":\"2018-03-13T12:39:26+00:00\",\"mainEntityOfPage\":{\"@id\":\"https:\/\/que-sofas.es\/blog\/no-importa-cual-sea-tu-profesion-tienes-que-tomarte-un-tiempo-en-decorar-tu-oficina\/\"},\"wordCount\":524,\"commentCount\":0,\"publisher\":{\"@id\":\"https:\/\/que-sofas.es\/blog\/#organization\"},\"keywords\":[\"Ahorro\",\"cadiz\",\"cajonera\",\"colores\",\"Consejos\",\"decoraci\u00f3n\",\"ergonom\u00eda\",\"estanter\u00eda\",\"ideas\",\"mesa\",\"mueble\",\"muebles\",\"oficina\",\"quebarato\",\"sevilla\",\"trabajo\"],\"articleSection\":[\"Ideas y consejos\"],\"inLanguage\":\"es\",\"potentialAction\":[{\"@type\":\"CommentAction\",\"name\":\"Comment\",\"target\":[\"https:\/\/que-sofas.es\/blog\/no-importa-cual-sea-tu-profesion-tienes-que-tomarte-un-tiempo-en-decorar-tu-oficina\/#respond\"]}]},{\"@type\":\"WebPage\",\"@id\":\"https:\/\/que-sofas.es\/blog\/no-importa-cual-sea-tu-profesion-tienes-que-tomarte-un-tiempo-en-decorar-tu-oficina\/\",\"url\":\"https:\/\/que-sofas.es\/blog\/no-importa-cual-sea-tu-profesion-tienes-que-tomarte-un-tiempo-en-decorar-tu-oficina\/\",\"name\":\"Decorar la oficina\",\"isPartOf\":{\"@id\":\"https:\/\/que-sofas.es\/blog\/#website\"},\"datePublished\":\"2018-03-13T12:39:26+00:00\",\"dateModified\":\"2018-03-13T12:39:26+00:00\",\"description\":\"Ideas y consejos de como decorar la oficina y hacer m\u00e1s llevadero el d\u00eda a d\u00eda.\",\"breadcrumb\":{\"@id\":\"https:\/\/que-sofas.es\/blog\/no-importa-cual-sea-tu-profesion-tienes-que-tomarte-un-tiempo-en-decorar-tu-oficina\/#breadcrumb\"},\"inLanguage\":\"es\",\"potentialAction\":[{\"@type\":\"ReadAction\",\"target\":[\"https:\/\/que-sofas.es\/blog\/no-importa-cual-sea-tu-profesion-tienes-que-tomarte-un-tiempo-en-decorar-tu-oficina\/\"]}]},{\"@type\":\"BreadcrumbList\",\"@id\":\"https:\/\/que-sofas.es\/blog\/no-importa-cual-sea-tu-profesion-tienes-que-tomarte-un-tiempo-en-decorar-tu-oficina\/#breadcrumb\",\"itemListElement\":[{\"@type\":\"ListItem\",\"position\":1,\"name\":\"Portada\",\"item\":\"https:\/\/que-sofas.es\/blog\/\"},{\"@type\":\"ListItem\",\"position\":2,\"name\":\"No importa cu\u00e1l sea tu profesi\u00f3n, tienes que tomarte un tiempo en decorar tu oficina.\"}]},{\"@type\":\"WebSite\",\"@id\":\"https:\/\/que-sofas.es\/blog\/#website\",\"url\":\"https:\/\/que-sofas.es\/blog\/\",\"name\":\"Que Sof\u00e1s Blog\",\"description\":\"\u00a1El blog de Que Sof\u00e1s!\",\"publisher\":{\"@id\":\"https:\/\/que-sofas.es\/blog\/#organization\"},\"potentialAction\":[{\"@type\":\"SearchAction\",\"target\":{\"@type\":\"EntryPoint\",\"urlTemplate\":\"https:\/\/que-sofas.es\/blog\/?s={search_term_string}\"},\"query-input\":\"required name=search_term_string\"}],\"inLanguage\":\"es\"},{\"@type\":\"Organization\",\"@id\":\"https:\/\/que-sofas.es\/blog\/#organization\",\"name\":\"Que Sof\u00e1s\",\"url\":\"https:\/\/que-sofas.es\/blog\/\",\"logo\":{\"@type\":\"ImageObject\",\"inLanguage\":\"es\",\"@id\":\"https:\/\/que-sofas.es\/blog\/#\/schema\/logo\/image\/\",\"url\":\"https:\/\/que-sofas.es\/blog\/wp-content\/uploads\/2023\/08\/logo-que-sofas-200x40px-2.png\",\"contentUrl\":\"https:\/\/que-sofas.es\/blog\/wp-content\/uploads\/2023\/08\/logo-que-sofas-200x40px-2.png\",\"width\":171,\"height\":39,\"caption\":\"Que Sof\u00e1s\"},\"image\":{\"@id\":\"https:\/\/que-sofas.es\/blog\/#\/schema\/logo\/image\/\"},\"sameAs\":[\"https:\/\/www.facebook.com\/quesofasbarato\",\"https:\/\/www.instagram.com\/que_sofas\/\"]},{\"@type\":\"Person\",\"@id\":\"https:\/\/que-sofas.es\/blog\/#\/schema\/person\/70cf32421bda4ee10a724cebf2437836\",\"name\":\"Que Barato\",\"image\":{\"@type\":\"ImageObject\",\"inLanguage\":\"es\",\"@id\":\"https:\/\/que-sofas.es\/blog\/#\/schema\/person\/image\/\",\"url\":\"https:\/\/secure.gravatar.com\/avatar\/2e4417e0f91201ea490393883aae4775?s=96&d=mm&r=g\",\"contentUrl\":\"https:\/\/secure.gravatar.com\/avatar\/2e4417e0f91201ea490393883aae4775?s=96&d=mm&r=g\",\"caption\":\"Que Barato\"}}]}<\/script>\n<!-- \/ Yoast SEO plugin. -->","yoast_head_json":{"title":"Decorar la oficina","description":"Ideas y consejos de como decorar la oficina y hacer m\u00e1s llevadero el d\u00eda a d\u00eda.","robots":{"index":"index","follow":"follow","max-snippet":"max-snippet:-1","max-image-preview":"max-image-preview:large","max-video-preview":"max-video-preview:-1"},"canonical":"https:\/\/que-sofas.es\/blog\/no-importa-cual-sea-tu-profesion-tienes-que-tomarte-un-tiempo-en-decorar-tu-oficina\/","og_locale":"es_ES","og_type":"article","og_title":"Decorar la oficina","og_description":"Ideas y consejos de como decorar la oficina y hacer m\u00e1s llevadero el d\u00eda a d\u00eda.","og_url":"https:\/\/que-sofas.es\/blog\/no-importa-cual-sea-tu-profesion-tienes-que-tomarte-un-tiempo-en-decorar-tu-oficina\/","og_site_name":"Que Sof\u00e1s Blog","article_publisher":"https:\/\/www.facebook.com\/quesofasbarato","article_published_time":"2018-03-13T12:39:26+00:00","og_image":[{"width":700,"height":500,"url":"https:\/\/que-sofas.es\/blog\/wp-content\/uploads\/2018\/03\/Criteria-arquitecthos-oficinas-confort-03.jpg","type":"image\/jpeg"}],"author":"Que Barato","twitter_card":"summary_large_image","twitter_misc":{"Escrito por":"Que Barato","Tiempo de lectura":"3 minutos"},"schema":{"@context":"https:\/\/schema.org","@graph":[{"@type":"Article","@id":"https:\/\/que-sofas.es\/blog\/no-importa-cual-sea-tu-profesion-tienes-que-tomarte-un-tiempo-en-decorar-tu-oficina\/#article","isPartOf":{"@id":"https:\/\/que-sofas.es\/blog\/no-importa-cual-sea-tu-profesion-tienes-que-tomarte-un-tiempo-en-decorar-tu-oficina\/"},"author":{"name":"Que Barato","@id":"https:\/\/que-sofas.es\/blog\/#\/schema\/person\/70cf32421bda4ee10a724cebf2437836"},"headline":"No importa cu\u00e1l sea tu profesi\u00f3n, tienes que tomarte un tiempo en decorar tu oficina.","datePublished":"2018-03-13T12:39:26+00:00","dateModified":"2018-03-13T12:39:26+00:00","mainEntityOfPage":{"@id":"https:\/\/que-sofas.es\/blog\/no-importa-cual-sea-tu-profesion-tienes-que-tomarte-un-tiempo-en-decorar-tu-oficina\/"},"wordCount":524,"commentCount":0,"publisher":{"@id":"https:\/\/que-sofas.es\/blog\/#organization"},"keywords":["Ahorro","cadiz","cajonera","colores","Consejos","decoraci\u00f3n","ergonom\u00eda","estanter\u00eda","ideas","mesa","mueble","muebles","oficina","quebarato","sevilla","trabajo"],"articleSection":["Ideas y consejos"],"inLanguage":"es","potentialAction":[{"@type":"CommentAction","name":"Comment","target":["https:\/\/que-sofas.es\/blog\/no-importa-cual-sea-tu-profesion-tienes-que-tomarte-un-tiempo-en-decorar-tu-oficina\/#respond"]}]},{"@type":"WebPage","@id":"https:\/\/que-sofas.es\/blog\/no-importa-cual-sea-tu-profesion-tienes-que-tomarte-un-tiempo-en-decorar-tu-oficina\/","url":"https:\/\/que-sofas.es\/blog\/no-importa-cual-sea-tu-profesion-tienes-que-tomarte-un-tiempo-en-decorar-tu-oficina\/","name":"Decorar la oficina","isPartOf":{"@id":"https:\/\/que-sofas.es\/blog\/#website"},"datePublished":"2018-03-13T12:39:26+00:00","dateModified":"2018-03-13T12:39:26+00:00","description":"Ideas y consejos de como decorar la oficina y hacer m\u00e1s llevadero el d\u00eda a d\u00eda.","breadcrumb":{"@id":"https:\/\/que-sofas.es\/blog\/no-importa-cual-sea-tu-profesion-tienes-que-tomarte-un-tiempo-en-decorar-tu-oficina\/#breadcrumb"},"inLanguage":"es","potentialAction":[{"@type":"ReadAction","target":["https:\/\/que-sofas.es\/blog\/no-importa-cual-sea-tu-profesion-tienes-que-tomarte-un-tiempo-en-decorar-tu-oficina\/"]}]},{"@type":"BreadcrumbList","@id":"https:\/\/que-sofas.es\/blog\/no-importa-cual-sea-tu-profesion-tienes-que-tomarte-un-tiempo-en-decorar-tu-oficina\/#breadcrumb","itemListElement":[{"@type":"ListItem","position":1,"name":"Portada","item":"https:\/\/que-sofas.es\/blog\/"},{"@type":"ListItem","position":2,"name":"No importa cu\u00e1l sea tu profesi\u00f3n, tienes que tomarte un tiempo en decorar tu oficina."}]},{"@type":"WebSite","@id":"https:\/\/que-sofas.es\/blog\/#website","url":"https:\/\/que-sofas.es\/blog\/","name":"Que Sof\u00e1s Blog","description":"\u00a1El blog de Que Sof\u00e1s!","publisher":{"@id":"https:\/\/que-sofas.es\/blog\/#organization"},"potentialAction":[{"@type":"SearchAction","target":{"@type":"EntryPoint","urlTemplate":"https:\/\/que-sofas.es\/blog\/?s={search_term_string}"},"query-input":"required name=search_term_string"}],"inLanguage":"es"},{"@type":"Organization","@id":"https:\/\/que-sofas.es\/blog\/#organization","name":"Que Sof\u00e1s","url":"https:\/\/que-sofas.es\/blog\/","logo":{"@type":"ImageObject","inLanguage":"es","@id":"https:\/\/que-sofas.es\/blog\/#\/schema\/logo\/image\/","url":"https:\/\/que-sofas.es\/blog\/wp-content\/uploads\/2023\/08\/logo-que-sofas-200x40px-2.png","contentUrl":"https:\/\/que-sofas.es\/blog\/wp-content\/uploads\/2023\/08\/logo-que-sofas-200x40px-2.png","width":171,"height":39,"caption":"Que Sof\u00e1s"},"image":{"@id":"https:\/\/que-sofas.es\/blog\/#\/schema\/logo\/image\/"},"sameAs":["https:\/\/www.facebook.com\/quesofasbarato","https:\/\/www.instagram.com\/que_sofas\/"]},{"@type":"Person","@id":"https:\/\/que-sofas.es\/blog\/#\/schema\/person\/70cf32421bda4ee10a724cebf2437836","name":"Que Barato","image":{"@type":"ImageObject","inLanguage":"es","@id":"https:\/\/que-sofas.es\/blog\/#\/schema\/person\/image\/","url":"https:\/\/secure.gravatar.com\/avatar\/2e4417e0f91201ea490393883aae4775?s=96&d=mm&r=g","contentUrl":"https:\/\/secure.gravatar.com\/avatar\/2e4417e0f91201ea490393883aae4775?s=96&d=mm&r=g","caption":"Que Barato"}}]}},"_links":{"self":[{"href":"https:\/\/que-sofas.es\/blog\/wp-json\/wp\/v2\/posts\/331"}],"collection":[{"href":"https:\/\/que-sofas.es\/blog\/wp-json\/wp\/v2\/posts"}],"about":[{"href":"https:\/\/que-sofas.es\/blog\/wp-json\/wp\/v2\/types\/post"}],"author":[{"embeddable":true,"href":"https:\/\/que-sofas.es\/blog\/wp-json\/wp\/v2\/users\/3"}],"replies":[{"embeddable":true,"href":"https:\/\/que-sofas.es\/blog\/wp-json\/wp\/v2\/comments?post=331"}],"version-history":[{"count":0,"href":"https:\/\/que-sofas.es\/blog\/wp-json\/wp\/v2\/posts\/331\/revisions"}],"wp:featuredmedia":[{"embeddable":true,"href":"https:\/\/que-sofas.es\/blog\/wp-json\/wp\/v2\/media\/334"}],"wp:attachment":[{"href":"https:\/\/que-sofas.es\/blog\/wp-json\/wp\/v2\/media?parent=331"}],"wp:term":[{"taxonomy":"category","embeddable":true,"href":"https:\/\/que-sofas.es\/blog\/wp-json\/wp\/v2\/categories?post=331"},{"taxonomy":"post_tag","embeddable":true,"href":"https:\/\/que-sofas.es\/blog\/wp-json\/wp\/v2\/tags?post=331"}],"curies":[{"name":"wp","href":"https:\/\/api.w.org\/{rel}","templated":true}]}}