{"id":1002,"date":"2020-10-16T06:45:09","date_gmt":"2020-10-16T06:45:09","guid":{"rendered":"https:\/\/que-barato.es\/blog\/?p=1002"},"modified":"2020-11-04T10:20:24","modified_gmt":"2020-11-04T08:20:24","slug":"aplica-estas-ideas-a-tu-recibidor-y-evita-que-el-covi-19-entre-en-casa-bienvenido-a-tu-seguridad","status":"publish","type":"post","link":"https:\/\/que-sofas.es\/blog\/aplica-estas-ideas-a-tu-recibidor-y-evita-que-el-covi-19-entre-en-casa-bienvenido-a-tu-seguridad\/","title":{"rendered":"Aplica estas ideas a tu recibidor y evita que el Covid 19 entre en casa, \u00a1Bienvenido a tu seguridad!"},"content":{"rendered":"\r\n<p class=\"has-drop-cap\">No hace mucho que lleg\u00f3 el Oto\u00f1o y con ello la vuelta al trabajo, al colegio y las rutinas diarias del d\u00eda a d\u00eda. Este a\u00f1o est\u00e1 siendo muy diferente a lo que estamos acostumbrados, debido a la situaci\u00f3n en la que nos encontramos a nivel mundial. <strong>Los efectos de la pandemia han marcado un antes y un despu\u00e9s en nuestro estilo de vida y como consecuencia debemos adaptar nuestras viviendas lo m\u00e1ximo posible.\u00a0 El recibidor de casa, es el primero que dice quien eres, \u00bfsabes como prepararlo para prevenir del covid-19?\u00a0<\/strong><\/p>\r\n\r\n\r\n\r\n<div class=\"wp-block-image\">\r\n<figure class=\"aligncenter size-large\"><img decoding=\"async\" loading=\"lazy\" width=\"918\" height=\"1030\" class=\"wp-image-1003\" src=\"https:\/\/que-barato.es\/blog\/wp-content\/uploads\/2020\/10\/12-918x1030.jpg\" alt=\"\" srcset=\"https:\/\/que-sofas.es\/blog\/wp-content\/uploads\/2020\/10\/12-918x1030.jpg 918w, https:\/\/que-sofas.es\/blog\/wp-content\/uploads\/2020\/10\/12-267x300.jpg 267w, https:\/\/que-sofas.es\/blog\/wp-content\/uploads\/2020\/10\/12-768x861.jpg 768w, https:\/\/que-sofas.es\/blog\/wp-content\/uploads\/2020\/10\/12.jpg 1299w\" sizes=\"(max-width: 918px) 100vw, 918px\" \/><\/figure>\r\n<\/div>\r\n\r\n\r\n\r\n<p>La principal estancia que se ve afectada por todo esto es el recibidor. \u00bfC\u00f3mo adaptarlo a nuestros tiempos? <strong>Os dejamos estas ideas para facilitar la adaptaci\u00f3n de la entrada a casa<\/strong>, \u00bfestas preparado? \u00a1Toma nota!<\/p>\r\n\r\n\r\n\r\n<div class=\"wp-block-group\">\r\n<div class=\"wp-block-group__inner-container is-layout-flow wp-block-group-is-layout-flow\">\r\n<h3 class=\"wp-block-heading\">Lo primero es dejar los zapatos.<\/h3>\r\n\r\n\r\n\r\n<div class=\"wp-block-group\">\r\n<div class=\"wp-block-group__inner-container is-layout-flow wp-block-group-is-layout-flow\">\r\n<p><strong>Ser\u00eda estupendo entrar en casa y disponer de un par de sillas o bancos para que nos resulte mucho m\u00e1s c\u00f3modo descalzarnos.<\/strong> Es muy importante que en \u00e9poca de pandemia, dejemos los zapatos fuera de casa, aunque no todas las viviendas disponen de patio o terraza.<\/p>\r\n\r\n\r\n\r\n<p>Podemos poner <strong>un zapatero en la entrada de casa y as\u00ed la estancia permanecer\u00e1 recogida y no habr\u00e1 nada a la vista. <\/strong><\/p>\r\n<\/div>\r\n<\/div>\r\n<\/div>\r\n<\/div>\r\n\r\n\r\n\r\n<div class=\"wp-block-image\">\r\n<figure class=\"aligncenter size-large\"><img decoding=\"async\" loading=\"lazy\" width=\"1030\" height=\"638\" class=\"wp-image-1004\" src=\"https:\/\/que-barato.es\/blog\/wp-content\/uploads\/2020\/10\/119461658_3852345721448695_6513116528950700208_o-1030x638.jpg\" alt=\"\" srcset=\"https:\/\/que-sofas.es\/blog\/wp-content\/uploads\/2020\/10\/119461658_3852345721448695_6513116528950700208_o-1030x638.jpg 1030w, https:\/\/que-sofas.es\/blog\/wp-content\/uploads\/2020\/10\/119461658_3852345721448695_6513116528950700208_o-300x186.jpg 300w, https:\/\/que-sofas.es\/blog\/wp-content\/uploads\/2020\/10\/119461658_3852345721448695_6513116528950700208_o-768x476.jpg 768w, https:\/\/que-sofas.es\/blog\/wp-content\/uploads\/2020\/10\/119461658_3852345721448695_6513116528950700208_o.jpg 1294w\" sizes=\"(max-width: 1030px) 100vw, 1030px\" \/>\r\n<figcaption><a href=\"https:\/\/que-barato.es\/sillas\/369-silla-einar-.html\" target=\"_blank\" rel=\"noreferrer noopener\">Silla Einar, c\u00f3mprala aqu\u00ed<\/a><\/figcaption>\r\n<\/figure>\r\n<\/div>\r\n\r\n\r\n\r\n<h3 class=\"wp-block-heading\">Llaves, gafas, mascarillas, gel hidroalcoholico&#8230;<\/h3>\r\n\r\n\r\n\r\n<div class=\"wp-block-group\">\r\n<div class=\"wp-block-group__inner-container is-layout-flow wp-block-group-is-layout-flow\">\r\n<div class=\"wp-block-group\">\r\n<div class=\"wp-block-group__inner-container is-layout-flow wp-block-group-is-layout-flow\">\r\n<p>\u00a1\u00a1Uff!! \u00bfCu\u00e1ntos accesorios debemos de coger antes de salir de casa y soltarlos al volver?<\/p>\r\n<\/div>\r\n<\/div>\r\n<\/div>\r\n<\/div>\r\n\r\n\r\n\r\n<div class=\"wp-block-group\">\r\n<div class=\"wp-block-group__inner-container is-layout-flow wp-block-group-is-layout-flow\">\r\n<p>Para poder tenerlos siempre a mano y que no se nos olvide ninguno, <strong>es recomendable colocar bandejas y cestas encima de la consola o zapatero. <\/strong><\/p>\r\n<\/div>\r\n<\/div>\r\n\r\n\r\n\r\n<div class=\"wp-block-image\">\r\n<figure class=\"aligncenter size-large\"><img decoding=\"async\" loading=\"lazy\" width=\"1000\" height=\"666\" class=\"wp-image-1005\" src=\"https:\/\/que-barato.es\/blog\/wp-content\/uploads\/2020\/10\/recibidor-zapatero-ikea.jpg\" alt=\"\" srcset=\"https:\/\/que-sofas.es\/blog\/wp-content\/uploads\/2020\/10\/recibidor-zapatero-ikea.jpg 1000w, https:\/\/que-sofas.es\/blog\/wp-content\/uploads\/2020\/10\/recibidor-zapatero-ikea-300x200.jpg 300w, https:\/\/que-sofas.es\/blog\/wp-content\/uploads\/2020\/10\/recibidor-zapatero-ikea-768x511.jpg 768w\" sizes=\"(max-width: 1000px) 100vw, 1000px\" \/><\/figure>\r\n<\/div>\r\n\r\n\r\n\r\n<h3 class=\"wp-block-heading\">Ropa de abrigo y bolsos bien guardados<\/h3>\r\n\r\n\r\n\r\n<p>Si disponemos de espacio en el recibidor de casa, <strong>ser\u00eda ideal tener un armario para guardar esa ropa propia de la temporada que est\u00e1 a punto de entrar<\/strong>, como son: chaquetas, bufandas, sombreros, paraguas&#8230;Si por el contrario no disponemos de espacio extra para el zapatero, podemos colocar unas baldas en la zona inferior del armario para colocar los zapatos.<\/p>\r\n\r\n\r\n\r\n<p>En el caso de que nuestro recibidor sea muy peque\u00f1o, podemos sustituir el armario por un perchero con varios colgadores.<\/p>\r\n\r\n\r\n\r\n<div class=\"wp-block-image\">\r\n<figure class=\"aligncenter size-large is-resized\"><img decoding=\"async\" loading=\"lazy\" class=\"wp-image-1007\" src=\"https:\/\/que-barato.es\/blog\/wp-content\/uploads\/2020\/10\/4-1030x687.jpg\" alt=\"\" width=\"806\" height=\"538\" srcset=\"https:\/\/que-sofas.es\/blog\/wp-content\/uploads\/2020\/10\/4-1030x687.jpg 1030w, https:\/\/que-sofas.es\/blog\/wp-content\/uploads\/2020\/10\/4-300x200.jpg 300w, https:\/\/que-sofas.es\/blog\/wp-content\/uploads\/2020\/10\/4-768x512.jpg 768w, https:\/\/que-sofas.es\/blog\/wp-content\/uploads\/2020\/10\/4.jpg 1163w\" sizes=\"(max-width: 806px) 100vw, 806px\" \/><\/figure>\r\n<\/div>\r\n\r\n\r\n\r\n<p>Tambi\u00e9n, para sacarle el m\u00e1ximo almacenamiento y aprovechar cualquier rinc\u00f3n de casa, el colocar un <a href=\"https:\/\/que-barato.es\/6-canapes-baratos\" target=\"_blank\" rel=\"noreferrer noopener\">canap\u00e9 abatible<\/a> como base del <a href=\"https:\/\/que-barato.es\/4-colchones-baratos\" target=\"_blank\" rel=\"noreferrer noopener\">colch\u00f3n<\/a> en la <a href=\"https:\/\/que-barato.es\/3-descanso\" target=\"_blank\" rel=\"noreferrer noopener\">cama<\/a>, es un acierto. Compra fundas de tela o cajas para almacenar la ropa, de esta manera se mantendr\u00e1 limpio, bien cuidado y aprovecharas al m\u00e1ximo este espacio de almacenamiento extra.<\/p>\r\n\r\n\r\n\r\n<div class=\"wp-block-image\">\r\n<figure class=\"aligncenter size-large\"><img decoding=\"async\" loading=\"lazy\" width=\"610\" height=\"300\" class=\"wp-image-1008\" src=\"https:\/\/que-barato.es\/blog\/wp-content\/uploads\/2020\/10\/canape-610x300-1.jpg\" alt=\"\" srcset=\"https:\/\/que-sofas.es\/blog\/wp-content\/uploads\/2020\/10\/canape-610x300-1.jpg 610w, https:\/\/que-sofas.es\/blog\/wp-content\/uploads\/2020\/10\/canape-610x300-1-300x148.jpg 300w\" sizes=\"(max-width: 610px) 100vw, 610px\" \/>\r\n<figcaption><a href=\"https:\/\/que-barato.es\/6-canapes-baratos\" target=\"_blank\" rel=\"noreferrer noopener\">Compra canap\u00e9 abatible aqu\u00ed<\/a><\/figcaption>\r\n<\/figure>\r\n<\/div>\r\n\r\n\r\n\r\n<p>Hay un mill\u00f3n de ideas para mejorar esta estancia cuyo \u00fanico l\u00edmite es la creatividad de cada uno. Algunos ejemplos son: Adaptar un colgador de llaves para las mascarillas, un dispensador de jab\u00f3n para el gel hidroalcolico&#8230;<\/p>\r\n\r\n\r\n\r\n<p><strong>Tenemos que cuidar muy bien estos detalles y cuidar nuestra salud y seguridad, siempre intentado mejorar las zonas de la casa <\/strong>que est\u00e9n en un contacto m\u00e1s directo con la entrada y salida de la vivienda. El motivo principal es que en esos lugares es donde se produce la mayor tasa de transmisi\u00f3n de este virus.<\/p>\r\n\r\n\r\n\r\n<blockquote class=\"wp-block-quote has-text-align-center is-style-large\">\r\n<p><span class=\"has-inline-color has-col-711874-color\">\u00abConvierte tu muro en un pelda\u00f1o\u00bb<\/span><\/p>\r\n<cite>Rainer Maria Rilke<br \/><\/cite><\/blockquote>\r\n\r\n\r\n\r\n<p class=\"has-text-align-center\">Visita nuestra tienda online las 24h\u00a0<a href=\"https:\/\/que-barato.es\/\" target=\"_blank\" rel=\"noreferrer noopener\">en www.que-barato.es<\/a><\/p>\r\n\r\n\r\n\r\n<p class=\"has-text-align-center\">Nuestras redes sociales, \u00a1\u00a1S\u00edguenos!!<\/p>\r\n\r\n\r\n\r\n<p class=\"has-text-align-center\"><a href=\"https:\/\/www.facebook.com\/quebaratomueblesconcorazon\/\" target=\"_blank\" rel=\"noreferrer noopener\">Facebook<\/a><\/p>\r\n\r\n\r\n\r\n<p class=\"has-text-align-center\"><a href=\"https:\/\/www.instagram.com\/quebaratomuebles\" target=\"_blank\" rel=\"noreferrer noopener\">Instagram<\/a><\/p>\r\n\r\n\r\n\r\n<p class=\"has-text-align-center\"><a href=\"https:\/\/twitter.com\/Quebaratomueble\" target=\"_blank\" rel=\"noreferrer noopener\">Twitter<\/a><\/p>\r\n\r\n\r\n\r\n<p class=\"has-text-align-center\"><a href=\"https:\/\/www.pinterest.ca\/quebaratomueble\/\" target=\"_blank\" rel=\"noreferrer noopener\">Pinterest<\/a><\/p>\r\n\r\n<p>&nbsp;<\/p>","protected":false},"excerpt":{"rendered":"<p>No hace mucho que lleg\u00f3 el Oto\u00f1o y con ello la vuelta al trabajo, al colegio y las rutinas diarias del d\u00eda a d\u00eda. Este a\u00f1o est\u00e1 siendo muy diferente a lo que estamos acostumbrados, debido a la situaci\u00f3n en la que nos encontramos a nivel mundial. Los efectos de la pandemia han marcado un [&hellip;]<\/p>\n","protected":false},"author":3,"featured_media":1005,"comment_status":"open","ping_status":"open","sticky":false,"template":"","format":"standard","meta":{"footnotes":""},"categories":[39],"tags":[81,85,87,95,108,169,171,206,224,225,229,259],"yoast_head":"<!-- This site is optimized with the Yoast SEO plugin v21.2 - https:\/\/yoast.com\/wordpress\/plugins\/seo\/ -->\n<title>Aplica estas ideas a tu recibidor y evita que el Covid 19 entre en casa, \u00a1Bienvenido a tu seguridad! | Qu\u00e9 Barato Blog<\/title>\n<meta name=\"description\" content=\"El recibidor de casa, es el primero en decir quien eres. Pero \u00bfsabes como prepararlo para prevenir del Covid-19?\" \/>\n<meta name=\"robots\" content=\"index, follow, max-snippet:-1, max-image-preview:large, max-video-preview:-1\" \/>\n<link rel=\"canonical\" href=\"https:\/\/que-sofas.es\/blog\/aplica-estas-ideas-a-tu-recibidor-y-evita-que-el-covi-19-entre-en-casa-bienvenido-a-tu-seguridad\/\" \/>\n<meta property=\"og:locale\" content=\"es_ES\" \/>\n<meta property=\"og:type\" content=\"article\" \/>\n<meta property=\"og:title\" content=\"Aplica estas ideas a tu recibidor y evita que el Covid 19 entre en casa, \u00a1Bienvenido a tu seguridad! | Qu\u00e9 Barato Blog\" \/>\n<meta property=\"og:description\" content=\"El recibidor de casa, es el primero en decir quien eres. Pero \u00bfsabes como prepararlo para prevenir del Covid-19?\" \/>\n<meta property=\"og:url\" content=\"https:\/\/que-sofas.es\/blog\/aplica-estas-ideas-a-tu-recibidor-y-evita-que-el-covi-19-entre-en-casa-bienvenido-a-tu-seguridad\/\" \/>\n<meta property=\"og:site_name\" content=\"Que Sof\u00e1s Blog\" \/>\n<meta property=\"article:publisher\" content=\"https:\/\/www.facebook.com\/quesofasbarato\" \/>\n<meta property=\"article:published_time\" content=\"2020-10-16T06:45:09+00:00\" \/>\n<meta property=\"article:modified_time\" content=\"2020-11-04T08:20:24+00:00\" \/>\n<meta property=\"og:image\" content=\"https:\/\/que-sofas.es\/blog\/wp-content\/uploads\/2020\/10\/recibidor-zapatero-ikea.jpg\" \/>\n\t<meta property=\"og:image:width\" content=\"1000\" \/>\n\t<meta property=\"og:image:height\" content=\"666\" \/>\n\t<meta property=\"og:image:type\" content=\"image\/jpeg\" \/>\n<meta name=\"author\" content=\"Que Barato\" \/>\n<meta name=\"twitter:card\" content=\"summary_large_image\" \/>\n<meta name=\"twitter:label1\" content=\"Escrito por\" \/>\n\t<meta name=\"twitter:data1\" content=\"Que Barato\" \/>\n\t<meta name=\"twitter:label2\" content=\"Tiempo de lectura\" \/>\n\t<meta name=\"twitter:data2\" content=\"3 minutos\" \/>\n<script type=\"application\/ld+json\" class=\"yoast-schema-graph\">{\"@context\":\"https:\/\/schema.org\",\"@graph\":[{\"@type\":\"Article\",\"@id\":\"https:\/\/que-sofas.es\/blog\/aplica-estas-ideas-a-tu-recibidor-y-evita-que-el-covi-19-entre-en-casa-bienvenido-a-tu-seguridad\/#article\",\"isPartOf\":{\"@id\":\"https:\/\/que-sofas.es\/blog\/aplica-estas-ideas-a-tu-recibidor-y-evita-que-el-covi-19-entre-en-casa-bienvenido-a-tu-seguridad\/\"},\"author\":{\"name\":\"Que Barato\",\"@id\":\"https:\/\/que-sofas.es\/blog\/#\/schema\/person\/70cf32421bda4ee10a724cebf2437836\"},\"headline\":\"Aplica estas ideas a tu recibidor y evita que el Covid 19 entre en casa, \u00a1Bienvenido a tu seguridad!\",\"datePublished\":\"2020-10-16T06:45:09+00:00\",\"dateModified\":\"2020-11-04T08:20:24+00:00\",\"mainEntityOfPage\":{\"@id\":\"https:\/\/que-sofas.es\/blog\/aplica-estas-ideas-a-tu-recibidor-y-evita-que-el-covi-19-entre-en-casa-bienvenido-a-tu-seguridad\/\"},\"wordCount\":563,\"commentCount\":0,\"publisher\":{\"@id\":\"https:\/\/que-sofas.es\/blog\/#organization\"},\"keywords\":[\"cama\",\"canap\u00e9\",\"casa\",\"colch\u00f3n\",\"covid\",\"mascarilla\",\"mesa\",\"recibidor\",\"sillas\",\"sillon\",\"sof\u00e1\",\"vivienda\"],\"articleSection\":[\"Ideas y consejos\"],\"inLanguage\":\"es\",\"potentialAction\":[{\"@type\":\"CommentAction\",\"name\":\"Comment\",\"target\":[\"https:\/\/que-sofas.es\/blog\/aplica-estas-ideas-a-tu-recibidor-y-evita-que-el-covi-19-entre-en-casa-bienvenido-a-tu-seguridad\/#respond\"]}]},{\"@type\":\"WebPage\",\"@id\":\"https:\/\/que-sofas.es\/blog\/aplica-estas-ideas-a-tu-recibidor-y-evita-que-el-covi-19-entre-en-casa-bienvenido-a-tu-seguridad\/\",\"url\":\"https:\/\/que-sofas.es\/blog\/aplica-estas-ideas-a-tu-recibidor-y-evita-que-el-covi-19-entre-en-casa-bienvenido-a-tu-seguridad\/\",\"name\":\"Aplica estas ideas a tu recibidor y evita que el Covid 19 entre en casa, \u00a1Bienvenido a tu seguridad! | Qu\u00e9 Barato Blog\",\"isPartOf\":{\"@id\":\"https:\/\/que-sofas.es\/blog\/#website\"},\"datePublished\":\"2020-10-16T06:45:09+00:00\",\"dateModified\":\"2020-11-04T08:20:24+00:00\",\"description\":\"El recibidor de casa, es el primero en decir quien eres. Pero \u00bfsabes como prepararlo para prevenir del Covid-19?\",\"breadcrumb\":{\"@id\":\"https:\/\/que-sofas.es\/blog\/aplica-estas-ideas-a-tu-recibidor-y-evita-que-el-covi-19-entre-en-casa-bienvenido-a-tu-seguridad\/#breadcrumb\"},\"inLanguage\":\"es\",\"potentialAction\":[{\"@type\":\"ReadAction\",\"target\":[\"https:\/\/que-sofas.es\/blog\/aplica-estas-ideas-a-tu-recibidor-y-evita-que-el-covi-19-entre-en-casa-bienvenido-a-tu-seguridad\/\"]}]},{\"@type\":\"BreadcrumbList\",\"@id\":\"https:\/\/que-sofas.es\/blog\/aplica-estas-ideas-a-tu-recibidor-y-evita-que-el-covi-19-entre-en-casa-bienvenido-a-tu-seguridad\/#breadcrumb\",\"itemListElement\":[{\"@type\":\"ListItem\",\"position\":1,\"name\":\"Portada\",\"item\":\"https:\/\/que-sofas.es\/blog\/\"},{\"@type\":\"ListItem\",\"position\":2,\"name\":\"Aplica estas ideas a tu recibidor y evita que el Covid 19 entre en casa, \u00a1Bienvenido a tu seguridad!\"}]},{\"@type\":\"WebSite\",\"@id\":\"https:\/\/que-sofas.es\/blog\/#website\",\"url\":\"https:\/\/que-sofas.es\/blog\/\",\"name\":\"Que Sof\u00e1s Blog\",\"description\":\"\u00a1El blog de Que Sof\u00e1s!\",\"publisher\":{\"@id\":\"https:\/\/que-sofas.es\/blog\/#organization\"},\"potentialAction\":[{\"@type\":\"SearchAction\",\"target\":{\"@type\":\"EntryPoint\",\"urlTemplate\":\"https:\/\/que-sofas.es\/blog\/?s={search_term_string}\"},\"query-input\":\"required name=search_term_string\"}],\"inLanguage\":\"es\"},{\"@type\":\"Organization\",\"@id\":\"https:\/\/que-sofas.es\/blog\/#organization\",\"name\":\"Que Sof\u00e1s\",\"url\":\"https:\/\/que-sofas.es\/blog\/\",\"logo\":{\"@type\":\"ImageObject\",\"inLanguage\":\"es\",\"@id\":\"https:\/\/que-sofas.es\/blog\/#\/schema\/logo\/image\/\",\"url\":\"https:\/\/que-sofas.es\/blog\/wp-content\/uploads\/2023\/08\/logo-que-sofas-200x40px-2.png\",\"contentUrl\":\"https:\/\/que-sofas.es\/blog\/wp-content\/uploads\/2023\/08\/logo-que-sofas-200x40px-2.png\",\"width\":171,\"height\":39,\"caption\":\"Que Sof\u00e1s\"},\"image\":{\"@id\":\"https:\/\/que-sofas.es\/blog\/#\/schema\/logo\/image\/\"},\"sameAs\":[\"https:\/\/www.facebook.com\/quesofasbarato\",\"https:\/\/www.instagram.com\/que_sofas\/\"]},{\"@type\":\"Person\",\"@id\":\"https:\/\/que-sofas.es\/blog\/#\/schema\/person\/70cf32421bda4ee10a724cebf2437836\",\"name\":\"Que Barato\",\"image\":{\"@type\":\"ImageObject\",\"inLanguage\":\"es\",\"@id\":\"https:\/\/que-sofas.es\/blog\/#\/schema\/person\/image\/\",\"url\":\"https:\/\/secure.gravatar.com\/avatar\/2e4417e0f91201ea490393883aae4775?s=96&d=mm&r=g\",\"contentUrl\":\"https:\/\/secure.gravatar.com\/avatar\/2e4417e0f91201ea490393883aae4775?s=96&d=mm&r=g\",\"caption\":\"Que Barato\"}}]}<\/script>\n<!-- \/ Yoast SEO plugin. -->","yoast_head_json":{"title":"Aplica estas ideas a tu recibidor y evita que el Covid 19 entre en casa, \u00a1Bienvenido a tu seguridad! | Qu\u00e9 Barato Blog","description":"El recibidor de casa, es el primero en decir quien eres. Pero \u00bfsabes como prepararlo para prevenir del Covid-19?","robots":{"index":"index","follow":"follow","max-snippet":"max-snippet:-1","max-image-preview":"max-image-preview:large","max-video-preview":"max-video-preview:-1"},"canonical":"https:\/\/que-sofas.es\/blog\/aplica-estas-ideas-a-tu-recibidor-y-evita-que-el-covi-19-entre-en-casa-bienvenido-a-tu-seguridad\/","og_locale":"es_ES","og_type":"article","og_title":"Aplica estas ideas a tu recibidor y evita que el Covid 19 entre en casa, \u00a1Bienvenido a tu seguridad! | Qu\u00e9 Barato Blog","og_description":"El recibidor de casa, es el primero en decir quien eres. Pero \u00bfsabes como prepararlo para prevenir del Covid-19?","og_url":"https:\/\/que-sofas.es\/blog\/aplica-estas-ideas-a-tu-recibidor-y-evita-que-el-covi-19-entre-en-casa-bienvenido-a-tu-seguridad\/","og_site_name":"Que Sof\u00e1s Blog","article_publisher":"https:\/\/www.facebook.com\/quesofasbarato","article_published_time":"2020-10-16T06:45:09+00:00","article_modified_time":"2020-11-04T08:20:24+00:00","og_image":[{"width":1000,"height":666,"url":"https:\/\/que-sofas.es\/blog\/wp-content\/uploads\/2020\/10\/recibidor-zapatero-ikea.jpg","type":"image\/jpeg"}],"author":"Que Barato","twitter_card":"summary_large_image","twitter_misc":{"Escrito por":"Que Barato","Tiempo de lectura":"3 minutos"},"schema":{"@context":"https:\/\/schema.org","@graph":[{"@type":"Article","@id":"https:\/\/que-sofas.es\/blog\/aplica-estas-ideas-a-tu-recibidor-y-evita-que-el-covi-19-entre-en-casa-bienvenido-a-tu-seguridad\/#article","isPartOf":{"@id":"https:\/\/que-sofas.es\/blog\/aplica-estas-ideas-a-tu-recibidor-y-evita-que-el-covi-19-entre-en-casa-bienvenido-a-tu-seguridad\/"},"author":{"name":"Que Barato","@id":"https:\/\/que-sofas.es\/blog\/#\/schema\/person\/70cf32421bda4ee10a724cebf2437836"},"headline":"Aplica estas ideas a tu recibidor y evita que el Covid 19 entre en casa, \u00a1Bienvenido a tu seguridad!","datePublished":"2020-10-16T06:45:09+00:00","dateModified":"2020-11-04T08:20:24+00:00","mainEntityOfPage":{"@id":"https:\/\/que-sofas.es\/blog\/aplica-estas-ideas-a-tu-recibidor-y-evita-que-el-covi-19-entre-en-casa-bienvenido-a-tu-seguridad\/"},"wordCount":563,"commentCount":0,"publisher":{"@id":"https:\/\/que-sofas.es\/blog\/#organization"},"keywords":["cama","canap\u00e9","casa","colch\u00f3n","covid","mascarilla","mesa","recibidor","sillas","sillon","sof\u00e1","vivienda"],"articleSection":["Ideas y consejos"],"inLanguage":"es","potentialAction":[{"@type":"CommentAction","name":"Comment","target":["https:\/\/que-sofas.es\/blog\/aplica-estas-ideas-a-tu-recibidor-y-evita-que-el-covi-19-entre-en-casa-bienvenido-a-tu-seguridad\/#respond"]}]},{"@type":"WebPage","@id":"https:\/\/que-sofas.es\/blog\/aplica-estas-ideas-a-tu-recibidor-y-evita-que-el-covi-19-entre-en-casa-bienvenido-a-tu-seguridad\/","url":"https:\/\/que-sofas.es\/blog\/aplica-estas-ideas-a-tu-recibidor-y-evita-que-el-covi-19-entre-en-casa-bienvenido-a-tu-seguridad\/","name":"Aplica estas ideas a tu recibidor y evita que el Covid 19 entre en casa, \u00a1Bienvenido a tu seguridad! | Qu\u00e9 Barato Blog","isPartOf":{"@id":"https:\/\/que-sofas.es\/blog\/#website"},"datePublished":"2020-10-16T06:45:09+00:00","dateModified":"2020-11-04T08:20:24+00:00","description":"El recibidor de casa, es el primero en decir quien eres. Pero \u00bfsabes como prepararlo para prevenir del Covid-19?","breadcrumb":{"@id":"https:\/\/que-sofas.es\/blog\/aplica-estas-ideas-a-tu-recibidor-y-evita-que-el-covi-19-entre-en-casa-bienvenido-a-tu-seguridad\/#breadcrumb"},"inLanguage":"es","potentialAction":[{"@type":"ReadAction","target":["https:\/\/que-sofas.es\/blog\/aplica-estas-ideas-a-tu-recibidor-y-evita-que-el-covi-19-entre-en-casa-bienvenido-a-tu-seguridad\/"]}]},{"@type":"BreadcrumbList","@id":"https:\/\/que-sofas.es\/blog\/aplica-estas-ideas-a-tu-recibidor-y-evita-que-el-covi-19-entre-en-casa-bienvenido-a-tu-seguridad\/#breadcrumb","itemListElement":[{"@type":"ListItem","position":1,"name":"Portada","item":"https:\/\/que-sofas.es\/blog\/"},{"@type":"ListItem","position":2,"name":"Aplica estas ideas a tu recibidor y evita que el Covid 19 entre en casa, \u00a1Bienvenido a tu seguridad!"}]},{"@type":"WebSite","@id":"https:\/\/que-sofas.es\/blog\/#website","url":"https:\/\/que-sofas.es\/blog\/","name":"Que Sof\u00e1s Blog","description":"\u00a1El blog de Que Sof\u00e1s!","publisher":{"@id":"https:\/\/que-sofas.es\/blog\/#organization"},"potentialAction":[{"@type":"SearchAction","target":{"@type":"EntryPoint","urlTemplate":"https:\/\/que-sofas.es\/blog\/?s={search_term_string}"},"query-input":"required name=search_term_string"}],"inLanguage":"es"},{"@type":"Organization","@id":"https:\/\/que-sofas.es\/blog\/#organization","name":"Que Sof\u00e1s","url":"https:\/\/que-sofas.es\/blog\/","logo":{"@type":"ImageObject","inLanguage":"es","@id":"https:\/\/que-sofas.es\/blog\/#\/schema\/logo\/image\/","url":"https:\/\/que-sofas.es\/blog\/wp-content\/uploads\/2023\/08\/logo-que-sofas-200x40px-2.png","contentUrl":"https:\/\/que-sofas.es\/blog\/wp-content\/uploads\/2023\/08\/logo-que-sofas-200x40px-2.png","width":171,"height":39,"caption":"Que Sof\u00e1s"},"image":{"@id":"https:\/\/que-sofas.es\/blog\/#\/schema\/logo\/image\/"},"sameAs":["https:\/\/www.facebook.com\/quesofasbarato","https:\/\/www.instagram.com\/que_sofas\/"]},{"@type":"Person","@id":"https:\/\/que-sofas.es\/blog\/#\/schema\/person\/70cf32421bda4ee10a724cebf2437836","name":"Que Barato","image":{"@type":"ImageObject","inLanguage":"es","@id":"https:\/\/que-sofas.es\/blog\/#\/schema\/person\/image\/","url":"https:\/\/secure.gravatar.com\/avatar\/2e4417e0f91201ea490393883aae4775?s=96&d=mm&r=g","contentUrl":"https:\/\/secure.gravatar.com\/avatar\/2e4417e0f91201ea490393883aae4775?s=96&d=mm&r=g","caption":"Que Barato"}}]}},"_links":{"self":[{"href":"https:\/\/que-sofas.es\/blog\/wp-json\/wp\/v2\/posts\/1002"}],"collection":[{"href":"https:\/\/que-sofas.es\/blog\/wp-json\/wp\/v2\/posts"}],"about":[{"href":"https:\/\/que-sofas.es\/blog\/wp-json\/wp\/v2\/types\/post"}],"author":[{"embeddable":true,"href":"https:\/\/que-sofas.es\/blog\/wp-json\/wp\/v2\/users\/3"}],"replies":[{"embeddable":true,"href":"https:\/\/que-sofas.es\/blog\/wp-json\/wp\/v2\/comments?post=1002"}],"version-history":[{"count":5,"href":"https:\/\/que-sofas.es\/blog\/wp-json\/wp\/v2\/posts\/1002\/revisions"}],"predecessor-version":[{"id":3459,"href":"https:\/\/que-sofas.es\/blog\/wp-json\/wp\/v2\/posts\/1002\/revisions\/3459"}],"wp:featuredmedia":[{"embeddable":true,"href":"https:\/\/que-sofas.es\/blog\/wp-json\/wp\/v2\/media\/1005"}],"wp:attachment":[{"href":"https:\/\/que-sofas.es\/blog\/wp-json\/wp\/v2\/media?parent=1002"}],"wp:term":[{"taxonomy":"category","embeddable":true,"href":"https:\/\/que-sofas.es\/blog\/wp-json\/wp\/v2\/categories?post=1002"},{"taxonomy":"post_tag","embeddable":true,"href":"https:\/\/que-sofas.es\/blog\/wp-json\/wp\/v2\/tags?post=1002"}],"curies":[{"name":"wp","href":"https:\/\/api.w.org\/{rel}","templated":true}]}}